{"id":597,"date":"2019-03-22T12:11:23","date_gmt":"2019-03-22T11:11:23","guid":{"rendered":"https:\/\/www.ariasassessors.com\/?p=597"},"modified":"2019-03-22T12:11:23","modified_gmt":"2019-03-22T11:11:23","slug":"registrar-lhorari-laboral","status":"publish","type":"post","link":"https:\/\/www.ariasassessors.com\/ca\/registrar-lhorari-laboral\/","title":{"rendered":"Les empreses hauran de registrar l&#8217;horari laboral dels treballadors"},"content":{"rendered":"<div>\n<div class=\"m_-5750218769178870489WordSection1\">\n<div>El Govern ha aprovat un Decret Llei que t\u00e9 com a principal objectiu <strong>registrar l\u2019horari d\u2019entrada i sortida de TOTS els treballadors d\u2019una empresa<\/strong>, tant els que ja ho venien fent en jornades parcials, com ara tamb\u00e9 tots aquells que estan contractats a jornada complerta. En menys de dos mesos, i tenint com a data l\u00edmit la del 12 de Maig de 2019, les organitzacions hauran d\u2019establir un registre horari de les hores treballades pels seus empleats, b\u00e9 sigui mitjan\u00e7ant teconologia digital o b\u00e9 amb registres manuals \/ inform\u00e0tics (Excel, etc.)<u><\/u><u><\/u><\/div>\n<div><u><\/u>\u00a0<u><\/u><\/div>\n<div>Alguns aspectes importants a tenir en compte de la <strong>nova normativa<\/strong>:<u><\/u><u><\/u><\/div>\n<div><u><\/u>\u00a0<u><\/u><\/div>\n<ul>\n<li>La companyia ha de <strong>registrar la jornada<\/strong> de tots els treballadors. Aquest registre haur\u00e0 de ser diari i ha d\u2019incloure l\u2019horari d\u2019entrada i sortida, sense afectar a la flexibilitat hor\u00e0ria.<u><\/u><u><\/u><\/li>\n<li>Totes les persones de l\u2019organitzaci\u00f3 han de con\u00e8ixer la duraci\u00f3 i distribuci\u00f3 de la seva jornada laboral i del seu horari de treball.<u><\/u><u><\/u><\/li>\n<li>La jornada por ser flexible per ajustarse a l\u2019activitat de l\u2019empresa (haur\u00e0 d\u2019estar recollit en conveni o acordat amb els representants dels treballadors).<u><\/u><u><\/u><\/li>\n<li>Els treballadors tamb\u00e9 han de registrar el <strong>temps de descans<\/strong>.<u><\/u><u><\/u><\/li>\n<li>L\u2019organitzaci\u00f3 ha de conservar els registre durant quatre anys. A m\u00e9s, aquests registres han d\u2019estar a disposici\u00f3 dels treballadors, dels sindicats, de la Inspecci\u00f3 de treball i de la Seguretat Social.<u><\/u><u><\/u><\/li>\n<li>El Govern modifica el text de la Llei de Infraccions i Sancions en l\u2019Ordre Social (LISOS). Aquesta modificaci\u00f3 fa que a partir d\u2019ara es cataloguin tamb\u00e9 els incompliments relatius al registre de la jornada com infraccions en l\u2019Ordre Social. Aquestes infraccions suposen multes de 625 \u20ac a 6.250 \u20ac per a les empreses.<u><\/u><u><\/u><\/li>\n<li>Es considera com a infracci\u00f3 greu el no respectar els registres leg\u00edtims de la jornada laboral del treballador.<u><\/u><u><\/u><\/li>\n<li>Necessitat d\u2019implementar mecanismes telem\u00e0tics per a determinats sectors en els quals hi ha especial dificultat en el registre horari, amb activitats com la de comercial o transportistes. En el cas concret del transport, ser\u00e0 necess\u00e0ria la pres\u00e8ncia del TACOGRAF DIGITAL pel registre horari de les treballadors m\u00f2vils.<u><\/u><u><\/u><\/li>\n<\/ul>\n<div><\/div>\n<div><\/div>\n<div><u><\/u>En breu publicarem un article en refer\u00e8ncia a la problem\u00e1tica del registre en el cas d\u2019aquests TREBALLADORS M\u00d2VILS, entenent com a tals a qualsevol treballador, per compte ali\u00e8 o propi, que formi part del personal que es despla\u00e7a, que estigui al servei d\u2019una empresa o efectui serveis de transport de viatgers o mercaderies per carretera. S\u00f3n treballadors m\u00f2vils en el transport per carretera els conductors, ajudants, col.laboradors i resta de personal auxiliar de viatge en el vehicle que realitza treballs en relaci\u00f3 amb el mateix, el seu passatge o c\u00e0rrega, tant en les empreses de transport per carretera (viatges o mercaderies) com en altres sectors que realitzin activitats de transport.<span class=\"m_-5750218769178870489Apple-converted-space\">\u00a0<\/span><\/div>\n<\/div>\n<\/div>\n","protected":false},"excerpt":{"rendered":"<p>El Govern ha aprovat un Decret Llei que t\u00e9 com a principal objectiu registrar l\u2019horari d\u2019entrada i sortida de TOTS els treballadors d\u2019una empresa, tant els que ja ho venien fent en jornades parcials, com ara tamb\u00e9 tots aquells que estan contractats a jornada complerta&#8230;.<\/p>\n","protected":false},"author":2,"featured_media":595,"comment_status":"open","ping_status":"open","sticky":false,"template":"","format":"standard","meta":{"footnotes":""},"categories":[4],"tags":[217,204],"class_list":["post-597","post","type-post","status-publish","format-standard","has-post-thumbnail","hentry","category-noticies","tag-govern","tag-reglamentacio"],"yoast_head":"<!-- This site is optimized with the Yoast SEO plugin v24.3 - https:\/\/yoast.com\/wordpress\/plugins\/seo\/ -->\n<title>Les empreses hauran de registrar l&#039;horari laboral dels treballadors |<\/title>\n<meta name=\"description\" content=\"El Govern ha aprovat un Decret Llei que t\u00e9 com a principal objectiu registrar l\u2019horari laboral de TOTS els treballadors d\u2019una empresa\" \/>\n<meta name=\"robots\" content=\"index, follow, max-snippet:-1, max-image-preview:large, max-video-preview:-1\" \/>\n<link rel=\"canonical\" href=\"https:\/\/www.ariasassessors.com\/ca\/registrar-lhorari-laboral\/\" \/>\n<meta property=\"og:locale\" content=\"ca_ES\" \/>\n<meta property=\"og:type\" content=\"article\" \/>\n<meta property=\"og:title\" content=\"Les empreses hauran de registrar l&#039;horari laboral dels treballadors |\" \/>\n<meta property=\"og:description\" content=\"El Govern ha aprovat un Decret Llei que t\u00e9 com a principal objectiu registrar l\u2019horari laboral de TOTS els treballadors d\u2019una empresa\" \/>\n<meta property=\"og:url\" content=\"https:\/\/www.ariasassessors.com\/ca\/registrar-lhorari-laboral\/\" \/>\n<meta property=\"og:site_name\" content=\"Arias Assessors\" \/>\n<meta property=\"article:publisher\" content=\"https:\/\/www.facebook.com\/ariasassessors\/\" \/>\n<meta property=\"article:published_time\" content=\"2019-03-22T11:11:23+00:00\" \/>\n<meta property=\"og:image\" content=\"https:\/\/www.ariasassessors.com\/wp-content\/uploads\/2019\/03\/registro-horario.png\" \/>\n\t<meta property=\"og:image:width\" content=\"1200\" \/>\n\t<meta property=\"og:image:height\" content=\"500\" \/>\n\t<meta property=\"og:image:type\" content=\"image\/png\" \/>\n<meta name=\"author\" content=\"btorras\" \/>\n<meta name=\"twitter:card\" content=\"summary_large_image\" \/>\n<meta name=\"twitter:creator\" content=\"@ariasassessors\" \/>\n<meta name=\"twitter:site\" content=\"@ariasassessors\" \/>\n<meta name=\"twitter:label1\" content=\"Escrit per\" \/>\n\t<meta name=\"twitter:data1\" content=\"btorras\" \/>\n\t<meta name=\"twitter:label2\" content=\"Temps estimat de lectura\" \/>\n\t<meta name=\"twitter:data2\" content=\"2 minuts\" \/>\n<script type=\"application\/ld+json\" class=\"yoast-schema-graph\">{\"@context\":\"https:\/\/schema.org\",\"@graph\":[{\"@type\":\"Article\",\"@id\":\"https:\/\/www.ariasassessors.com\/ca\/registrar-lhorari-laboral\/#article\",\"isPartOf\":{\"@id\":\"https:\/\/www.ariasassessors.com\/ca\/registrar-lhorari-laboral\/\"},\"author\":{\"name\":\"btorras\",\"@id\":\"https:\/\/www.ariasassessors.com\/#\/schema\/person\/63c6ad1775f0a9413c37932562673cef\"},\"headline\":\"Les empreses hauran de registrar l&#8217;horari laboral dels treballadors\",\"datePublished\":\"2019-03-22T11:11:23+00:00\",\"dateModified\":\"2019-03-22T11:11:23+00:00\",\"mainEntityOfPage\":{\"@id\":\"https:\/\/www.ariasassessors.com\/ca\/registrar-lhorari-laboral\/\"},\"wordCount\":487,\"commentCount\":0,\"publisher\":{\"@id\":\"https:\/\/www.ariasassessors.com\/#organization\"},\"image\":{\"@id\":\"https:\/\/www.ariasassessors.com\/ca\/registrar-lhorari-laboral\/#primaryimage\"},\"thumbnailUrl\":\"https:\/\/www.ariasassessors.com\/wp-content\/uploads\/2019\/03\/registro-horario.png\",\"keywords\":[\"govern\",\"reglamentaci\u00f3\"],\"articleSection\":[\"noticies\"],\"inLanguage\":\"ca\",\"potentialAction\":[{\"@type\":\"CommentAction\",\"name\":\"Comment\",\"target\":[\"https:\/\/www.ariasassessors.com\/ca\/registrar-lhorari-laboral\/#respond\"]}]},{\"@type\":\"WebPage\",\"@id\":\"https:\/\/www.ariasassessors.com\/ca\/registrar-lhorari-laboral\/\",\"url\":\"https:\/\/www.ariasassessors.com\/ca\/registrar-lhorari-laboral\/\",\"name\":\"Les empreses hauran de registrar l'horari laboral dels treballadors |\",\"isPartOf\":{\"@id\":\"https:\/\/www.ariasassessors.com\/#website\"},\"primaryImageOfPage\":{\"@id\":\"https:\/\/www.ariasassessors.com\/ca\/registrar-lhorari-laboral\/#primaryimage\"},\"image\":{\"@id\":\"https:\/\/www.ariasassessors.com\/ca\/registrar-lhorari-laboral\/#primaryimage\"},\"thumbnailUrl\":\"https:\/\/www.ariasassessors.com\/wp-content\/uploads\/2019\/03\/registro-horario.png\",\"datePublished\":\"2019-03-22T11:11:23+00:00\",\"dateModified\":\"2019-03-22T11:11:23+00:00\",\"description\":\"El Govern ha aprovat un Decret Llei que t\u00e9 com a principal objectiu registrar l\u2019horari laboral de TOTS els treballadors d\u2019una empresa\",\"breadcrumb\":{\"@id\":\"https:\/\/www.ariasassessors.com\/ca\/registrar-lhorari-laboral\/#breadcrumb\"},\"inLanguage\":\"ca\",\"potentialAction\":[{\"@type\":\"ReadAction\",\"target\":[\"https:\/\/www.ariasassessors.com\/ca\/registrar-lhorari-laboral\/\"]}]},{\"@type\":\"ImageObject\",\"inLanguage\":\"ca\",\"@id\":\"https:\/\/www.ariasassessors.com\/ca\/registrar-lhorari-laboral\/#primaryimage\",\"url\":\"https:\/\/www.ariasassessors.com\/wp-content\/uploads\/2019\/03\/registro-horario.png\",\"contentUrl\":\"https:\/\/www.ariasassessors.com\/wp-content\/uploads\/2019\/03\/registro-horario.png\",\"width\":1200,\"height\":500},{\"@type\":\"BreadcrumbList\",\"@id\":\"https:\/\/www.ariasassessors.com\/ca\/registrar-lhorari-laboral\/#breadcrumb\",\"itemListElement\":[{\"@type\":\"ListItem\",\"position\":1,\"name\":\"Portada\",\"item\":\"https:\/\/www.ariasassessors.com\/ca\/\"},{\"@type\":\"ListItem\",\"position\":2,\"name\":\"Les empreses hauran de registrar l&#8217;horari laboral dels treballadors\"}]},{\"@type\":\"WebSite\",\"@id\":\"https:\/\/www.ariasassessors.com\/#website\",\"url\":\"https:\/\/www.ariasassessors.com\/\",\"name\":\"Arias Assessors\",\"description\":\"Asesor\u00eda para aut\u00f3nomos, profesionales y PYMES\",\"publisher\":{\"@id\":\"https:\/\/www.ariasassessors.com\/#organization\"},\"potentialAction\":[{\"@type\":\"SearchAction\",\"target\":{\"@type\":\"EntryPoint\",\"urlTemplate\":\"https:\/\/www.ariasassessors.com\/?s={search_term_string}\"},\"query-input\":{\"@type\":\"PropertyValueSpecification\",\"valueRequired\":true,\"valueName\":\"search_term_string\"}}],\"inLanguage\":\"ca\"},{\"@type\":\"Organization\",\"@id\":\"https:\/\/www.ariasassessors.com\/#organization\",\"name\":\"Arias Assessors\",\"url\":\"https:\/\/www.ariasassessors.com\/\",\"logo\":{\"@type\":\"ImageObject\",\"inLanguage\":\"ca\",\"@id\":\"https:\/\/www.ariasassessors.com\/#\/schema\/logo\/image\/\",\"url\":\"https:\/\/www.ariasassessors.com\/wp-content\/uploads\/2019\/01\/arias-logo.png\",\"contentUrl\":\"https:\/\/www.ariasassessors.com\/wp-content\/uploads\/2019\/01\/arias-logo.png\",\"width\":349,\"height\":254,\"caption\":\"Arias Assessors\"},\"image\":{\"@id\":\"https:\/\/www.ariasassessors.com\/#\/schema\/logo\/image\/\"},\"sameAs\":[\"https:\/\/www.facebook.com\/ariasassessors\/\",\"https:\/\/x.com\/ariasassessors\",\"https:\/\/www.linkedin.com\/company\/r&amp;amp;r-growing-knowledge\/\"]},{\"@type\":\"Person\",\"@id\":\"https:\/\/www.ariasassessors.com\/#\/schema\/person\/63c6ad1775f0a9413c37932562673cef\",\"name\":\"btorras\",\"image\":{\"@type\":\"ImageObject\",\"inLanguage\":\"ca\",\"@id\":\"https:\/\/www.ariasassessors.com\/#\/schema\/person\/image\/\",\"url\":\"https:\/\/secure.gravatar.com\/avatar\/0531db351fc361fdbfd204c58fa2d6a3?s=96&d=mm&r=g\",\"contentUrl\":\"https:\/\/secure.gravatar.com\/avatar\/0531db351fc361fdbfd204c58fa2d6a3?s=96&d=mm&r=g\",\"caption\":\"btorras\"}}]}<\/script>\n<!-- \/ Yoast SEO plugin. -->","yoast_head_json":{"title":"Les empreses hauran de registrar l'horari laboral dels treballadors |","description":"El Govern ha aprovat un Decret Llei que t\u00e9 com a principal objectiu registrar l\u2019horari laboral de TOTS els treballadors d\u2019una empresa","robots":{"index":"index","follow":"follow","max-snippet":"max-snippet:-1","max-image-preview":"max-image-preview:large","max-video-preview":"max-video-preview:-1"},"canonical":"https:\/\/www.ariasassessors.com\/ca\/registrar-lhorari-laboral\/","og_locale":"ca_ES","og_type":"article","og_title":"Les empreses hauran de registrar l'horari laboral dels treballadors |","og_description":"El Govern ha aprovat un Decret Llei que t\u00e9 com a principal objectiu registrar l\u2019horari laboral de TOTS els treballadors d\u2019una empresa","og_url":"https:\/\/www.ariasassessors.com\/ca\/registrar-lhorari-laboral\/","og_site_name":"Arias Assessors","article_publisher":"https:\/\/www.facebook.com\/ariasassessors\/","article_published_time":"2019-03-22T11:11:23+00:00","og_image":[{"width":1200,"height":500,"url":"https:\/\/www.ariasassessors.com\/wp-content\/uploads\/2019\/03\/registro-horario.png","type":"image\/png"}],"author":"btorras","twitter_card":"summary_large_image","twitter_creator":"@ariasassessors","twitter_site":"@ariasassessors","twitter_misc":{"Escrit per":"btorras","Temps estimat de lectura":"2 minuts"},"schema":{"@context":"https:\/\/schema.org","@graph":[{"@type":"Article","@id":"https:\/\/www.ariasassessors.com\/ca\/registrar-lhorari-laboral\/#article","isPartOf":{"@id":"https:\/\/www.ariasassessors.com\/ca\/registrar-lhorari-laboral\/"},"author":{"name":"btorras","@id":"https:\/\/www.ariasassessors.com\/#\/schema\/person\/63c6ad1775f0a9413c37932562673cef"},"headline":"Les empreses hauran de registrar l&#8217;horari laboral dels treballadors","datePublished":"2019-03-22T11:11:23+00:00","dateModified":"2019-03-22T11:11:23+00:00","mainEntityOfPage":{"@id":"https:\/\/www.ariasassessors.com\/ca\/registrar-lhorari-laboral\/"},"wordCount":487,"commentCount":0,"publisher":{"@id":"https:\/\/www.ariasassessors.com\/#organization"},"image":{"@id":"https:\/\/www.ariasassessors.com\/ca\/registrar-lhorari-laboral\/#primaryimage"},"thumbnailUrl":"https:\/\/www.ariasassessors.com\/wp-content\/uploads\/2019\/03\/registro-horario.png","keywords":["govern","reglamentaci\u00f3"],"articleSection":["noticies"],"inLanguage":"ca","potentialAction":[{"@type":"CommentAction","name":"Comment","target":["https:\/\/www.ariasassessors.com\/ca\/registrar-lhorari-laboral\/#respond"]}]},{"@type":"WebPage","@id":"https:\/\/www.ariasassessors.com\/ca\/registrar-lhorari-laboral\/","url":"https:\/\/www.ariasassessors.com\/ca\/registrar-lhorari-laboral\/","name":"Les empreses hauran de registrar l'horari laboral dels treballadors |","isPartOf":{"@id":"https:\/\/www.ariasassessors.com\/#website"},"primaryImageOfPage":{"@id":"https:\/\/www.ariasassessors.com\/ca\/registrar-lhorari-laboral\/#primaryimage"},"image":{"@id":"https:\/\/www.ariasassessors.com\/ca\/registrar-lhorari-laboral\/#primaryimage"},"thumbnailUrl":"https:\/\/www.ariasassessors.com\/wp-content\/uploads\/2019\/03\/registro-horario.png","datePublished":"2019-03-22T11:11:23+00:00","dateModified":"2019-03-22T11:11:23+00:00","description":"El Govern ha aprovat un Decret Llei que t\u00e9 com a principal objectiu registrar l\u2019horari laboral de TOTS els treballadors d\u2019una empresa","breadcrumb":{"@id":"https:\/\/www.ariasassessors.com\/ca\/registrar-lhorari-laboral\/#breadcrumb"},"inLanguage":"ca","potentialAction":[{"@type":"ReadAction","target":["https:\/\/www.ariasassessors.com\/ca\/registrar-lhorari-laboral\/"]}]},{"@type":"ImageObject","inLanguage":"ca","@id":"https:\/\/www.ariasassessors.com\/ca\/registrar-lhorari-laboral\/#primaryimage","url":"https:\/\/www.ariasassessors.com\/wp-content\/uploads\/2019\/03\/registro-horario.png","contentUrl":"https:\/\/www.ariasassessors.com\/wp-content\/uploads\/2019\/03\/registro-horario.png","width":1200,"height":500},{"@type":"BreadcrumbList","@id":"https:\/\/www.ariasassessors.com\/ca\/registrar-lhorari-laboral\/#breadcrumb","itemListElement":[{"@type":"ListItem","position":1,"name":"Portada","item":"https:\/\/www.ariasassessors.com\/ca\/"},{"@type":"ListItem","position":2,"name":"Les empreses hauran de registrar l&#8217;horari laboral dels treballadors"}]},{"@type":"WebSite","@id":"https:\/\/www.ariasassessors.com\/#website","url":"https:\/\/www.ariasassessors.com\/","name":"Arias Assessors","description":"Asesor\u00eda para aut\u00f3nomos, profesionales y PYMES","publisher":{"@id":"https:\/\/www.ariasassessors.com\/#organization"},"potentialAction":[{"@type":"SearchAction","target":{"@type":"EntryPoint","urlTemplate":"https:\/\/www.ariasassessors.com\/?s={search_term_string}"},"query-input":{"@type":"PropertyValueSpecification","valueRequired":true,"valueName":"search_term_string"}}],"inLanguage":"ca"},{"@type":"Organization","@id":"https:\/\/www.ariasassessors.com\/#organization","name":"Arias Assessors","url":"https:\/\/www.ariasassessors.com\/","logo":{"@type":"ImageObject","inLanguage":"ca","@id":"https:\/\/www.ariasassessors.com\/#\/schema\/logo\/image\/","url":"https:\/\/www.ariasassessors.com\/wp-content\/uploads\/2019\/01\/arias-logo.png","contentUrl":"https:\/\/www.ariasassessors.com\/wp-content\/uploads\/2019\/01\/arias-logo.png","width":349,"height":254,"caption":"Arias Assessors"},"image":{"@id":"https:\/\/www.ariasassessors.com\/#\/schema\/logo\/image\/"},"sameAs":["https:\/\/www.facebook.com\/ariasassessors\/","https:\/\/x.com\/ariasassessors","https:\/\/www.linkedin.com\/company\/r&amp;amp;r-growing-knowledge\/"]},{"@type":"Person","@id":"https:\/\/www.ariasassessors.com\/#\/schema\/person\/63c6ad1775f0a9413c37932562673cef","name":"btorras","image":{"@type":"ImageObject","inLanguage":"ca","@id":"https:\/\/www.ariasassessors.com\/#\/schema\/person\/image\/","url":"https:\/\/secure.gravatar.com\/avatar\/0531db351fc361fdbfd204c58fa2d6a3?s=96&d=mm&r=g","contentUrl":"https:\/\/secure.gravatar.com\/avatar\/0531db351fc361fdbfd204c58fa2d6a3?s=96&d=mm&r=g","caption":"btorras"}}]}},"_links":{"self":[{"href":"https:\/\/www.ariasassessors.com\/ca\/wp-json\/wp\/v2\/posts\/597","targetHints":{"allow":["GET"]}}],"collection":[{"href":"https:\/\/www.ariasassessors.com\/ca\/wp-json\/wp\/v2\/posts"}],"about":[{"href":"https:\/\/www.ariasassessors.com\/ca\/wp-json\/wp\/v2\/types\/post"}],"author":[{"embeddable":true,"href":"https:\/\/www.ariasassessors.com\/ca\/wp-json\/wp\/v2\/users\/2"}],"replies":[{"embeddable":true,"href":"https:\/\/www.ariasassessors.com\/ca\/wp-json\/wp\/v2\/comments?post=597"}],"version-history":[{"count":1,"href":"https:\/\/www.ariasassessors.com\/ca\/wp-json\/wp\/v2\/posts\/597\/revisions"}],"predecessor-version":[{"id":598,"href":"https:\/\/www.ariasassessors.com\/ca\/wp-json\/wp\/v2\/posts\/597\/revisions\/598"}],"wp:featuredmedia":[{"embeddable":true,"href":"https:\/\/www.ariasassessors.com\/ca\/wp-json\/wp\/v2\/media\/595"}],"wp:attachment":[{"href":"https:\/\/www.ariasassessors.com\/ca\/wp-json\/wp\/v2\/media?parent=597"}],"wp:term":[{"taxonomy":"category","embeddable":true,"href":"https:\/\/www.ariasassessors.com\/ca\/wp-json\/wp\/v2\/categories?post=597"},{"taxonomy":"post_tag","embeddable":true,"href":"https:\/\/www.ariasassessors.com\/ca\/wp-json\/wp\/v2\/tags?post=597"}],"curies":[{"name":"wp","href":"https:\/\/api.w.org\/{rel}","templated":true}]}}