{"id":629,"date":"2019-05-14T12:15:03","date_gmt":"2019-05-14T10:15:03","guid":{"rendered":"https:\/\/www.ariasassessors.com\/por-ahora-no-habra-multas-por-no-registrar-el-horario\/"},"modified":"2019-05-14T15:40:16","modified_gmt":"2019-05-14T13:40:16","slug":"registre-horari-laboral","status":"publish","type":"post","link":"https:\/\/www.ariasassessors.com\/ca\/registre-horari-laboral\/","title":{"rendered":"Per ara, no hi hauran multes per no registrar l&#8217;horari laboral dels treballadors"},"content":{"rendered":"<div id=\"tw-target-text-container\" class=\"gsrt tw-ta-container tw-nfl\">\n<p id=\"tw-target-text\" class=\"tw-data-text tw-ta tw-text-small\" dir=\"ltr\" data-placeholder=\"Traducci\u00f3n\"><span lang=\"ca\" tabindex=\"0\">El passat 12 de Maig va entrar en vigor l&#8217;obligatorietat de portar un <strong>registre diari de jornada laboral a les empreses<\/strong>. De tota manera, no hi haur\u00e0 sancions per incompliment. <\/span><\/p>\n<p class=\"tw-data-text tw-ta tw-text-small\" dir=\"ltr\" data-placeholder=\"Traducci\u00f3n\"><span lang=\"ca\" tabindex=\"0\">La Inspecci\u00f3 de Treball tampoc t\u00e9 previst posar en marxa una campanya de seguiment espec\u00edfica. En aquest cas, ha de donar m\u00e9s marge perqu\u00e8 aquesta adaptaci\u00f3 es negoci\u00ef el temps necessari entre els empresaris i els seus treballadors. <\/span><\/p>\n<p class=\"tw-data-text tw-ta tw-text-small\" dir=\"ltr\" data-placeholder=\"Traducci\u00f3n\"><span lang=\"ca\" tabindex=\"0\">Aquesta nova llei est\u00e0 suposant diversos maldecaps, sobretot a petites empreses. Tamb\u00e9 a aquelles empreses que tenen comercials, per als treballadors de neteja o per als que realitzen la seva activitat laboral des casa. D&#8217;acord amb la normativa, s&#8217;enfronten a sancions de entre 626 fins a 6.250 euros per incompliment. Quan es produiran aquestes sancions? <\/span><\/p>\n<p class=\"tw-data-text tw-ta tw-text-small\" dir=\"ltr\" data-placeholder=\"Traducci\u00f3n\"><span lang=\"ca\" tabindex=\"0\">La Inspecci\u00f3 nom\u00e9s anir\u00e0 a inspeccionar aquelles empreses en qu\u00e8 hi hagi indicis clars d&#8217;incompliment o denuncies. A m\u00e9s, des del Ministeri de Treball recalquen que el registre de jornada no \u00e9s una cosa nova, sin\u00f3 que ja funciona des de fa anys en una gran quantitat d&#8217;empreses. Aquesta obligaci\u00f3 respon m\u00e9s a una necessitat de la Inspecci\u00f3 de Treball, que s&#8217;ha trobat amb problemes per controlar el compliment de la normativa sobre hores extraordinaries.<\/span><\/p>\n<p class=\"tw-data-text tw-ta tw-text-small\" dir=\"ltr\" data-placeholder=\"Traducci\u00f3n\"><span lang=\"ca\" tabindex=\"0\">Para solucionar aquest aspecte, es demanar\u00e0 a les empreses que es responsabilitzin de dur a terme un registre diari d&#8217;inici i finalitzaci\u00f3 de la jornada de treball de cadascun dels seus treballadors. <\/span><\/p>\n<p class=\"tw-data-text tw-ta tw-text-small\" dir=\"ltr\" data-placeholder=\"Traducci\u00f3n\"><span lang=\"ca\" tabindex=\"0\">Per dur a terme aquest control, cal tenir en compte que s&#8217;haur\u00e0 de comptar amb la participaci\u00f3 d&#8217;aquests mateixos treballadors per al disseny del sistema de registre. Nom\u00e9s en defecte d&#8217;acord, l&#8217;empresa ho podr\u00e0 implantar unilateralment pr\u00e8via consulta amb els representants legals dels treballadors.<\/span><\/p>\n<p class=\"tw-data-text tw-ta tw-text-small\" dir=\"ltr\" data-placeholder=\"Traducci\u00f3n\"><span lang=\"ca\" tabindex=\"0\">Tamb\u00e9 cal recalcar, que actualment estan proliferant les aplicacions per a m\u00f2bil per dur a terme el <a href=\"https:\/\/www.ariasassessors.com\/ca\/registrar-lhorari-laboral\/\"><strong>registre de jornada en les empreses<\/strong><\/a>, tot i que amb alguns inconvenients . Segons alguns experts, l&#8217;empresa obliga a instal\u00b7lar aquestes apps al tel\u00e8fon de l&#8217;empresa, per\u00f2 la q\u00fcesti\u00f3 no est\u00e0 tan clara si el tel\u00e8fon \u00e9s el personal.<\/span><\/p>\n<p class=\"tw-data-text tw-ta tw-text-small\" lang=\"ca\">\n<\/div>\n","protected":false},"excerpt":{"rendered":"<p>El passat 12 de Maig va entrar en vigor l&#8217;obligatorietat de portar un registre diari de jornada laboral a les empreses. De tota manera, no hi haur\u00e0 sancions per incompliment. La Inspecci\u00f3 de Treball tampoc t\u00e9 previst posar en marxa una campanya de seguiment espec\u00edfica&#8230;.<\/p>\n","protected":false},"author":2,"featured_media":626,"comment_status":"open","ping_status":"open","sticky":false,"template":"","format":"standard","meta":{"footnotes":""},"categories":[4],"tags":[234,229],"class_list":["post-629","post","type-post","status-publish","format-standard","has-post-thumbnail","hentry","category-noticies","tag-normativa-empresas-ca","tag-noticias-ca"],"yoast_head":"<!-- This site is optimized with the Yoast SEO plugin v24.3 - https:\/\/yoast.com\/wordpress\/plugins\/seo\/ -->\n<title>Per ara, no hi hauran multes per no registrar l&#039;horari laboral dels treballadors<\/title>\n<meta name=\"description\" content=\"El passat 12 de Maig va entrar en vigor l&#039;obligatorietat de portar un registre de la jornada laboral , tot i que no hi haur\u00e0 sancions per incompliment.\" \/>\n<meta name=\"robots\" content=\"index, follow, max-snippet:-1, max-image-preview:large, max-video-preview:-1\" \/>\n<link rel=\"canonical\" href=\"https:\/\/www.ariasassessors.com\/ca\/registre-horari-laboral\/\" \/>\n<meta property=\"og:locale\" content=\"ca_ES\" \/>\n<meta property=\"og:type\" content=\"article\" \/>\n<meta property=\"og:title\" content=\"Per ara, no hi hauran multes per no registrar l&#039;horari laboral dels treballadors\" \/>\n<meta property=\"og:description\" content=\"El passat 12 de Maig va entrar en vigor l&#039;obligatorietat de portar un registre de la jornada laboral , tot i que no hi haur\u00e0 sancions per incompliment.\" \/>\n<meta property=\"og:url\" content=\"https:\/\/www.ariasassessors.com\/ca\/registre-horari-laboral\/\" \/>\n<meta property=\"og:site_name\" content=\"Arias Assessors\" \/>\n<meta property=\"article:publisher\" content=\"https:\/\/www.facebook.com\/ariasassessors\/\" \/>\n<meta property=\"article:published_time\" content=\"2019-05-14T10:15:03+00:00\" \/>\n<meta property=\"article:modified_time\" content=\"2019-05-14T13:40:16+00:00\" \/>\n<meta property=\"og:image\" content=\"https:\/\/www.ariasassessors.com\/wp-content\/uploads\/2019\/04\/registro-horario.png\" \/>\n\t<meta property=\"og:image:width\" content=\"1200\" \/>\n\t<meta property=\"og:image:height\" content=\"500\" \/>\n\t<meta property=\"og:image:type\" content=\"image\/png\" \/>\n<meta name=\"author\" content=\"btorras\" \/>\n<meta name=\"twitter:card\" content=\"summary_large_image\" \/>\n<meta name=\"twitter:creator\" content=\"@ariasassessors\" \/>\n<meta name=\"twitter:site\" content=\"@ariasassessors\" \/>\n<meta name=\"twitter:label1\" content=\"Escrit per\" \/>\n\t<meta name=\"twitter:data1\" content=\"btorras\" \/>\n\t<meta name=\"twitter:label2\" content=\"Temps estimat de lectura\" \/>\n\t<meta name=\"twitter:data2\" content=\"2 minuts\" \/>\n<script type=\"application\/ld+json\" class=\"yoast-schema-graph\">{\"@context\":\"https:\/\/schema.org\",\"@graph\":[{\"@type\":\"Article\",\"@id\":\"https:\/\/www.ariasassessors.com\/ca\/registre-horari-laboral\/#article\",\"isPartOf\":{\"@id\":\"https:\/\/www.ariasassessors.com\/ca\/registre-horari-laboral\/\"},\"author\":{\"name\":\"btorras\",\"@id\":\"https:\/\/www.ariasassessors.com\/#\/schema\/person\/63c6ad1775f0a9413c37932562673cef\"},\"headline\":\"Per ara, no hi hauran multes per no registrar l&#8217;horari laboral dels treballadors\",\"datePublished\":\"2019-05-14T10:15:03+00:00\",\"dateModified\":\"2019-05-14T13:40:16+00:00\",\"mainEntityOfPage\":{\"@id\":\"https:\/\/www.ariasassessors.com\/ca\/registre-horari-laboral\/\"},\"wordCount\":351,\"commentCount\":0,\"publisher\":{\"@id\":\"https:\/\/www.ariasassessors.com\/#organization\"},\"image\":{\"@id\":\"https:\/\/www.ariasassessors.com\/ca\/registre-horari-laboral\/#primaryimage\"},\"thumbnailUrl\":\"https:\/\/www.ariasassessors.com\/wp-content\/uploads\/2019\/04\/registro-horario.png\",\"keywords\":[\"normativa empresas\",\"noticias\"],\"articleSection\":[\"noticies\"],\"inLanguage\":\"ca\",\"potentialAction\":[{\"@type\":\"CommentAction\",\"name\":\"Comment\",\"target\":[\"https:\/\/www.ariasassessors.com\/ca\/registre-horari-laboral\/#respond\"]}]},{\"@type\":\"WebPage\",\"@id\":\"https:\/\/www.ariasassessors.com\/ca\/registre-horari-laboral\/\",\"url\":\"https:\/\/www.ariasassessors.com\/ca\/registre-horari-laboral\/\",\"name\":\"Per ara, no hi hauran multes per no registrar l'horari laboral dels treballadors\",\"isPartOf\":{\"@id\":\"https:\/\/www.ariasassessors.com\/#website\"},\"primaryImageOfPage\":{\"@id\":\"https:\/\/www.ariasassessors.com\/ca\/registre-horari-laboral\/#primaryimage\"},\"image\":{\"@id\":\"https:\/\/www.ariasassessors.com\/ca\/registre-horari-laboral\/#primaryimage\"},\"thumbnailUrl\":\"https:\/\/www.ariasassessors.com\/wp-content\/uploads\/2019\/04\/registro-horario.png\",\"datePublished\":\"2019-05-14T10:15:03+00:00\",\"dateModified\":\"2019-05-14T13:40:16+00:00\",\"description\":\"El passat 12 de Maig va entrar en vigor l'obligatorietat de portar un registre de la jornada laboral , tot i que no hi haur\u00e0 sancions per incompliment.\",\"breadcrumb\":{\"@id\":\"https:\/\/www.ariasassessors.com\/ca\/registre-horari-laboral\/#breadcrumb\"},\"inLanguage\":\"ca\",\"potentialAction\":[{\"@type\":\"ReadAction\",\"target\":[\"https:\/\/www.ariasassessors.com\/ca\/registre-horari-laboral\/\"]}]},{\"@type\":\"ImageObject\",\"inLanguage\":\"ca\",\"@id\":\"https:\/\/www.ariasassessors.com\/ca\/registre-horari-laboral\/#primaryimage\",\"url\":\"https:\/\/www.ariasassessors.com\/wp-content\/uploads\/2019\/04\/registro-horario.png\",\"contentUrl\":\"https:\/\/www.ariasassessors.com\/wp-content\/uploads\/2019\/04\/registro-horario.png\",\"width\":1200,\"height\":500},{\"@type\":\"BreadcrumbList\",\"@id\":\"https:\/\/www.ariasassessors.com\/ca\/registre-horari-laboral\/#breadcrumb\",\"itemListElement\":[{\"@type\":\"ListItem\",\"position\":1,\"name\":\"Portada\",\"item\":\"https:\/\/www.ariasassessors.com\/ca\/\"},{\"@type\":\"ListItem\",\"position\":2,\"name\":\"Per ara, no hi hauran multes per no registrar l&#8217;horari laboral dels treballadors\"}]},{\"@type\":\"WebSite\",\"@id\":\"https:\/\/www.ariasassessors.com\/#website\",\"url\":\"https:\/\/www.ariasassessors.com\/\",\"name\":\"Arias Assessors\",\"description\":\"Asesor\u00eda para aut\u00f3nomos, profesionales y PYMES\",\"publisher\":{\"@id\":\"https:\/\/www.ariasassessors.com\/#organization\"},\"potentialAction\":[{\"@type\":\"SearchAction\",\"target\":{\"@type\":\"EntryPoint\",\"urlTemplate\":\"https:\/\/www.ariasassessors.com\/?s={search_term_string}\"},\"query-input\":{\"@type\":\"PropertyValueSpecification\",\"valueRequired\":true,\"valueName\":\"search_term_string\"}}],\"inLanguage\":\"ca\"},{\"@type\":\"Organization\",\"@id\":\"https:\/\/www.ariasassessors.com\/#organization\",\"name\":\"Arias Assessors\",\"url\":\"https:\/\/www.ariasassessors.com\/\",\"logo\":{\"@type\":\"ImageObject\",\"inLanguage\":\"ca\",\"@id\":\"https:\/\/www.ariasassessors.com\/#\/schema\/logo\/image\/\",\"url\":\"https:\/\/www.ariasassessors.com\/wp-content\/uploads\/2019\/01\/arias-logo.png\",\"contentUrl\":\"https:\/\/www.ariasassessors.com\/wp-content\/uploads\/2019\/01\/arias-logo.png\",\"width\":349,\"height\":254,\"caption\":\"Arias Assessors\"},\"image\":{\"@id\":\"https:\/\/www.ariasassessors.com\/#\/schema\/logo\/image\/\"},\"sameAs\":[\"https:\/\/www.facebook.com\/ariasassessors\/\",\"https:\/\/x.com\/ariasassessors\",\"https:\/\/www.linkedin.com\/company\/r&amp;amp;r-growing-knowledge\/\"]},{\"@type\":\"Person\",\"@id\":\"https:\/\/www.ariasassessors.com\/#\/schema\/person\/63c6ad1775f0a9413c37932562673cef\",\"name\":\"btorras\",\"image\":{\"@type\":\"ImageObject\",\"inLanguage\":\"ca\",\"@id\":\"https:\/\/www.ariasassessors.com\/#\/schema\/person\/image\/\",\"url\":\"https:\/\/secure.gravatar.com\/avatar\/0531db351fc361fdbfd204c58fa2d6a3?s=96&d=mm&r=g\",\"contentUrl\":\"https:\/\/secure.gravatar.com\/avatar\/0531db351fc361fdbfd204c58fa2d6a3?s=96&d=mm&r=g\",\"caption\":\"btorras\"}}]}<\/script>\n<!-- \/ Yoast SEO plugin. -->","yoast_head_json":{"title":"Per ara, no hi hauran multes per no registrar l'horari laboral dels treballadors","description":"El passat 12 de Maig va entrar en vigor l'obligatorietat de portar un registre de la jornada laboral , tot i que no hi haur\u00e0 sancions per incompliment.","robots":{"index":"index","follow":"follow","max-snippet":"max-snippet:-1","max-image-preview":"max-image-preview:large","max-video-preview":"max-video-preview:-1"},"canonical":"https:\/\/www.ariasassessors.com\/ca\/registre-horari-laboral\/","og_locale":"ca_ES","og_type":"article","og_title":"Per ara, no hi hauran multes per no registrar l'horari laboral dels treballadors","og_description":"El passat 12 de Maig va entrar en vigor l'obligatorietat de portar un registre de la jornada laboral , tot i que no hi haur\u00e0 sancions per incompliment.","og_url":"https:\/\/www.ariasassessors.com\/ca\/registre-horari-laboral\/","og_site_name":"Arias Assessors","article_publisher":"https:\/\/www.facebook.com\/ariasassessors\/","article_published_time":"2019-05-14T10:15:03+00:00","article_modified_time":"2019-05-14T13:40:16+00:00","og_image":[{"width":1200,"height":500,"url":"https:\/\/www.ariasassessors.com\/wp-content\/uploads\/2019\/04\/registro-horario.png","type":"image\/png"}],"author":"btorras","twitter_card":"summary_large_image","twitter_creator":"@ariasassessors","twitter_site":"@ariasassessors","twitter_misc":{"Escrit per":"btorras","Temps estimat de lectura":"2 minuts"},"schema":{"@context":"https:\/\/schema.org","@graph":[{"@type":"Article","@id":"https:\/\/www.ariasassessors.com\/ca\/registre-horari-laboral\/#article","isPartOf":{"@id":"https:\/\/www.ariasassessors.com\/ca\/registre-horari-laboral\/"},"author":{"name":"btorras","@id":"https:\/\/www.ariasassessors.com\/#\/schema\/person\/63c6ad1775f0a9413c37932562673cef"},"headline":"Per ara, no hi hauran multes per no registrar l&#8217;horari laboral dels treballadors","datePublished":"2019-05-14T10:15:03+00:00","dateModified":"2019-05-14T13:40:16+00:00","mainEntityOfPage":{"@id":"https:\/\/www.ariasassessors.com\/ca\/registre-horari-laboral\/"},"wordCount":351,"commentCount":0,"publisher":{"@id":"https:\/\/www.ariasassessors.com\/#organization"},"image":{"@id":"https:\/\/www.ariasassessors.com\/ca\/registre-horari-laboral\/#primaryimage"},"thumbnailUrl":"https:\/\/www.ariasassessors.com\/wp-content\/uploads\/2019\/04\/registro-horario.png","keywords":["normativa empresas","noticias"],"articleSection":["noticies"],"inLanguage":"ca","potentialAction":[{"@type":"CommentAction","name":"Comment","target":["https:\/\/www.ariasassessors.com\/ca\/registre-horari-laboral\/#respond"]}]},{"@type":"WebPage","@id":"https:\/\/www.ariasassessors.com\/ca\/registre-horari-laboral\/","url":"https:\/\/www.ariasassessors.com\/ca\/registre-horari-laboral\/","name":"Per ara, no hi hauran multes per no registrar l'horari laboral dels treballadors","isPartOf":{"@id":"https:\/\/www.ariasassessors.com\/#website"},"primaryImageOfPage":{"@id":"https:\/\/www.ariasassessors.com\/ca\/registre-horari-laboral\/#primaryimage"},"image":{"@id":"https:\/\/www.ariasassessors.com\/ca\/registre-horari-laboral\/#primaryimage"},"thumbnailUrl":"https:\/\/www.ariasassessors.com\/wp-content\/uploads\/2019\/04\/registro-horario.png","datePublished":"2019-05-14T10:15:03+00:00","dateModified":"2019-05-14T13:40:16+00:00","description":"El passat 12 de Maig va entrar en vigor l'obligatorietat de portar un registre de la jornada laboral , tot i que no hi haur\u00e0 sancions per incompliment.","breadcrumb":{"@id":"https:\/\/www.ariasassessors.com\/ca\/registre-horari-laboral\/#breadcrumb"},"inLanguage":"ca","potentialAction":[{"@type":"ReadAction","target":["https:\/\/www.ariasassessors.com\/ca\/registre-horari-laboral\/"]}]},{"@type":"ImageObject","inLanguage":"ca","@id":"https:\/\/www.ariasassessors.com\/ca\/registre-horari-laboral\/#primaryimage","url":"https:\/\/www.ariasassessors.com\/wp-content\/uploads\/2019\/04\/registro-horario.png","contentUrl":"https:\/\/www.ariasassessors.com\/wp-content\/uploads\/2019\/04\/registro-horario.png","width":1200,"height":500},{"@type":"BreadcrumbList","@id":"https:\/\/www.ariasassessors.com\/ca\/registre-horari-laboral\/#breadcrumb","itemListElement":[{"@type":"ListItem","position":1,"name":"Portada","item":"https:\/\/www.ariasassessors.com\/ca\/"},{"@type":"ListItem","position":2,"name":"Per ara, no hi hauran multes per no registrar l&#8217;horari laboral dels treballadors"}]},{"@type":"WebSite","@id":"https:\/\/www.ariasassessors.com\/#website","url":"https:\/\/www.ariasassessors.com\/","name":"Arias Assessors","description":"Asesor\u00eda para aut\u00f3nomos, profesionales y PYMES","publisher":{"@id":"https:\/\/www.ariasassessors.com\/#organization"},"potentialAction":[{"@type":"SearchAction","target":{"@type":"EntryPoint","urlTemplate":"https:\/\/www.ariasassessors.com\/?s={search_term_string}"},"query-input":{"@type":"PropertyValueSpecification","valueRequired":true,"valueName":"search_term_string"}}],"inLanguage":"ca"},{"@type":"Organization","@id":"https:\/\/www.ariasassessors.com\/#organization","name":"Arias Assessors","url":"https:\/\/www.ariasassessors.com\/","logo":{"@type":"ImageObject","inLanguage":"ca","@id":"https:\/\/www.ariasassessors.com\/#\/schema\/logo\/image\/","url":"https:\/\/www.ariasassessors.com\/wp-content\/uploads\/2019\/01\/arias-logo.png","contentUrl":"https:\/\/www.ariasassessors.com\/wp-content\/uploads\/2019\/01\/arias-logo.png","width":349,"height":254,"caption":"Arias Assessors"},"image":{"@id":"https:\/\/www.ariasassessors.com\/#\/schema\/logo\/image\/"},"sameAs":["https:\/\/www.facebook.com\/ariasassessors\/","https:\/\/x.com\/ariasassessors","https:\/\/www.linkedin.com\/company\/r&amp;amp;r-growing-knowledge\/"]},{"@type":"Person","@id":"https:\/\/www.ariasassessors.com\/#\/schema\/person\/63c6ad1775f0a9413c37932562673cef","name":"btorras","image":{"@type":"ImageObject","inLanguage":"ca","@id":"https:\/\/www.ariasassessors.com\/#\/schema\/person\/image\/","url":"https:\/\/secure.gravatar.com\/avatar\/0531db351fc361fdbfd204c58fa2d6a3?s=96&d=mm&r=g","contentUrl":"https:\/\/secure.gravatar.com\/avatar\/0531db351fc361fdbfd204c58fa2d6a3?s=96&d=mm&r=g","caption":"btorras"}}]}},"_links":{"self":[{"href":"https:\/\/www.ariasassessors.com\/ca\/wp-json\/wp\/v2\/posts\/629","targetHints":{"allow":["GET"]}}],"collection":[{"href":"https:\/\/www.ariasassessors.com\/ca\/wp-json\/wp\/v2\/posts"}],"about":[{"href":"https:\/\/www.ariasassessors.com\/ca\/wp-json\/wp\/v2\/types\/post"}],"author":[{"embeddable":true,"href":"https:\/\/www.ariasassessors.com\/ca\/wp-json\/wp\/v2\/users\/2"}],"replies":[{"embeddable":true,"href":"https:\/\/www.ariasassessors.com\/ca\/wp-json\/wp\/v2\/comments?post=629"}],"version-history":[{"count":2,"href":"https:\/\/www.ariasassessors.com\/ca\/wp-json\/wp\/v2\/posts\/629\/revisions"}],"predecessor-version":[{"id":631,"href":"https:\/\/www.ariasassessors.com\/ca\/wp-json\/wp\/v2\/posts\/629\/revisions\/631"}],"wp:featuredmedia":[{"embeddable":true,"href":"https:\/\/www.ariasassessors.com\/ca\/wp-json\/wp\/v2\/media\/626"}],"wp:attachment":[{"href":"https:\/\/www.ariasassessors.com\/ca\/wp-json\/wp\/v2\/media?parent=629"}],"wp:term":[{"taxonomy":"category","embeddable":true,"href":"https:\/\/www.ariasassessors.com\/ca\/wp-json\/wp\/v2\/categories?post=629"},{"taxonomy":"post_tag","embeddable":true,"href":"https:\/\/www.ariasassessors.com\/ca\/wp-json\/wp\/v2\/tags?post=629"}],"curies":[{"name":"wp","href":"https:\/\/api.w.org\/{rel}","templated":true}]}}