{"id":639,"date":"2019-05-23T15:00:26","date_gmt":"2019-05-23T13:00:26","guid":{"rendered":"https:\/\/www.ariasassessors.com\/adaptacion-en-proteccion-de-datos\/"},"modified":"2019-05-23T15:10:53","modified_gmt":"2019-05-23T13:10:53","slug":"adaptacio-en-proteccio-de-dades","status":"publish","type":"post","link":"https:\/\/www.ariasassessors.com\/ca\/adaptacio-en-proteccio-de-dades\/","title":{"rendered":"\u00c9s obligat\u00f2ria l&#8217;adaptaci\u00f3 en protecci\u00f3 de dades?"},"content":{"rendered":"<p>En aquest article i aprofitant que cada mes de Maig realitzem l&#8217;actualitzaci\u00f3 anual de dades dels nostres clients, en relaci\u00f3 al seu expedient a l&#8217;<strong>Ag\u00e8ncia Espanyola de Protecci\u00f3 de Dades<\/strong>, us indiquem com ha de procedir qualsevol societat o aut\u00f2nom amb activitat econ\u00f2mica, partint de la base que tots ells han de tenir la seva empresa, de manera obligat\u00f2ria, adaptada a la normativa europea en protecci\u00f3 de dades, segons el <strong>Reglament General de protecci\u00f3 de Dades (RGPD)<\/strong> la normativa s&#8217;aplica des del passat 25 de Maig de 2018.<\/p>\n<p>Partim de la premissa anterior. Totes aquelles societats mercantils o treballadors aut\u00f2noms amb activitat econ\u00f2mica que disposen de dades de clients, prove\u00efdors, treballadors etc. han de tenir regulat com gestionen, administren i protegeixen les dades personals de qu\u00e8 disposen. \u00c9s la manera en qu\u00e8 es garanteix que les dades personals de tots els agents anteriorment citats queden en un lloc segur, protegint la confidencialitat d&#8217;aquests mitjan\u00e7ant uns processos en la gesti\u00f3 de dades pr\u00e8viament regulats i establerts.<\/p>\n<p>La seguretat en la informaci\u00f3 i la protecci\u00f3 de les dades personals \u00e9s un dels elements que tota empresa ha de complir i que s&#8217;uneix a altres requisits legals com la prevenci\u00f3 de riscos laborals o el disposar d&#8217;una asseguran\u00e7a de responsabilitat civil, de comer\u00e7 o p\u00f2lissa d&#8217;accidents de conveni si \u00e9s el cas i es disposa de treballadors assalariats.<\/p>\n<p>El no compliment, per exemple, en mat\u00e8ria de protecci\u00f3 de dades, pot representar per a l&#8217;empresa sancions importants que arriben directament un valor del 2 o 4% de la facturaci\u00f3 anual de l&#8217;empresa.<\/p>\n<p>Des <a href=\"https:\/\/www.ariasassessors.com\/ca\/\"><strong>Arias Assessors<\/strong> <\/a>i en col\u00b7laboraci\u00f3 amb l&#8217;empresa <a href=\"https:\/\/www.grupoadaptalia.es\/\">Adaptalia,<\/a> gestionem l&#8217;adaptaci\u00f3 i manteniment de la seva empresa a la normativa de l&#8217;RGPD. Per a aquells clients que ja tenen contractat el servei amb nosaltres, en breu els farem arribar un formulari de dades per a realitzar les pertinents modificacions que hi hagi a l&#8217;empresa. Parlem de personal diferent (baixes &#8211; altes de treballadors amb acc\u00e9s a informaci\u00f3), nous punts de control d&#8217;informaci\u00f3 (ordinadors, aplicacions) o empreses de serveis contractats per l&#8217;empresa amb acc\u00e9s a dades personals.<\/p>\n<p>En el cas d&#8217;aquelles empreses que no tenen encara realitzada l&#8217;adaptaci\u00f3, els incidim en qu\u00e8 es posin en contacte amb nosaltres per tal de tramitar el seu expedient, i vam aprofitar per fer-los un petit resum de en qu\u00e8 consistir\u00e0 el treball a realitzar:<\/p>\n<p>&nbsp;<\/p>\n<ul>\n<li>Designaci\u00f3 del DELEGAT DE PROTECCI\u00d3 DE DADES (DPD) si \u00e9s obligatori per a l&#8217;empresa o si ho assumeix volunt\u00e0riament- en cas de no ser necessari designar un DPD, identificar la \/ les persona \/ es responsables de COORDINAR L&#8217;ADAPTACI\u00d3.<\/li>\n<li>Elaborar el REGISTRE ACTIVITATS DE TRACTAMENT, tenint en compte la seva finalitat i la base jur\u00eddica.<\/li>\n<li>Realitzar un analitzar-lo DE RISCOS.<\/li>\n<li>Revisar MESURES DE SEGURETAT a la llum dels resultats de l&#8217;an\u00e0lisi de riscos.<\/li>\n<li>Establir mecanismes i procediment de NOTIFICACION DE FALLIDES DE SEGURETAT.<\/li>\n<li>A partir dels resultats de l&#8217;an\u00e0lisi de riscos, realitzar, si escau, un AVALUACI\u00d3 D&#8217;IMPACTE A LA PROTECCI\u00d3 DE DADES.<\/li>\n<\/ul>\n<p>&nbsp;<\/p>\n<p>Actuacions simult\u00e0nies als passos anteriors:<\/p>\n<p>&nbsp;<\/p>\n<ul>\n<li>Adequar els FORMULARIS dret d&#8217;informaci\u00f3.<\/li>\n<li>Adaptar els MECANISMES I PROCEDIMENTS per a l&#8217;exercici de drets.<\/li>\n<li>Valorar si els ENCARREGATS ofereixen garanties i adaptaci\u00f3 de contractes.<\/li>\n<li>Elaborar \/ Adaptar POL\u00cdTICA DE PRIVACITAT.<\/li>\n<\/ul>\n<p>&nbsp;<\/p>\n<p>En tot cas, \u00e9s imprescindible documentar totes les actuacions realitzades per poder acreditar la dilig\u00e8ncia en el <strong>compliment del RGPD<\/strong>, \u00e9s a dir, <strong>NO \u00daNICAMENT SERVEIX TENIR UN CONTRACTE AMB UNA EMPRESA PER A LA GESTI\u00d3<\/strong>, sin\u00f3 que a m\u00e9s l&#8217;empresa ha de ser proactiva i fer signar els documents pertinents a treballadors, clients, empreses prove\u00efdores de serveis, etc&#8230;<\/p>\n","protected":false},"excerpt":{"rendered":"<p>En aquest article i aprofitant que cada mes de Maig realitzem l&#8217;actualitzaci\u00f3 anual de dades dels nostres clients, en relaci\u00f3 al seu expedient a l&#8217;Ag\u00e8ncia Espanyola de Protecci\u00f3 de Dades, us indiquem com ha de procedir qualsevol societat o aut\u00f2nom amb activitat econ\u00f2mica, partint de&#8230;<\/p>\n","protected":false},"author":2,"featured_media":637,"comment_status":"open","ping_status":"open","sticky":false,"template":"","format":"standard","meta":{"footnotes":""},"categories":[4],"tags":[234,229,239,240],"class_list":["post-639","post","type-post","status-publish","format-standard","has-post-thumbnail","hentry","category-noticies","tag-normativa-empresas-ca","tag-noticias-ca","tag-proteccion-de-datos-ca","tag-rgpd-ca"],"yoast_head":"<!-- This site is optimized with the Yoast SEO plugin v24.3 - https:\/\/yoast.com\/wordpress\/plugins\/seo\/ -->\n<title>\u00c9s obligat\u00f2ria l&#039;adaptaci\u00f3 en protecci\u00f3 de dades? | Arias Assessors<\/title>\n<meta name=\"description\" content=\"Des Arias Assessors i en col\u00b7laboraci\u00f3 amb l&#039;empresa Adaptalia, gestionem l&#039;adaptaci\u00f3 i manteniment de la seva empresa a la normativa de l&#039;RGPD.\" \/>\n<meta name=\"robots\" content=\"index, follow, max-snippet:-1, max-image-preview:large, max-video-preview:-1\" \/>\n<link rel=\"canonical\" href=\"https:\/\/www.ariasassessors.com\/ca\/adaptacio-en-proteccio-de-dades\/\" \/>\n<meta property=\"og:locale\" content=\"ca_ES\" \/>\n<meta property=\"og:type\" content=\"article\" \/>\n<meta property=\"og:title\" content=\"\u00c9s obligat\u00f2ria l&#039;adaptaci\u00f3 en protecci\u00f3 de dades? | Arias Assessors\" \/>\n<meta property=\"og:description\" content=\"Des Arias Assessors i en col\u00b7laboraci\u00f3 amb l&#039;empresa Adaptalia, gestionem l&#039;adaptaci\u00f3 i manteniment de la seva empresa a la normativa de l&#039;RGPD.\" \/>\n<meta property=\"og:url\" content=\"https:\/\/www.ariasassessors.com\/ca\/adaptacio-en-proteccio-de-dades\/\" \/>\n<meta property=\"og:site_name\" content=\"Arias Assessors\" \/>\n<meta property=\"article:publisher\" content=\"https:\/\/www.facebook.com\/ariasassessors\/\" \/>\n<meta property=\"article:published_time\" content=\"2019-05-23T13:00:26+00:00\" \/>\n<meta property=\"article:modified_time\" content=\"2019-05-23T13:10:53+00:00\" \/>\n<meta property=\"og:image\" content=\"https:\/\/www.ariasassessors.com\/wp-content\/uploads\/2019\/05\/GDRP-1.png\" \/>\n\t<meta property=\"og:image:width\" content=\"1200\" \/>\n\t<meta property=\"og:image:height\" content=\"500\" \/>\n\t<meta property=\"og:image:type\" content=\"image\/png\" \/>\n<meta name=\"author\" content=\"btorras\" \/>\n<meta name=\"twitter:card\" content=\"summary_large_image\" \/>\n<meta name=\"twitter:creator\" content=\"@ariasassessors\" \/>\n<meta name=\"twitter:site\" content=\"@ariasassessors\" \/>\n<meta name=\"twitter:label1\" content=\"Escrit per\" \/>\n\t<meta name=\"twitter:data1\" content=\"btorras\" \/>\n\t<meta name=\"twitter:label2\" content=\"Temps estimat de lectura\" \/>\n\t<meta name=\"twitter:data2\" content=\"3 minuts\" \/>\n<script type=\"application\/ld+json\" class=\"yoast-schema-graph\">{\"@context\":\"https:\/\/schema.org\",\"@graph\":[{\"@type\":\"Article\",\"@id\":\"https:\/\/www.ariasassessors.com\/ca\/adaptacio-en-proteccio-de-dades\/#article\",\"isPartOf\":{\"@id\":\"https:\/\/www.ariasassessors.com\/ca\/adaptacio-en-proteccio-de-dades\/\"},\"author\":{\"name\":\"btorras\",\"@id\":\"https:\/\/www.ariasassessors.com\/#\/schema\/person\/63c6ad1775f0a9413c37932562673cef\"},\"headline\":\"\u00c9s obligat\u00f2ria l&#8217;adaptaci\u00f3 en protecci\u00f3 de dades?\",\"datePublished\":\"2019-05-23T13:00:26+00:00\",\"dateModified\":\"2019-05-23T13:10:53+00:00\",\"mainEntityOfPage\":{\"@id\":\"https:\/\/www.ariasassessors.com\/ca\/adaptacio-en-proteccio-de-dades\/\"},\"wordCount\":614,\"commentCount\":0,\"publisher\":{\"@id\":\"https:\/\/www.ariasassessors.com\/#organization\"},\"image\":{\"@id\":\"https:\/\/www.ariasassessors.com\/ca\/adaptacio-en-proteccio-de-dades\/#primaryimage\"},\"thumbnailUrl\":\"https:\/\/www.ariasassessors.com\/wp-content\/uploads\/2019\/05\/GDRP-1.png\",\"keywords\":[\"normativa empresas\",\"noticias\",\"protecci\u00f3n de datos\",\"RGPD\"],\"articleSection\":[\"noticies\"],\"inLanguage\":\"ca\",\"potentialAction\":[{\"@type\":\"CommentAction\",\"name\":\"Comment\",\"target\":[\"https:\/\/www.ariasassessors.com\/ca\/adaptacio-en-proteccio-de-dades\/#respond\"]}]},{\"@type\":\"WebPage\",\"@id\":\"https:\/\/www.ariasassessors.com\/ca\/adaptacio-en-proteccio-de-dades\/\",\"url\":\"https:\/\/www.ariasassessors.com\/ca\/adaptacio-en-proteccio-de-dades\/\",\"name\":\"\u00c9s obligat\u00f2ria l'adaptaci\u00f3 en protecci\u00f3 de dades? | Arias Assessors\",\"isPartOf\":{\"@id\":\"https:\/\/www.ariasassessors.com\/#website\"},\"primaryImageOfPage\":{\"@id\":\"https:\/\/www.ariasassessors.com\/ca\/adaptacio-en-proteccio-de-dades\/#primaryimage\"},\"image\":{\"@id\":\"https:\/\/www.ariasassessors.com\/ca\/adaptacio-en-proteccio-de-dades\/#primaryimage\"},\"thumbnailUrl\":\"https:\/\/www.ariasassessors.com\/wp-content\/uploads\/2019\/05\/GDRP-1.png\",\"datePublished\":\"2019-05-23T13:00:26+00:00\",\"dateModified\":\"2019-05-23T13:10:53+00:00\",\"description\":\"Des Arias Assessors i en col\u00b7laboraci\u00f3 amb l'empresa Adaptalia, gestionem l'adaptaci\u00f3 i manteniment de la seva empresa a la normativa de l'RGPD.\",\"breadcrumb\":{\"@id\":\"https:\/\/www.ariasassessors.com\/ca\/adaptacio-en-proteccio-de-dades\/#breadcrumb\"},\"inLanguage\":\"ca\",\"potentialAction\":[{\"@type\":\"ReadAction\",\"target\":[\"https:\/\/www.ariasassessors.com\/ca\/adaptacio-en-proteccio-de-dades\/\"]}]},{\"@type\":\"ImageObject\",\"inLanguage\":\"ca\",\"@id\":\"https:\/\/www.ariasassessors.com\/ca\/adaptacio-en-proteccio-de-dades\/#primaryimage\",\"url\":\"https:\/\/www.ariasassessors.com\/wp-content\/uploads\/2019\/05\/GDRP-1.png\",\"contentUrl\":\"https:\/\/www.ariasassessors.com\/wp-content\/uploads\/2019\/05\/GDRP-1.png\",\"width\":1200,\"height\":500},{\"@type\":\"BreadcrumbList\",\"@id\":\"https:\/\/www.ariasassessors.com\/ca\/adaptacio-en-proteccio-de-dades\/#breadcrumb\",\"itemListElement\":[{\"@type\":\"ListItem\",\"position\":1,\"name\":\"Portada\",\"item\":\"https:\/\/www.ariasassessors.com\/ca\/\"},{\"@type\":\"ListItem\",\"position\":2,\"name\":\"\u00c9s obligat\u00f2ria l&#8217;adaptaci\u00f3 en protecci\u00f3 de dades?\"}]},{\"@type\":\"WebSite\",\"@id\":\"https:\/\/www.ariasassessors.com\/#website\",\"url\":\"https:\/\/www.ariasassessors.com\/\",\"name\":\"Arias Assessors\",\"description\":\"Asesor\u00eda para aut\u00f3nomos, profesionales y PYMES\",\"publisher\":{\"@id\":\"https:\/\/www.ariasassessors.com\/#organization\"},\"potentialAction\":[{\"@type\":\"SearchAction\",\"target\":{\"@type\":\"EntryPoint\",\"urlTemplate\":\"https:\/\/www.ariasassessors.com\/?s={search_term_string}\"},\"query-input\":{\"@type\":\"PropertyValueSpecification\",\"valueRequired\":true,\"valueName\":\"search_term_string\"}}],\"inLanguage\":\"ca\"},{\"@type\":\"Organization\",\"@id\":\"https:\/\/www.ariasassessors.com\/#organization\",\"name\":\"Arias Assessors\",\"url\":\"https:\/\/www.ariasassessors.com\/\",\"logo\":{\"@type\":\"ImageObject\",\"inLanguage\":\"ca\",\"@id\":\"https:\/\/www.ariasassessors.com\/#\/schema\/logo\/image\/\",\"url\":\"https:\/\/www.ariasassessors.com\/wp-content\/uploads\/2019\/01\/arias-logo.png\",\"contentUrl\":\"https:\/\/www.ariasassessors.com\/wp-content\/uploads\/2019\/01\/arias-logo.png\",\"width\":349,\"height\":254,\"caption\":\"Arias Assessors\"},\"image\":{\"@id\":\"https:\/\/www.ariasassessors.com\/#\/schema\/logo\/image\/\"},\"sameAs\":[\"https:\/\/www.facebook.com\/ariasassessors\/\",\"https:\/\/x.com\/ariasassessors\",\"https:\/\/www.linkedin.com\/company\/r&amp;amp;r-growing-knowledge\/\"]},{\"@type\":\"Person\",\"@id\":\"https:\/\/www.ariasassessors.com\/#\/schema\/person\/63c6ad1775f0a9413c37932562673cef\",\"name\":\"btorras\",\"image\":{\"@type\":\"ImageObject\",\"inLanguage\":\"ca\",\"@id\":\"https:\/\/www.ariasassessors.com\/#\/schema\/person\/image\/\",\"url\":\"https:\/\/secure.gravatar.com\/avatar\/0531db351fc361fdbfd204c58fa2d6a3?s=96&d=mm&r=g\",\"contentUrl\":\"https:\/\/secure.gravatar.com\/avatar\/0531db351fc361fdbfd204c58fa2d6a3?s=96&d=mm&r=g\",\"caption\":\"btorras\"}}]}<\/script>\n<!-- \/ Yoast SEO plugin. -->","yoast_head_json":{"title":"\u00c9s obligat\u00f2ria l'adaptaci\u00f3 en protecci\u00f3 de dades? | Arias Assessors","description":"Des Arias Assessors i en col\u00b7laboraci\u00f3 amb l'empresa Adaptalia, gestionem l'adaptaci\u00f3 i manteniment de la seva empresa a la normativa de l'RGPD.","robots":{"index":"index","follow":"follow","max-snippet":"max-snippet:-1","max-image-preview":"max-image-preview:large","max-video-preview":"max-video-preview:-1"},"canonical":"https:\/\/www.ariasassessors.com\/ca\/adaptacio-en-proteccio-de-dades\/","og_locale":"ca_ES","og_type":"article","og_title":"\u00c9s obligat\u00f2ria l'adaptaci\u00f3 en protecci\u00f3 de dades? | Arias Assessors","og_description":"Des Arias Assessors i en col\u00b7laboraci\u00f3 amb l'empresa Adaptalia, gestionem l'adaptaci\u00f3 i manteniment de la seva empresa a la normativa de l'RGPD.","og_url":"https:\/\/www.ariasassessors.com\/ca\/adaptacio-en-proteccio-de-dades\/","og_site_name":"Arias Assessors","article_publisher":"https:\/\/www.facebook.com\/ariasassessors\/","article_published_time":"2019-05-23T13:00:26+00:00","article_modified_time":"2019-05-23T13:10:53+00:00","og_image":[{"width":1200,"height":500,"url":"https:\/\/www.ariasassessors.com\/wp-content\/uploads\/2019\/05\/GDRP-1.png","type":"image\/png"}],"author":"btorras","twitter_card":"summary_large_image","twitter_creator":"@ariasassessors","twitter_site":"@ariasassessors","twitter_misc":{"Escrit per":"btorras","Temps estimat de lectura":"3 minuts"},"schema":{"@context":"https:\/\/schema.org","@graph":[{"@type":"Article","@id":"https:\/\/www.ariasassessors.com\/ca\/adaptacio-en-proteccio-de-dades\/#article","isPartOf":{"@id":"https:\/\/www.ariasassessors.com\/ca\/adaptacio-en-proteccio-de-dades\/"},"author":{"name":"btorras","@id":"https:\/\/www.ariasassessors.com\/#\/schema\/person\/63c6ad1775f0a9413c37932562673cef"},"headline":"\u00c9s obligat\u00f2ria l&#8217;adaptaci\u00f3 en protecci\u00f3 de dades?","datePublished":"2019-05-23T13:00:26+00:00","dateModified":"2019-05-23T13:10:53+00:00","mainEntityOfPage":{"@id":"https:\/\/www.ariasassessors.com\/ca\/adaptacio-en-proteccio-de-dades\/"},"wordCount":614,"commentCount":0,"publisher":{"@id":"https:\/\/www.ariasassessors.com\/#organization"},"image":{"@id":"https:\/\/www.ariasassessors.com\/ca\/adaptacio-en-proteccio-de-dades\/#primaryimage"},"thumbnailUrl":"https:\/\/www.ariasassessors.com\/wp-content\/uploads\/2019\/05\/GDRP-1.png","keywords":["normativa empresas","noticias","protecci\u00f3n de datos","RGPD"],"articleSection":["noticies"],"inLanguage":"ca","potentialAction":[{"@type":"CommentAction","name":"Comment","target":["https:\/\/www.ariasassessors.com\/ca\/adaptacio-en-proteccio-de-dades\/#respond"]}]},{"@type":"WebPage","@id":"https:\/\/www.ariasassessors.com\/ca\/adaptacio-en-proteccio-de-dades\/","url":"https:\/\/www.ariasassessors.com\/ca\/adaptacio-en-proteccio-de-dades\/","name":"\u00c9s obligat\u00f2ria l'adaptaci\u00f3 en protecci\u00f3 de dades? | Arias Assessors","isPartOf":{"@id":"https:\/\/www.ariasassessors.com\/#website"},"primaryImageOfPage":{"@id":"https:\/\/www.ariasassessors.com\/ca\/adaptacio-en-proteccio-de-dades\/#primaryimage"},"image":{"@id":"https:\/\/www.ariasassessors.com\/ca\/adaptacio-en-proteccio-de-dades\/#primaryimage"},"thumbnailUrl":"https:\/\/www.ariasassessors.com\/wp-content\/uploads\/2019\/05\/GDRP-1.png","datePublished":"2019-05-23T13:00:26+00:00","dateModified":"2019-05-23T13:10:53+00:00","description":"Des Arias Assessors i en col\u00b7laboraci\u00f3 amb l'empresa Adaptalia, gestionem l'adaptaci\u00f3 i manteniment de la seva empresa a la normativa de l'RGPD.","breadcrumb":{"@id":"https:\/\/www.ariasassessors.com\/ca\/adaptacio-en-proteccio-de-dades\/#breadcrumb"},"inLanguage":"ca","potentialAction":[{"@type":"ReadAction","target":["https:\/\/www.ariasassessors.com\/ca\/adaptacio-en-proteccio-de-dades\/"]}]},{"@type":"ImageObject","inLanguage":"ca","@id":"https:\/\/www.ariasassessors.com\/ca\/adaptacio-en-proteccio-de-dades\/#primaryimage","url":"https:\/\/www.ariasassessors.com\/wp-content\/uploads\/2019\/05\/GDRP-1.png","contentUrl":"https:\/\/www.ariasassessors.com\/wp-content\/uploads\/2019\/05\/GDRP-1.png","width":1200,"height":500},{"@type":"BreadcrumbList","@id":"https:\/\/www.ariasassessors.com\/ca\/adaptacio-en-proteccio-de-dades\/#breadcrumb","itemListElement":[{"@type":"ListItem","position":1,"name":"Portada","item":"https:\/\/www.ariasassessors.com\/ca\/"},{"@type":"ListItem","position":2,"name":"\u00c9s obligat\u00f2ria l&#8217;adaptaci\u00f3 en protecci\u00f3 de dades?"}]},{"@type":"WebSite","@id":"https:\/\/www.ariasassessors.com\/#website","url":"https:\/\/www.ariasassessors.com\/","name":"Arias Assessors","description":"Asesor\u00eda para aut\u00f3nomos, profesionales y PYMES","publisher":{"@id":"https:\/\/www.ariasassessors.com\/#organization"},"potentialAction":[{"@type":"SearchAction","target":{"@type":"EntryPoint","urlTemplate":"https:\/\/www.ariasassessors.com\/?s={search_term_string}"},"query-input":{"@type":"PropertyValueSpecification","valueRequired":true,"valueName":"search_term_string"}}],"inLanguage":"ca"},{"@type":"Organization","@id":"https:\/\/www.ariasassessors.com\/#organization","name":"Arias Assessors","url":"https:\/\/www.ariasassessors.com\/","logo":{"@type":"ImageObject","inLanguage":"ca","@id":"https:\/\/www.ariasassessors.com\/#\/schema\/logo\/image\/","url":"https:\/\/www.ariasassessors.com\/wp-content\/uploads\/2019\/01\/arias-logo.png","contentUrl":"https:\/\/www.ariasassessors.com\/wp-content\/uploads\/2019\/01\/arias-logo.png","width":349,"height":254,"caption":"Arias Assessors"},"image":{"@id":"https:\/\/www.ariasassessors.com\/#\/schema\/logo\/image\/"},"sameAs":["https:\/\/www.facebook.com\/ariasassessors\/","https:\/\/x.com\/ariasassessors","https:\/\/www.linkedin.com\/company\/r&amp;amp;r-growing-knowledge\/"]},{"@type":"Person","@id":"https:\/\/www.ariasassessors.com\/#\/schema\/person\/63c6ad1775f0a9413c37932562673cef","name":"btorras","image":{"@type":"ImageObject","inLanguage":"ca","@id":"https:\/\/www.ariasassessors.com\/#\/schema\/person\/image\/","url":"https:\/\/secure.gravatar.com\/avatar\/0531db351fc361fdbfd204c58fa2d6a3?s=96&d=mm&r=g","contentUrl":"https:\/\/secure.gravatar.com\/avatar\/0531db351fc361fdbfd204c58fa2d6a3?s=96&d=mm&r=g","caption":"btorras"}}]}},"_links":{"self":[{"href":"https:\/\/www.ariasassessors.com\/ca\/wp-json\/wp\/v2\/posts\/639","targetHints":{"allow":["GET"]}}],"collection":[{"href":"https:\/\/www.ariasassessors.com\/ca\/wp-json\/wp\/v2\/posts"}],"about":[{"href":"https:\/\/www.ariasassessors.com\/ca\/wp-json\/wp\/v2\/types\/post"}],"author":[{"embeddable":true,"href":"https:\/\/www.ariasassessors.com\/ca\/wp-json\/wp\/v2\/users\/2"}],"replies":[{"embeddable":true,"href":"https:\/\/www.ariasassessors.com\/ca\/wp-json\/wp\/v2\/comments?post=639"}],"version-history":[{"count":2,"href":"https:\/\/www.ariasassessors.com\/ca\/wp-json\/wp\/v2\/posts\/639\/revisions"}],"predecessor-version":[{"id":641,"href":"https:\/\/www.ariasassessors.com\/ca\/wp-json\/wp\/v2\/posts\/639\/revisions\/641"}],"wp:featuredmedia":[{"embeddable":true,"href":"https:\/\/www.ariasassessors.com\/ca\/wp-json\/wp\/v2\/media\/637"}],"wp:attachment":[{"href":"https:\/\/www.ariasassessors.com\/ca\/wp-json\/wp\/v2\/media?parent=639"}],"wp:term":[{"taxonomy":"category","embeddable":true,"href":"https:\/\/www.ariasassessors.com\/ca\/wp-json\/wp\/v2\/categories?post=639"},{"taxonomy":"post_tag","embeddable":true,"href":"https:\/\/www.ariasassessors.com\/ca\/wp-json\/wp\/v2\/tags?post=639"}],"curies":[{"name":"wp","href":"https:\/\/api.w.org\/{rel}","templated":true}]}}