{"id":679,"date":"2019-07-17T12:19:31","date_gmt":"2019-07-17T10:19:31","guid":{"rendered":"https:\/\/www.ariasassessors.com\/?p=679"},"modified":"2019-07-17T12:19:31","modified_gmt":"2019-07-17T10:19:31","slug":"deduir-les-despeses-derivades-dun-coworking","status":"publish","type":"post","link":"https:\/\/www.ariasassessors.com\/ca\/deduir-les-despeses-derivades-dun-coworking\/","title":{"rendered":"Es poden deduir les despeses derivades de l&#8217;\u00fas d&#8217;un espai de Coworking?"},"content":{"rendered":"<p id=\"tw-target-text\" class=\"tw-data-text tw-ta tw-text-small\" dir=\"ltr\" data-placeholder=\"Traducci\u00f3n\"><span lang=\"ca\" tabindex=\"0\">La <strong>DGT<\/strong> (Direcci\u00f3 General de Tributs), ha em\u00e8s una consulta vinculant declarant la <strong>dedu\u00efbilitat de les despeses derivades de l&#8217;\u00fas d&#8217;un espai de coworking<\/strong> entre diferents professionals. <\/span><\/p>\n<p class=\"tw-data-text tw-ta tw-text-small\" dir=\"ltr\" data-placeholder=\"Traducci\u00f3n\"><span lang=\"ca\" tabindex=\"0\">Aquest em\u00e8s de la DGT respon a la consulta realitzada per un professional que ha subscrit un contracte de serveis amb un espai de coworking per a la utilitzaci\u00f3 d&#8217;un despatx juntament amb una s\u00e8rie de serveis addicionals per al desenvolupament de la seva activitat professional, que consisteix en l&#8217;assessorament laboral a empreses, i pregunta si podr\u00e0 deduir-se les quantitats satisfetes per la utilitzaci\u00f3 d&#8217;aquest espai.<\/span><\/p>\n<p dir=\"ltr\" data-placeholder=\"Traducci\u00f3n\">\n<div id=\"ez-toc-container\" class=\"ez-toc-v2_0_72 counter-hierarchy ez-toc-counter ez-toc-grey ez-toc-container-direction\">\n<div class=\"ez-toc-title-container\">\n<p class=\"ez-toc-title\" style=\"cursor:inherit\">\u00cdndice de Contenidos<\/p>\n<span class=\"ez-toc-title-toggle\"><a href=\"#\" class=\"ez-toc-pull-right ez-toc-btn ez-toc-btn-xs ez-toc-btn-default ez-toc-toggle\" aria-label=\"Toggle Table of Content\"><span class=\"ez-toc-js-icon-con\"><span class=\"\"><span class=\"eztoc-hide\" style=\"display:none;\">Toggle<\/span><span class=\"ez-toc-icon-toggle-span\"><svg style=\"fill: #428bca;color:#428bca\" xmlns=\"http:\/\/www.w3.org\/2000\/svg\" class=\"list-377408\" width=\"20px\" height=\"20px\" viewBox=\"0 0 24 24\" fill=\"none\"><path d=\"M6 6H4v2h2V6zm14 0H8v2h12V6zM4 11h2v2H4v-2zm16 0H8v2h12v-2zM4 16h2v2H4v-2zm16 0H8v2h12v-2z\" fill=\"currentColor\"><\/path><\/svg><svg style=\"fill: #428bca;color:#428bca\" class=\"arrow-unsorted-368013\" xmlns=\"http:\/\/www.w3.org\/2000\/svg\" width=\"10px\" height=\"10px\" viewBox=\"0 0 24 24\" version=\"1.2\" baseProfile=\"tiny\"><path d=\"M18.2 9.3l-6.2-6.3-6.2 6.3c-.2.2-.3.4-.3.7s.1.5.3.7c.2.2.4.3.7.3h11c.3 0 .5-.1.7-.3.2-.2.3-.5.3-.7s-.1-.5-.3-.7zM5.8 14.7l6.2 6.3 6.2-6.3c.2-.2.3-.5.3-.7s-.1-.5-.3-.7c-.2-.2-.4-.3-.7-.3h-11c-.3 0-.5.1-.7.3-.2.2-.3.5-.3.7s.1.5.3.7z\"\/><\/svg><\/span><\/span><\/span><\/a><\/span><\/div>\n<nav><ul class='ez-toc-list ez-toc-list-level-1 eztoc-toggle-hide-by-default' ><li class='ez-toc-page-1 ez-toc-heading-level-4'><a class=\"ez-toc-link ez-toc-heading-1\" href=\"https:\/\/www.ariasassessors.com\/ca\/deduir-les-despeses-derivades-dun-coworking\/#La_DGT_afirma_que_si_que_podran_ser_objecte_de_deduccio\" title=\"La DGT afirma que s\u00ed que podran ser objecte de deducci\u00f3.\">La DGT afirma que s\u00ed que podran ser objecte de deducci\u00f3.<\/a><\/li><li class='ez-toc-page-1 ez-toc-heading-level-4'><a class=\"ez-toc-link ez-toc-heading-2\" href=\"https:\/\/www.ariasassessors.com\/ca\/deduir-les-despeses-derivades-dun-coworking\/#Finalitza_la_DGT_exposant_que\" title=\"Finalitza la DGT exposant que:\">Finalitza la DGT exposant que:<\/a><\/li><\/ul><\/nav><\/div>\n<h4 dir=\"ltr\" data-placeholder=\"Traducci\u00f3n\"><span class=\"ez-toc-section\" id=\"La_DGT_afirma_que_si_que_podran_ser_objecte_de_deduccio\"><\/span>La DGT afirma que s\u00ed que podran ser objecte de deducci\u00f3.<span class=\"ez-toc-section-end\"><\/span><\/h4>\n<p dir=\"ltr\" data-placeholder=\"Traducci\u00f3n\">Explica que en el present cas, es tracta d&#8217;una activitat en estimaci\u00f3 directa, i que d&#8217;acord amb aix\u00f2, la dedu\u00efbilitat de les despeses est\u00e0 condicionada pel principi de la seva correlaci\u00f3 amb els ingressos, de tal manera que aquells respecte als quals es acrediti que s&#8217;han ocasionat en l&#8217;exercici de l&#8217;activitat seran dedu\u00efbles, en els termes que preveuen els preceptes legals abans assenyalats, mentre que quan no existeixi aquesta vinculaci\u00f3 o no es provi suficientment no podran considerar-se com fiscalment dedu\u00efbles de l&#8217;activitat econ\u00f2mica.<\/p>\n<p dir=\"ltr\" data-placeholder=\"Traducci\u00f3n\">\n<h4 dir=\"ltr\" data-placeholder=\"Traducci\u00f3n\"><span class=\"ez-toc-section\" id=\"Finalitza_la_DGT_exposant_que\"><\/span>Finalitza la DGT exposant que:<span class=\"ez-toc-section-end\"><\/span><\/h4>\n<p dir=\"ltr\" data-placeholder=\"Traducci\u00f3n\"><em> &#8220;Amb aquest plantejament, la despesa que es produeix al consultat pel pagament de l&#8217;import del lloguer del despatx en un&#8221; centre de negocis &#8220;, lloguer destinat a l&#8217;exercici de la seva activitat i que inclou els serveis addicionals necessaris per al desenvolupament de la mateixa , tindr\u00e0 la consideraci\u00f3 de dedu\u00efble en la determinaci\u00f3 del rendiment net de la seva activitat professional, ja que s&#8217;ha d&#8217;entendre produ\u00eft tal despesa en l&#8217;exercici de l&#8217;activitat.<\/em><\/p>\n<div class=\"jhH5U r-iY5H3_Ra06Rc\" data-rtid=\"iY5H3_Ra06Rc\">\n<div id=\"tw-ob\" class=\"tw-src-ltr\">\n<div class=\"oSioSc\">\n<div id=\"tw-target\">\n<div id=\"kAz1tf\" class=\"g9WsWb\">\n<div id=\"tw-target-text-container\" class=\"tw-ta-container tw-nfl\">\n<p id=\"tw-target-text\" class=\"tw-data-text tw-ta tw-text-small\" dir=\"ltr\" data-placeholder=\"Traducci\u00f3n\"><em><span lang=\"ca\" tabindex=\"0\">Sense perjudici de l&#8217;anterior, cal recordar que la dedu\u00efbilitat d&#8217;una despesa est\u00e0 condicionada, a m\u00e9s, entre altres requisits, al fet que quedi convenientment justificat mitjan\u00e7ant l&#8217;original de la factura normal o simplificada i comptabilitzat o registrat en els llibres-registre que, amb car\u00e0cter obligatori, han de portar els contribuents que desenvolupin activitats econ\u00f2miques, sempre que, com s&#8217;ha indicat, determinin el r\u00e8gim d&#8217;estimaci\u00f3 directa, en qualsevol de les seves modalitats &#8220;.<\/span><\/em><\/p>\n<\/div>\n<\/div>\n<\/div>\n<\/div>\n<\/div>\n<\/div>\n<p dir=\"ltr\" data-placeholder=\"Traducci\u00f3n\">Per qualsevol dubte sobre aquesta q\u00fcesti\u00f3, <strong><a href=\"https:\/\/www.ariasassessors.com\/ca\/contacte\/\">contacta amb el nostre equip d&#8217;assessors<\/a><\/strong>.<\/p>\n<p dir=\"ltr\" data-placeholder=\"Traducci\u00f3n\"><strong>Font: <a href=\"https:\/\/www.iberley.es\/\">Iberley<\/a><\/strong><\/p>\n<div class=\"jhH5U r-iY5H3_Ra06Rc\" data-rtid=\"iY5H3_Ra06Rc\">\n<div class=\"ibizc8S1YgnY-pvVKlfEP0Yk\"><\/div>\n<\/div>\n<p dir=\"ltr\" data-placeholder=\"Traducci\u00f3n\">\n<p dir=\"ltr\" data-placeholder=\"Traducci\u00f3n\">\n","protected":false},"excerpt":{"rendered":"<p>La DGT (Direcci\u00f3 General de Tributs), ha em\u00e8s una consulta vinculant declarant la dedu\u00efbilitat de les despeses derivades de l&#8217;\u00fas d&#8217;un espai de coworking entre diferents professionals. Aquest em\u00e8s de la DGT respon a la consulta realitzada per un professional que ha subscrit un contracte&#8230;<\/p>\n","protected":false},"author":2,"featured_media":676,"comment_status":"open","ping_status":"open","sticky":false,"template":"","format":"standard","meta":{"footnotes":""},"categories":[4],"tags":[],"class_list":["post-679","post","type-post","status-publish","format-standard","has-post-thumbnail","hentry","category-noticies"],"yoast_head":"<!-- This site is optimized with the Yoast SEO plugin v24.3 - https:\/\/yoast.com\/wordpress\/plugins\/seo\/ -->\n<title>Es poden deduir les despeses derivades d&#039;un Coworking? Arias Assessors<\/title>\n<meta name=\"description\" content=\"La DGT ha em\u00e8s una consulta vinculant declarant la dedu\u00efbilitat de les despeses derivades de l&#039;\u00fas d&#039;un espai de coworking entre diferents professionals.\" \/>\n<meta name=\"robots\" content=\"index, follow, max-snippet:-1, max-image-preview:large, max-video-preview:-1\" \/>\n<link rel=\"canonical\" href=\"https:\/\/www.ariasassessors.com\/ca\/deduir-les-despeses-derivades-dun-coworking\/\" \/>\n<meta property=\"og:locale\" content=\"ca_ES\" \/>\n<meta property=\"og:type\" content=\"article\" \/>\n<meta property=\"og:title\" content=\"Es poden deduir les despeses derivades d&#039;un Coworking? Arias Assessors\" \/>\n<meta property=\"og:description\" content=\"La DGT ha em\u00e8s una consulta vinculant declarant la dedu\u00efbilitat de les despeses derivades de l&#039;\u00fas d&#039;un espai de coworking entre diferents professionals.\" \/>\n<meta property=\"og:url\" content=\"https:\/\/www.ariasassessors.com\/ca\/deduir-les-despeses-derivades-dun-coworking\/\" \/>\n<meta property=\"og:site_name\" content=\"Arias Assessors\" \/>\n<meta property=\"article:publisher\" content=\"https:\/\/www.facebook.com\/ariasassessors\/\" \/>\n<meta property=\"article:published_time\" content=\"2019-07-17T10:19:31+00:00\" \/>\n<meta property=\"og:image\" content=\"https:\/\/www.ariasassessors.com\/wp-content\/uploads\/2019\/07\/coworking.png\" \/>\n\t<meta property=\"og:image:width\" content=\"1200\" \/>\n\t<meta property=\"og:image:height\" content=\"500\" \/>\n\t<meta property=\"og:image:type\" content=\"image\/png\" \/>\n<meta name=\"author\" content=\"btorras\" \/>\n<meta name=\"twitter:card\" content=\"summary_large_image\" \/>\n<meta name=\"twitter:creator\" content=\"@ariasassessors\" \/>\n<meta name=\"twitter:site\" content=\"@ariasassessors\" \/>\n<meta name=\"twitter:label1\" content=\"Escrit per\" \/>\n\t<meta name=\"twitter:data1\" content=\"btorras\" \/>\n\t<meta name=\"twitter:label2\" content=\"Temps estimat de lectura\" \/>\n\t<meta name=\"twitter:data2\" content=\"2 minuts\" \/>\n<script type=\"application\/ld+json\" class=\"yoast-schema-graph\">{\"@context\":\"https:\/\/schema.org\",\"@graph\":[{\"@type\":\"Article\",\"@id\":\"https:\/\/www.ariasassessors.com\/ca\/deduir-les-despeses-derivades-dun-coworking\/#article\",\"isPartOf\":{\"@id\":\"https:\/\/www.ariasassessors.com\/ca\/deduir-les-despeses-derivades-dun-coworking\/\"},\"author\":{\"name\":\"btorras\",\"@id\":\"https:\/\/www.ariasassessors.com\/#\/schema\/person\/63c6ad1775f0a9413c37932562673cef\"},\"headline\":\"Es poden deduir les despeses derivades de l&#8217;\u00fas d&#8217;un espai de Coworking?\",\"datePublished\":\"2019-07-17T10:19:31+00:00\",\"dateModified\":\"2019-07-17T10:19:31+00:00\",\"mainEntityOfPage\":{\"@id\":\"https:\/\/www.ariasassessors.com\/ca\/deduir-les-despeses-derivades-dun-coworking\/\"},\"wordCount\":377,\"commentCount\":0,\"publisher\":{\"@id\":\"https:\/\/www.ariasassessors.com\/#organization\"},\"image\":{\"@id\":\"https:\/\/www.ariasassessors.com\/ca\/deduir-les-despeses-derivades-dun-coworking\/#primaryimage\"},\"thumbnailUrl\":\"https:\/\/www.ariasassessors.com\/wp-content\/uploads\/2019\/07\/coworking.png\",\"articleSection\":[\"noticies\"],\"inLanguage\":\"ca\",\"potentialAction\":[{\"@type\":\"CommentAction\",\"name\":\"Comment\",\"target\":[\"https:\/\/www.ariasassessors.com\/ca\/deduir-les-despeses-derivades-dun-coworking\/#respond\"]}]},{\"@type\":\"WebPage\",\"@id\":\"https:\/\/www.ariasassessors.com\/ca\/deduir-les-despeses-derivades-dun-coworking\/\",\"url\":\"https:\/\/www.ariasassessors.com\/ca\/deduir-les-despeses-derivades-dun-coworking\/\",\"name\":\"Es poden deduir les despeses derivades d'un Coworking? Arias Assessors\",\"isPartOf\":{\"@id\":\"https:\/\/www.ariasassessors.com\/#website\"},\"primaryImageOfPage\":{\"@id\":\"https:\/\/www.ariasassessors.com\/ca\/deduir-les-despeses-derivades-dun-coworking\/#primaryimage\"},\"image\":{\"@id\":\"https:\/\/www.ariasassessors.com\/ca\/deduir-les-despeses-derivades-dun-coworking\/#primaryimage\"},\"thumbnailUrl\":\"https:\/\/www.ariasassessors.com\/wp-content\/uploads\/2019\/07\/coworking.png\",\"datePublished\":\"2019-07-17T10:19:31+00:00\",\"dateModified\":\"2019-07-17T10:19:31+00:00\",\"description\":\"La DGT ha em\u00e8s una consulta vinculant declarant la dedu\u00efbilitat de les despeses derivades de l'\u00fas d'un espai de coworking entre diferents professionals.\",\"breadcrumb\":{\"@id\":\"https:\/\/www.ariasassessors.com\/ca\/deduir-les-despeses-derivades-dun-coworking\/#breadcrumb\"},\"inLanguage\":\"ca\",\"potentialAction\":[{\"@type\":\"ReadAction\",\"target\":[\"https:\/\/www.ariasassessors.com\/ca\/deduir-les-despeses-derivades-dun-coworking\/\"]}]},{\"@type\":\"ImageObject\",\"inLanguage\":\"ca\",\"@id\":\"https:\/\/www.ariasassessors.com\/ca\/deduir-les-despeses-derivades-dun-coworking\/#primaryimage\",\"url\":\"https:\/\/www.ariasassessors.com\/wp-content\/uploads\/2019\/07\/coworking.png\",\"contentUrl\":\"https:\/\/www.ariasassessors.com\/wp-content\/uploads\/2019\/07\/coworking.png\",\"width\":1200,\"height\":500},{\"@type\":\"BreadcrumbList\",\"@id\":\"https:\/\/www.ariasassessors.com\/ca\/deduir-les-despeses-derivades-dun-coworking\/#breadcrumb\",\"itemListElement\":[{\"@type\":\"ListItem\",\"position\":1,\"name\":\"Portada\",\"item\":\"https:\/\/www.ariasassessors.com\/ca\/\"},{\"@type\":\"ListItem\",\"position\":2,\"name\":\"Es poden deduir les despeses derivades de l&#8217;\u00fas d&#8217;un espai de Coworking?\"}]},{\"@type\":\"WebSite\",\"@id\":\"https:\/\/www.ariasassessors.com\/#website\",\"url\":\"https:\/\/www.ariasassessors.com\/\",\"name\":\"Arias Assessors\",\"description\":\"Asesor\u00eda para aut\u00f3nomos, profesionales y PYMES\",\"publisher\":{\"@id\":\"https:\/\/www.ariasassessors.com\/#organization\"},\"potentialAction\":[{\"@type\":\"SearchAction\",\"target\":{\"@type\":\"EntryPoint\",\"urlTemplate\":\"https:\/\/www.ariasassessors.com\/?s={search_term_string}\"},\"query-input\":{\"@type\":\"PropertyValueSpecification\",\"valueRequired\":true,\"valueName\":\"search_term_string\"}}],\"inLanguage\":\"ca\"},{\"@type\":\"Organization\",\"@id\":\"https:\/\/www.ariasassessors.com\/#organization\",\"name\":\"Arias Assessors\",\"url\":\"https:\/\/www.ariasassessors.com\/\",\"logo\":{\"@type\":\"ImageObject\",\"inLanguage\":\"ca\",\"@id\":\"https:\/\/www.ariasassessors.com\/#\/schema\/logo\/image\/\",\"url\":\"https:\/\/www.ariasassessors.com\/wp-content\/uploads\/2019\/01\/arias-logo.png\",\"contentUrl\":\"https:\/\/www.ariasassessors.com\/wp-content\/uploads\/2019\/01\/arias-logo.png\",\"width\":349,\"height\":254,\"caption\":\"Arias Assessors\"},\"image\":{\"@id\":\"https:\/\/www.ariasassessors.com\/#\/schema\/logo\/image\/\"},\"sameAs\":[\"https:\/\/www.facebook.com\/ariasassessors\/\",\"https:\/\/x.com\/ariasassessors\",\"https:\/\/www.linkedin.com\/company\/r&amp;amp;r-growing-knowledge\/\"]},{\"@type\":\"Person\",\"@id\":\"https:\/\/www.ariasassessors.com\/#\/schema\/person\/63c6ad1775f0a9413c37932562673cef\",\"name\":\"btorras\",\"image\":{\"@type\":\"ImageObject\",\"inLanguage\":\"ca\",\"@id\":\"https:\/\/www.ariasassessors.com\/#\/schema\/person\/image\/\",\"url\":\"https:\/\/secure.gravatar.com\/avatar\/0531db351fc361fdbfd204c58fa2d6a3?s=96&d=mm&r=g\",\"contentUrl\":\"https:\/\/secure.gravatar.com\/avatar\/0531db351fc361fdbfd204c58fa2d6a3?s=96&d=mm&r=g\",\"caption\":\"btorras\"}}]}<\/script>\n<!-- \/ Yoast SEO plugin. -->","yoast_head_json":{"title":"Es poden deduir les despeses derivades d'un Coworking? Arias Assessors","description":"La DGT ha em\u00e8s una consulta vinculant declarant la dedu\u00efbilitat de les despeses derivades de l'\u00fas d'un espai de coworking entre diferents professionals.","robots":{"index":"index","follow":"follow","max-snippet":"max-snippet:-1","max-image-preview":"max-image-preview:large","max-video-preview":"max-video-preview:-1"},"canonical":"https:\/\/www.ariasassessors.com\/ca\/deduir-les-despeses-derivades-dun-coworking\/","og_locale":"ca_ES","og_type":"article","og_title":"Es poden deduir les despeses derivades d'un Coworking? Arias Assessors","og_description":"La DGT ha em\u00e8s una consulta vinculant declarant la dedu\u00efbilitat de les despeses derivades de l'\u00fas d'un espai de coworking entre diferents professionals.","og_url":"https:\/\/www.ariasassessors.com\/ca\/deduir-les-despeses-derivades-dun-coworking\/","og_site_name":"Arias Assessors","article_publisher":"https:\/\/www.facebook.com\/ariasassessors\/","article_published_time":"2019-07-17T10:19:31+00:00","og_image":[{"width":1200,"height":500,"url":"https:\/\/www.ariasassessors.com\/wp-content\/uploads\/2019\/07\/coworking.png","type":"image\/png"}],"author":"btorras","twitter_card":"summary_large_image","twitter_creator":"@ariasassessors","twitter_site":"@ariasassessors","twitter_misc":{"Escrit per":"btorras","Temps estimat de lectura":"2 minuts"},"schema":{"@context":"https:\/\/schema.org","@graph":[{"@type":"Article","@id":"https:\/\/www.ariasassessors.com\/ca\/deduir-les-despeses-derivades-dun-coworking\/#article","isPartOf":{"@id":"https:\/\/www.ariasassessors.com\/ca\/deduir-les-despeses-derivades-dun-coworking\/"},"author":{"name":"btorras","@id":"https:\/\/www.ariasassessors.com\/#\/schema\/person\/63c6ad1775f0a9413c37932562673cef"},"headline":"Es poden deduir les despeses derivades de l&#8217;\u00fas d&#8217;un espai de Coworking?","datePublished":"2019-07-17T10:19:31+00:00","dateModified":"2019-07-17T10:19:31+00:00","mainEntityOfPage":{"@id":"https:\/\/www.ariasassessors.com\/ca\/deduir-les-despeses-derivades-dun-coworking\/"},"wordCount":377,"commentCount":0,"publisher":{"@id":"https:\/\/www.ariasassessors.com\/#organization"},"image":{"@id":"https:\/\/www.ariasassessors.com\/ca\/deduir-les-despeses-derivades-dun-coworking\/#primaryimage"},"thumbnailUrl":"https:\/\/www.ariasassessors.com\/wp-content\/uploads\/2019\/07\/coworking.png","articleSection":["noticies"],"inLanguage":"ca","potentialAction":[{"@type":"CommentAction","name":"Comment","target":["https:\/\/www.ariasassessors.com\/ca\/deduir-les-despeses-derivades-dun-coworking\/#respond"]}]},{"@type":"WebPage","@id":"https:\/\/www.ariasassessors.com\/ca\/deduir-les-despeses-derivades-dun-coworking\/","url":"https:\/\/www.ariasassessors.com\/ca\/deduir-les-despeses-derivades-dun-coworking\/","name":"Es poden deduir les despeses derivades d'un Coworking? Arias Assessors","isPartOf":{"@id":"https:\/\/www.ariasassessors.com\/#website"},"primaryImageOfPage":{"@id":"https:\/\/www.ariasassessors.com\/ca\/deduir-les-despeses-derivades-dun-coworking\/#primaryimage"},"image":{"@id":"https:\/\/www.ariasassessors.com\/ca\/deduir-les-despeses-derivades-dun-coworking\/#primaryimage"},"thumbnailUrl":"https:\/\/www.ariasassessors.com\/wp-content\/uploads\/2019\/07\/coworking.png","datePublished":"2019-07-17T10:19:31+00:00","dateModified":"2019-07-17T10:19:31+00:00","description":"La DGT ha em\u00e8s una consulta vinculant declarant la dedu\u00efbilitat de les despeses derivades de l'\u00fas d'un espai de coworking entre diferents professionals.","breadcrumb":{"@id":"https:\/\/www.ariasassessors.com\/ca\/deduir-les-despeses-derivades-dun-coworking\/#breadcrumb"},"inLanguage":"ca","potentialAction":[{"@type":"ReadAction","target":["https:\/\/www.ariasassessors.com\/ca\/deduir-les-despeses-derivades-dun-coworking\/"]}]},{"@type":"ImageObject","inLanguage":"ca","@id":"https:\/\/www.ariasassessors.com\/ca\/deduir-les-despeses-derivades-dun-coworking\/#primaryimage","url":"https:\/\/www.ariasassessors.com\/wp-content\/uploads\/2019\/07\/coworking.png","contentUrl":"https:\/\/www.ariasassessors.com\/wp-content\/uploads\/2019\/07\/coworking.png","width":1200,"height":500},{"@type":"BreadcrumbList","@id":"https:\/\/www.ariasassessors.com\/ca\/deduir-les-despeses-derivades-dun-coworking\/#breadcrumb","itemListElement":[{"@type":"ListItem","position":1,"name":"Portada","item":"https:\/\/www.ariasassessors.com\/ca\/"},{"@type":"ListItem","position":2,"name":"Es poden deduir les despeses derivades de l&#8217;\u00fas d&#8217;un espai de Coworking?"}]},{"@type":"WebSite","@id":"https:\/\/www.ariasassessors.com\/#website","url":"https:\/\/www.ariasassessors.com\/","name":"Arias Assessors","description":"Asesor\u00eda para aut\u00f3nomos, profesionales y PYMES","publisher":{"@id":"https:\/\/www.ariasassessors.com\/#organization"},"potentialAction":[{"@type":"SearchAction","target":{"@type":"EntryPoint","urlTemplate":"https:\/\/www.ariasassessors.com\/?s={search_term_string}"},"query-input":{"@type":"PropertyValueSpecification","valueRequired":true,"valueName":"search_term_string"}}],"inLanguage":"ca"},{"@type":"Organization","@id":"https:\/\/www.ariasassessors.com\/#organization","name":"Arias Assessors","url":"https:\/\/www.ariasassessors.com\/","logo":{"@type":"ImageObject","inLanguage":"ca","@id":"https:\/\/www.ariasassessors.com\/#\/schema\/logo\/image\/","url":"https:\/\/www.ariasassessors.com\/wp-content\/uploads\/2019\/01\/arias-logo.png","contentUrl":"https:\/\/www.ariasassessors.com\/wp-content\/uploads\/2019\/01\/arias-logo.png","width":349,"height":254,"caption":"Arias Assessors"},"image":{"@id":"https:\/\/www.ariasassessors.com\/#\/schema\/logo\/image\/"},"sameAs":["https:\/\/www.facebook.com\/ariasassessors\/","https:\/\/x.com\/ariasassessors","https:\/\/www.linkedin.com\/company\/r&amp;amp;r-growing-knowledge\/"]},{"@type":"Person","@id":"https:\/\/www.ariasassessors.com\/#\/schema\/person\/63c6ad1775f0a9413c37932562673cef","name":"btorras","image":{"@type":"ImageObject","inLanguage":"ca","@id":"https:\/\/www.ariasassessors.com\/#\/schema\/person\/image\/","url":"https:\/\/secure.gravatar.com\/avatar\/0531db351fc361fdbfd204c58fa2d6a3?s=96&d=mm&r=g","contentUrl":"https:\/\/secure.gravatar.com\/avatar\/0531db351fc361fdbfd204c58fa2d6a3?s=96&d=mm&r=g","caption":"btorras"}}]}},"_links":{"self":[{"href":"https:\/\/www.ariasassessors.com\/ca\/wp-json\/wp\/v2\/posts\/679","targetHints":{"allow":["GET"]}}],"collection":[{"href":"https:\/\/www.ariasassessors.com\/ca\/wp-json\/wp\/v2\/posts"}],"about":[{"href":"https:\/\/www.ariasassessors.com\/ca\/wp-json\/wp\/v2\/types\/post"}],"author":[{"embeddable":true,"href":"https:\/\/www.ariasassessors.com\/ca\/wp-json\/wp\/v2\/users\/2"}],"replies":[{"embeddable":true,"href":"https:\/\/www.ariasassessors.com\/ca\/wp-json\/wp\/v2\/comments?post=679"}],"version-history":[{"count":1,"href":"https:\/\/www.ariasassessors.com\/ca\/wp-json\/wp\/v2\/posts\/679\/revisions"}],"predecessor-version":[{"id":680,"href":"https:\/\/www.ariasassessors.com\/ca\/wp-json\/wp\/v2\/posts\/679\/revisions\/680"}],"wp:featuredmedia":[{"embeddable":true,"href":"https:\/\/www.ariasassessors.com\/ca\/wp-json\/wp\/v2\/media\/676"}],"wp:attachment":[{"href":"https:\/\/www.ariasassessors.com\/ca\/wp-json\/wp\/v2\/media?parent=679"}],"wp:term":[{"taxonomy":"category","embeddable":true,"href":"https:\/\/www.ariasassessors.com\/ca\/wp-json\/wp\/v2\/categories?post=679"},{"taxonomy":"post_tag","embeddable":true,"href":"https:\/\/www.ariasassessors.com\/ca\/wp-json\/wp\/v2\/tags?post=679"}],"curies":[{"name":"wp","href":"https:\/\/api.w.org\/{rel}","templated":true}]}}