{"id":705,"date":"2019-08-27T13:51:43","date_gmt":"2019-08-27T11:51:43","guid":{"rendered":"https:\/\/www.ariasassessors.com\/?p=705"},"modified":"2019-08-27T13:51:43","modified_gmt":"2019-08-27T11:51:43","slug":"baixa-maternitat","status":"publish","type":"post","link":"https:\/\/www.ariasassessors.com\/ca\/baixa-maternitat\/","title":{"rendered":"Les families monoparentals tindran dret a dues setmanes m\u00e9s en cas de part, adopci\u00f3 o acolliment m\u00faltiple o fill amb discapacitat"},"content":{"rendered":"<p><span lang=\"ca\" tabindex=\"0\">L&#8217;Institut Nacional de la Seguretat Social esmena un error com\u00e8s amb del Reial Decret llei que ampliava els permisos de paternitat que va provocar que les fam\u00edlies monoparentals perdessin una setmana de perm\u00eds retribu\u00eft en els sup\u00f2sits de discapacitat del fill o filla, naixement, adopci\u00f3, guarda amb fins d&#8217;adopci\u00f3 o acolliment m\u00faltiple.<\/span><\/p>\n<div id=\"tw-target-text-container\" class=\"tw-ta-container tw-nfl\">\n<p id=\"tw-target-text\" class=\"tw-data-text tw-text-large tw-ta\" dir=\"ltr\" data-placeholder=\"Traducci\u00f3n\"><span lang=\"ca\" tabindex=\"0\">Diverses mares van presentar queixes davant l&#8217;INSS, i aquest organisme emet una nota de premsa en la qual aclareix que els familias monoparentals, tindr\u00e0n dret a gaudir de les dos semanas addicionals de perm\u00eds retribu\u00eft previst a l&#8217;Apartat 6 de l&#8217;article 48 de l&#8217;ET, igualant aix\u00ed el dret d&#8217;aquestes families a les formades per 2 progenitors a a gaudir del per\u00edode addicional previst al citat article.<\/span><\/p>\n<\/div>\n<div id=\"z6maec\" class=\"tw-ta-container tw-nfl\">\n<div id=\"tw-target-text-container\" class=\"tw-ta-container tw-nfl\">\n<p id=\"tw-target-text\" class=\"tw-data-text tw-text-large tw-ta\" dir=\"ltr\" data-placeholder=\"Traducci\u00f3n\"><span lang=\"ca\" tabindex=\"0\">Des del 8 de mar\u00e7, amb l&#8217;aplicaci\u00f3 de la Llei 6\/2019 d&#8217;1 de mar\u00e7, de mesures urgents per a garantia de la igualtat de tracte i d&#8217;oportunitats entre dones i homes en el treball es va introduir, entre altres novetats, la configuraci\u00f3 dels permisos i suspensions de contracte com a drets individuals de les persones treballadores.<\/span><\/p>\n<\/div>\n<div id=\"z6maec\" class=\"tw-ta-container tw-nfl\">\n<div id=\"tw-target-text-container\" class=\"tw-ta-container tw-nfl\">\n<p id=\"tw-target-text\" class=\"tw-data-text tw-text-large tw-ta\" dir=\"ltr\" data-placeholder=\"Traducci\u00f3n\"><span lang=\"ca\" tabindex=\"0\">D&#8217;aquesta manera, el dret a aquesta prestaci\u00f3 per naixement i cura de fill o menor pot exercir indistintament per un o altre progenitor, adoptant, guardador amb fins d&#8217;adopci\u00f3 o acollidor, amb la mateixa durada i sense possibilitat de transfer\u00e8ncia.<\/span><\/p>\n<\/div>\n<div id=\"z6maec\" class=\"tw-ta-container tw-nfl\">\n<div id=\"tw-target-text-container\" class=\"tw-ta-container tw-nfl\">\n<p id=\"tw-target-text\" class=\"tw-data-text tw-text-large tw-ta\" dir=\"ltr\" data-placeholder=\"Traducci\u00f3n\"><span lang=\"ca\" tabindex=\"0\">El nou disseny de la prestaci\u00f3 -com dret individual-va donar lloc a una situaci\u00f3 no prevista en el cas de les fam\u00edlies monoparentals: el repartiment equitatiu entre els dos progenitors de les dues setmanes addicionals en cas de discapacitat del menor o de part, acolliment o adopci\u00f3 m\u00faltiples entre ambd\u00f3s progenitors, es limita a una quan es tracta de fam\u00edlia monoparental.<\/span><\/p>\n<\/div>\n<div id=\"z6maec\" class=\"tw-ta-container tw-nfl\">\n<div id=\"tw-target-text-container\" class=\"tw-ta-container tw-nfl\">\n<p id=\"tw-target-text\" class=\"tw-data-text tw-text-large tw-ta\" dir=\"ltr\" data-placeholder=\"Traducci\u00f3n\"><span lang=\"ca\" tabindex=\"0\">Amb el criteri dictat per l&#8217;INSS, s&#8217;iguala el dret entre els dos models de familia, de manera que els fills i filles -o menors- puguin rebre les cures necess\u00e0ries independentment que tingui un o dos progenitors.<\/span><\/p>\n<\/div>\n<div id=\"z6maec\" class=\"tw-ta-container tw-nfl\">\n<pre id=\"tw-target-rmn\" class=\"tw-data-placeholder tw-text-small tw-ta\" dir=\"ltr\" data-placeholder=\"\"><\/pre>\n<\/div>\n<\/div>\n<\/div>\n<\/div>\n<\/div>\n<p id=\"z6maec\" class=\"tw-ta-container tw-nfl\">\n","protected":false},"excerpt":{"rendered":"<p>L&#8217;Institut Nacional de la Seguretat Social esmena un error com\u00e8s amb del Reial Decret llei que ampliava els permisos de paternitat que va provocar que les fam\u00edlies monoparentals perdessin una setmana de perm\u00eds retribu\u00eft en els sup\u00f2sits de discapacitat del fill o filla, naixement, adopci\u00f3,&#8230;<\/p>\n","protected":false},"author":2,"featured_media":703,"comment_status":"open","ping_status":"open","sticky":false,"template":"","format":"standard","meta":{"footnotes":""},"categories":[4],"tags":[234,229],"class_list":["post-705","post","type-post","status-publish","format-standard","has-post-thumbnail","hentry","category-noticies","tag-normativa-empresas-ca","tag-noticias-ca"],"yoast_head":"<!-- This site is optimized with the Yoast SEO plugin v24.3 - https:\/\/yoast.com\/wordpress\/plugins\/seo\/ -->\n<title>Les families monoparentals tindran dret a dues setmanes m\u00e9s en cas de part, adopci\u00f3 o acolliment m\u00faltiple o fill amb discapacitat | Arias Assessors<\/title>\n<meta name=\"description\" content=\"Les families monoparentals tindran dret a dues setmanes m\u00e9s en cas de part, adopci\u00f3 o acolliment m\u00faltiple o fill amb discapacitat.\" \/>\n<meta name=\"robots\" content=\"index, follow, max-snippet:-1, max-image-preview:large, max-video-preview:-1\" \/>\n<link rel=\"canonical\" href=\"https:\/\/www.ariasassessors.com\/ca\/baixa-maternitat\/\" \/>\n<meta property=\"og:locale\" content=\"ca_ES\" \/>\n<meta property=\"og:type\" content=\"article\" \/>\n<meta property=\"og:title\" content=\"Les families monoparentals tindran dret a dues setmanes m\u00e9s en cas de part, adopci\u00f3 o acolliment m\u00faltiple o fill amb discapacitat | Arias Assessors\" \/>\n<meta property=\"og:description\" content=\"Les families monoparentals tindran dret a dues setmanes m\u00e9s en cas de part, adopci\u00f3 o acolliment m\u00faltiple o fill amb discapacitat.\" \/>\n<meta property=\"og:url\" content=\"https:\/\/www.ariasassessors.com\/ca\/baixa-maternitat\/\" \/>\n<meta property=\"og:site_name\" content=\"Arias Assessors\" \/>\n<meta property=\"article:publisher\" content=\"https:\/\/www.facebook.com\/ariasassessors\/\" \/>\n<meta property=\"article:published_time\" content=\"2019-08-27T11:51:43+00:00\" \/>\n<meta property=\"og:image\" content=\"https:\/\/www.ariasassessors.com\/wp-content\/uploads\/2019\/08\/maternidad.png\" \/>\n\t<meta property=\"og:image:width\" content=\"1200\" \/>\n\t<meta property=\"og:image:height\" content=\"500\" \/>\n\t<meta property=\"og:image:type\" content=\"image\/png\" \/>\n<meta name=\"author\" content=\"btorras\" \/>\n<meta name=\"twitter:card\" content=\"summary_large_image\" \/>\n<meta name=\"twitter:creator\" content=\"@ariasassessors\" \/>\n<meta name=\"twitter:site\" content=\"@ariasassessors\" \/>\n<meta name=\"twitter:label1\" content=\"Escrit per\" \/>\n\t<meta name=\"twitter:data1\" content=\"btorras\" \/>\n\t<meta name=\"twitter:label2\" content=\"Temps estimat de lectura\" \/>\n\t<meta name=\"twitter:data2\" content=\"2 minuts\" \/>\n<script type=\"application\/ld+json\" class=\"yoast-schema-graph\">{\"@context\":\"https:\/\/schema.org\",\"@graph\":[{\"@type\":\"Article\",\"@id\":\"https:\/\/www.ariasassessors.com\/ca\/baixa-maternitat\/#article\",\"isPartOf\":{\"@id\":\"https:\/\/www.ariasassessors.com\/ca\/baixa-maternitat\/\"},\"author\":{\"name\":\"btorras\",\"@id\":\"https:\/\/www.ariasassessors.com\/#\/schema\/person\/63c6ad1775f0a9413c37932562673cef\"},\"headline\":\"Les families monoparentals tindran dret a dues setmanes m\u00e9s en cas de part, adopci\u00f3 o acolliment m\u00faltiple o fill amb discapacitat\",\"datePublished\":\"2019-08-27T11:51:43+00:00\",\"dateModified\":\"2019-08-27T11:51:43+00:00\",\"mainEntityOfPage\":{\"@id\":\"https:\/\/www.ariasassessors.com\/ca\/baixa-maternitat\/\"},\"wordCount\":344,\"commentCount\":0,\"publisher\":{\"@id\":\"https:\/\/www.ariasassessors.com\/#organization\"},\"image\":{\"@id\":\"https:\/\/www.ariasassessors.com\/ca\/baixa-maternitat\/#primaryimage\"},\"thumbnailUrl\":\"https:\/\/www.ariasassessors.com\/wp-content\/uploads\/2019\/08\/maternidad.png\",\"keywords\":[\"normativa empresas\",\"noticias\"],\"articleSection\":[\"noticies\"],\"inLanguage\":\"ca\",\"potentialAction\":[{\"@type\":\"CommentAction\",\"name\":\"Comment\",\"target\":[\"https:\/\/www.ariasassessors.com\/ca\/baixa-maternitat\/#respond\"]}]},{\"@type\":\"WebPage\",\"@id\":\"https:\/\/www.ariasassessors.com\/ca\/baixa-maternitat\/\",\"url\":\"https:\/\/www.ariasassessors.com\/ca\/baixa-maternitat\/\",\"name\":\"Les families monoparentals tindran dret a dues setmanes m\u00e9s en cas de part, adopci\u00f3 o acolliment m\u00faltiple o fill amb discapacitat | Arias Assessors\",\"isPartOf\":{\"@id\":\"https:\/\/www.ariasassessors.com\/#website\"},\"primaryImageOfPage\":{\"@id\":\"https:\/\/www.ariasassessors.com\/ca\/baixa-maternitat\/#primaryimage\"},\"image\":{\"@id\":\"https:\/\/www.ariasassessors.com\/ca\/baixa-maternitat\/#primaryimage\"},\"thumbnailUrl\":\"https:\/\/www.ariasassessors.com\/wp-content\/uploads\/2019\/08\/maternidad.png\",\"datePublished\":\"2019-08-27T11:51:43+00:00\",\"dateModified\":\"2019-08-27T11:51:43+00:00\",\"description\":\"Les families monoparentals tindran dret a dues setmanes m\u00e9s en cas de part, adopci\u00f3 o acolliment m\u00faltiple o fill amb discapacitat.\",\"breadcrumb\":{\"@id\":\"https:\/\/www.ariasassessors.com\/ca\/baixa-maternitat\/#breadcrumb\"},\"inLanguage\":\"ca\",\"potentialAction\":[{\"@type\":\"ReadAction\",\"target\":[\"https:\/\/www.ariasassessors.com\/ca\/baixa-maternitat\/\"]}]},{\"@type\":\"ImageObject\",\"inLanguage\":\"ca\",\"@id\":\"https:\/\/www.ariasassessors.com\/ca\/baixa-maternitat\/#primaryimage\",\"url\":\"https:\/\/www.ariasassessors.com\/wp-content\/uploads\/2019\/08\/maternidad.png\",\"contentUrl\":\"https:\/\/www.ariasassessors.com\/wp-content\/uploads\/2019\/08\/maternidad.png\",\"width\":1200,\"height\":500},{\"@type\":\"BreadcrumbList\",\"@id\":\"https:\/\/www.ariasassessors.com\/ca\/baixa-maternitat\/#breadcrumb\",\"itemListElement\":[{\"@type\":\"ListItem\",\"position\":1,\"name\":\"Portada\",\"item\":\"https:\/\/www.ariasassessors.com\/ca\/\"},{\"@type\":\"ListItem\",\"position\":2,\"name\":\"Les families monoparentals tindran dret a dues setmanes m\u00e9s en cas de part, adopci\u00f3 o acolliment m\u00faltiple o fill amb discapacitat\"}]},{\"@type\":\"WebSite\",\"@id\":\"https:\/\/www.ariasassessors.com\/#website\",\"url\":\"https:\/\/www.ariasassessors.com\/\",\"name\":\"Arias Assessors\",\"description\":\"Asesor\u00eda para aut\u00f3nomos, profesionales y PYMES\",\"publisher\":{\"@id\":\"https:\/\/www.ariasassessors.com\/#organization\"},\"potentialAction\":[{\"@type\":\"SearchAction\",\"target\":{\"@type\":\"EntryPoint\",\"urlTemplate\":\"https:\/\/www.ariasassessors.com\/?s={search_term_string}\"},\"query-input\":{\"@type\":\"PropertyValueSpecification\",\"valueRequired\":true,\"valueName\":\"search_term_string\"}}],\"inLanguage\":\"ca\"},{\"@type\":\"Organization\",\"@id\":\"https:\/\/www.ariasassessors.com\/#organization\",\"name\":\"Arias Assessors\",\"url\":\"https:\/\/www.ariasassessors.com\/\",\"logo\":{\"@type\":\"ImageObject\",\"inLanguage\":\"ca\",\"@id\":\"https:\/\/www.ariasassessors.com\/#\/schema\/logo\/image\/\",\"url\":\"https:\/\/www.ariasassessors.com\/wp-content\/uploads\/2019\/01\/arias-logo.png\",\"contentUrl\":\"https:\/\/www.ariasassessors.com\/wp-content\/uploads\/2019\/01\/arias-logo.png\",\"width\":349,\"height\":254,\"caption\":\"Arias Assessors\"},\"image\":{\"@id\":\"https:\/\/www.ariasassessors.com\/#\/schema\/logo\/image\/\"},\"sameAs\":[\"https:\/\/www.facebook.com\/ariasassessors\/\",\"https:\/\/x.com\/ariasassessors\",\"https:\/\/www.linkedin.com\/company\/r&amp;amp;r-growing-knowledge\/\"]},{\"@type\":\"Person\",\"@id\":\"https:\/\/www.ariasassessors.com\/#\/schema\/person\/63c6ad1775f0a9413c37932562673cef\",\"name\":\"btorras\",\"image\":{\"@type\":\"ImageObject\",\"inLanguage\":\"ca\",\"@id\":\"https:\/\/www.ariasassessors.com\/#\/schema\/person\/image\/\",\"url\":\"https:\/\/secure.gravatar.com\/avatar\/0531db351fc361fdbfd204c58fa2d6a3?s=96&d=mm&r=g\",\"contentUrl\":\"https:\/\/secure.gravatar.com\/avatar\/0531db351fc361fdbfd204c58fa2d6a3?s=96&d=mm&r=g\",\"caption\":\"btorras\"}}]}<\/script>\n<!-- \/ Yoast SEO plugin. -->","yoast_head_json":{"title":"Les families monoparentals tindran dret a dues setmanes m\u00e9s en cas de part, adopci\u00f3 o acolliment m\u00faltiple o fill amb discapacitat | Arias Assessors","description":"Les families monoparentals tindran dret a dues setmanes m\u00e9s en cas de part, adopci\u00f3 o acolliment m\u00faltiple o fill amb discapacitat.","robots":{"index":"index","follow":"follow","max-snippet":"max-snippet:-1","max-image-preview":"max-image-preview:large","max-video-preview":"max-video-preview:-1"},"canonical":"https:\/\/www.ariasassessors.com\/ca\/baixa-maternitat\/","og_locale":"ca_ES","og_type":"article","og_title":"Les families monoparentals tindran dret a dues setmanes m\u00e9s en cas de part, adopci\u00f3 o acolliment m\u00faltiple o fill amb discapacitat | Arias Assessors","og_description":"Les families monoparentals tindran dret a dues setmanes m\u00e9s en cas de part, adopci\u00f3 o acolliment m\u00faltiple o fill amb discapacitat.","og_url":"https:\/\/www.ariasassessors.com\/ca\/baixa-maternitat\/","og_site_name":"Arias Assessors","article_publisher":"https:\/\/www.facebook.com\/ariasassessors\/","article_published_time":"2019-08-27T11:51:43+00:00","og_image":[{"width":1200,"height":500,"url":"https:\/\/www.ariasassessors.com\/wp-content\/uploads\/2019\/08\/maternidad.png","type":"image\/png"}],"author":"btorras","twitter_card":"summary_large_image","twitter_creator":"@ariasassessors","twitter_site":"@ariasassessors","twitter_misc":{"Escrit per":"btorras","Temps estimat de lectura":"2 minuts"},"schema":{"@context":"https:\/\/schema.org","@graph":[{"@type":"Article","@id":"https:\/\/www.ariasassessors.com\/ca\/baixa-maternitat\/#article","isPartOf":{"@id":"https:\/\/www.ariasassessors.com\/ca\/baixa-maternitat\/"},"author":{"name":"btorras","@id":"https:\/\/www.ariasassessors.com\/#\/schema\/person\/63c6ad1775f0a9413c37932562673cef"},"headline":"Les families monoparentals tindran dret a dues setmanes m\u00e9s en cas de part, adopci\u00f3 o acolliment m\u00faltiple o fill amb discapacitat","datePublished":"2019-08-27T11:51:43+00:00","dateModified":"2019-08-27T11:51:43+00:00","mainEntityOfPage":{"@id":"https:\/\/www.ariasassessors.com\/ca\/baixa-maternitat\/"},"wordCount":344,"commentCount":0,"publisher":{"@id":"https:\/\/www.ariasassessors.com\/#organization"},"image":{"@id":"https:\/\/www.ariasassessors.com\/ca\/baixa-maternitat\/#primaryimage"},"thumbnailUrl":"https:\/\/www.ariasassessors.com\/wp-content\/uploads\/2019\/08\/maternidad.png","keywords":["normativa empresas","noticias"],"articleSection":["noticies"],"inLanguage":"ca","potentialAction":[{"@type":"CommentAction","name":"Comment","target":["https:\/\/www.ariasassessors.com\/ca\/baixa-maternitat\/#respond"]}]},{"@type":"WebPage","@id":"https:\/\/www.ariasassessors.com\/ca\/baixa-maternitat\/","url":"https:\/\/www.ariasassessors.com\/ca\/baixa-maternitat\/","name":"Les families monoparentals tindran dret a dues setmanes m\u00e9s en cas de part, adopci\u00f3 o acolliment m\u00faltiple o fill amb discapacitat | Arias Assessors","isPartOf":{"@id":"https:\/\/www.ariasassessors.com\/#website"},"primaryImageOfPage":{"@id":"https:\/\/www.ariasassessors.com\/ca\/baixa-maternitat\/#primaryimage"},"image":{"@id":"https:\/\/www.ariasassessors.com\/ca\/baixa-maternitat\/#primaryimage"},"thumbnailUrl":"https:\/\/www.ariasassessors.com\/wp-content\/uploads\/2019\/08\/maternidad.png","datePublished":"2019-08-27T11:51:43+00:00","dateModified":"2019-08-27T11:51:43+00:00","description":"Les families monoparentals tindran dret a dues setmanes m\u00e9s en cas de part, adopci\u00f3 o acolliment m\u00faltiple o fill amb discapacitat.","breadcrumb":{"@id":"https:\/\/www.ariasassessors.com\/ca\/baixa-maternitat\/#breadcrumb"},"inLanguage":"ca","potentialAction":[{"@type":"ReadAction","target":["https:\/\/www.ariasassessors.com\/ca\/baixa-maternitat\/"]}]},{"@type":"ImageObject","inLanguage":"ca","@id":"https:\/\/www.ariasassessors.com\/ca\/baixa-maternitat\/#primaryimage","url":"https:\/\/www.ariasassessors.com\/wp-content\/uploads\/2019\/08\/maternidad.png","contentUrl":"https:\/\/www.ariasassessors.com\/wp-content\/uploads\/2019\/08\/maternidad.png","width":1200,"height":500},{"@type":"BreadcrumbList","@id":"https:\/\/www.ariasassessors.com\/ca\/baixa-maternitat\/#breadcrumb","itemListElement":[{"@type":"ListItem","position":1,"name":"Portada","item":"https:\/\/www.ariasassessors.com\/ca\/"},{"@type":"ListItem","position":2,"name":"Les families monoparentals tindran dret a dues setmanes m\u00e9s en cas de part, adopci\u00f3 o acolliment m\u00faltiple o fill amb discapacitat"}]},{"@type":"WebSite","@id":"https:\/\/www.ariasassessors.com\/#website","url":"https:\/\/www.ariasassessors.com\/","name":"Arias Assessors","description":"Asesor\u00eda para aut\u00f3nomos, profesionales y PYMES","publisher":{"@id":"https:\/\/www.ariasassessors.com\/#organization"},"potentialAction":[{"@type":"SearchAction","target":{"@type":"EntryPoint","urlTemplate":"https:\/\/www.ariasassessors.com\/?s={search_term_string}"},"query-input":{"@type":"PropertyValueSpecification","valueRequired":true,"valueName":"search_term_string"}}],"inLanguage":"ca"},{"@type":"Organization","@id":"https:\/\/www.ariasassessors.com\/#organization","name":"Arias Assessors","url":"https:\/\/www.ariasassessors.com\/","logo":{"@type":"ImageObject","inLanguage":"ca","@id":"https:\/\/www.ariasassessors.com\/#\/schema\/logo\/image\/","url":"https:\/\/www.ariasassessors.com\/wp-content\/uploads\/2019\/01\/arias-logo.png","contentUrl":"https:\/\/www.ariasassessors.com\/wp-content\/uploads\/2019\/01\/arias-logo.png","width":349,"height":254,"caption":"Arias Assessors"},"image":{"@id":"https:\/\/www.ariasassessors.com\/#\/schema\/logo\/image\/"},"sameAs":["https:\/\/www.facebook.com\/ariasassessors\/","https:\/\/x.com\/ariasassessors","https:\/\/www.linkedin.com\/company\/r&amp;amp;r-growing-knowledge\/"]},{"@type":"Person","@id":"https:\/\/www.ariasassessors.com\/#\/schema\/person\/63c6ad1775f0a9413c37932562673cef","name":"btorras","image":{"@type":"ImageObject","inLanguage":"ca","@id":"https:\/\/www.ariasassessors.com\/#\/schema\/person\/image\/","url":"https:\/\/secure.gravatar.com\/avatar\/0531db351fc361fdbfd204c58fa2d6a3?s=96&d=mm&r=g","contentUrl":"https:\/\/secure.gravatar.com\/avatar\/0531db351fc361fdbfd204c58fa2d6a3?s=96&d=mm&r=g","caption":"btorras"}}]}},"_links":{"self":[{"href":"https:\/\/www.ariasassessors.com\/ca\/wp-json\/wp\/v2\/posts\/705","targetHints":{"allow":["GET"]}}],"collection":[{"href":"https:\/\/www.ariasassessors.com\/ca\/wp-json\/wp\/v2\/posts"}],"about":[{"href":"https:\/\/www.ariasassessors.com\/ca\/wp-json\/wp\/v2\/types\/post"}],"author":[{"embeddable":true,"href":"https:\/\/www.ariasassessors.com\/ca\/wp-json\/wp\/v2\/users\/2"}],"replies":[{"embeddable":true,"href":"https:\/\/www.ariasassessors.com\/ca\/wp-json\/wp\/v2\/comments?post=705"}],"version-history":[{"count":1,"href":"https:\/\/www.ariasassessors.com\/ca\/wp-json\/wp\/v2\/posts\/705\/revisions"}],"predecessor-version":[{"id":706,"href":"https:\/\/www.ariasassessors.com\/ca\/wp-json\/wp\/v2\/posts\/705\/revisions\/706"}],"wp:featuredmedia":[{"embeddable":true,"href":"https:\/\/www.ariasassessors.com\/ca\/wp-json\/wp\/v2\/media\/703"}],"wp:attachment":[{"href":"https:\/\/www.ariasassessors.com\/ca\/wp-json\/wp\/v2\/media?parent=705"}],"wp:term":[{"taxonomy":"category","embeddable":true,"href":"https:\/\/www.ariasassessors.com\/ca\/wp-json\/wp\/v2\/categories?post=705"},{"taxonomy":"post_tag","embeddable":true,"href":"https:\/\/www.ariasassessors.com\/ca\/wp-json\/wp\/v2\/tags?post=705"}],"curies":[{"name":"wp","href":"https:\/\/api.w.org\/{rel}","templated":true}]}}