{"id":768,"date":"2019-10-23T12:35:35","date_gmt":"2019-10-23T10:35:35","guid":{"rendered":"https:\/\/www.ariasassessors.com\/calendario-laboral-catalunya-2020\/"},"modified":"2019-11-19T11:42:15","modified_gmt":"2019-11-19T10:42:15","slug":"calendari-laboral-catalunya-2020","status":"publish","type":"post","link":"https:\/\/www.ariasassessors.com\/ca\/calendari-laboral-catalunya-2020\/","title":{"rendered":"Calendari Laboral Catalunya 2020"},"content":{"rendered":"<div class=\"jhH5U r-iMOup9ADpnzs\" data-rtid=\"iMOup9ADpnzs\">\n<div id=\"tw-ob\" class=\"tw-src-ltr\">\n<div class=\"oSioSc\">\n<div id=\"tw-target\">\n<div id=\"kAz1tf\" class=\"g9WsWb\">\n<div id=\"tw-target-text-container\" class=\"tw-ta-container tw-nfl\">\n<p id=\"tw-target-text\" class=\"tw-data-text tw-text-large tw-ta\" dir=\"ltr\" data-placeholder=\"Traducci\u00f3n\"><span lang=\"ca\" tabindex=\"0\">El <strong>calendari laboral de Catalunya per a l&#8217;any 2020<\/strong> inclou 14 festius. D&#8217;aquests, 8 festes s\u00f3n estatals, 4 auton\u00f2miques i 2 locals a lliure elecci\u00f3 de cada Ajuntament.<\/span><\/p>\n<\/div>\n<\/div>\n<\/div>\n<\/div>\n<\/div>\n<\/div>\n<p><!--more--><\/p>\n<p>En el cas per exemple de Barcelona, \u200b\u200bels dies elegits per l&#8217;Ajuntament de Barcelona com a festius de car\u00e0cter local s\u00f3n els habituals de la Segona Pasqua (que el 2020 cau l&#8217;1 de juny) i la Merc\u00e8 (24 de setembre).<\/p>\n<p>Aquesta \u00e9s lallista completa de festius a Barcelona el 2020. Segons el municipi, variaran \u00fanicament les dues indicades com &#8220;festiu local&#8221;.<\/p>\n<ul>\n<li>1 de Gener: Any Nou (festiu estatal)<\/li>\n<li>6 de Gener: Reis Mags (festiu estatal)<\/li>\n<li>10 d&#8217;Abril: Divendres Sant (festiu estatal)<\/li>\n<li>13 d&#8217;Abril: Dilluns de Pasqua (festiu auton\u00f2mic)<\/li>\n<li>1 de Maig: Dia de l&#8217;Treballador (festiu estatal)<\/li>\n<li>1 de Juny: Segona Pasqua (festiu local)<\/li>\n<li>24 de Juny: Sant Joan (festiu auton\u00f2mic)<\/li>\n<li>15 d&#8217;Agost: Assumpci\u00f3 de la Mare de D\u00e9u (festiu estatal)<\/li>\n<li>11 de Setembre: Diada Nacional de Catalunya (festiu auton\u00f2mic)<\/li>\n<li>24 de Setembre: La Merc\u00e8 (festiu local)<\/li>\n<li>12 d&#8217;Octubre: Festa Nacional d&#8217;Espanya (festiu estatal)<\/li>\n<li>8 de Desembre: Immaculada Concepci\u00f3 (festiu estatal)<\/li>\n<li>25 de Desembre: Nadal (festiu estatal)<\/li>\n<li>26 de Desembre: Sant Esteve (festiu auton\u00f2mic)<\/li>\n<\/ul>\n","protected":false},"excerpt":{"rendered":"<p>El calendari laboral de Catalunya per a l&#8217;any 2020 inclou 14 festius. D&#8217;aquests, 8 festes s\u00f3n estatals, 4 auton\u00f2miques i 2 locals a lliure elecci\u00f3 de cada Ajuntament.<\/p>\n","protected":false},"author":2,"featured_media":745,"comment_status":"open","ping_status":"open","sticky":false,"template":"","format":"standard","meta":{"footnotes":""},"categories":[4],"tags":[287,288,289],"class_list":["post-768","post","type-post","status-publish","format-standard","has-post-thumbnail","hentry","category-noticies","tag-calendari-laboral","tag-calendari-laboral-2020","tag-catalunya-ca"],"yoast_head":"<!-- This site is optimized with the Yoast SEO plugin v24.3 - https:\/\/yoast.com\/wordpress\/plugins\/seo\/ -->\n<title>Calendari Laboral Catalunya 2020 | Arias Assessors<\/title>\n<meta name=\"description\" content=\"El calendari laboral de Catalunya per a l&#039;any 2020 inclou 14 festius. D&#039;aquests, 8 festes s\u00f3n estatals, 4 auton\u00f2miques i 2 locals a lliure elecci\u00f3 de cada Ajuntament.\" \/>\n<meta name=\"robots\" content=\"index, follow, max-snippet:-1, max-image-preview:large, max-video-preview:-1\" \/>\n<link rel=\"canonical\" href=\"https:\/\/www.ariasassessors.com\/ca\/calendari-laboral-catalunya-2020\/\" \/>\n<meta property=\"og:locale\" content=\"ca_ES\" \/>\n<meta property=\"og:type\" content=\"article\" \/>\n<meta property=\"og:title\" content=\"Calendari Laboral Catalunya 2020 | Arias Assessors\" \/>\n<meta property=\"og:description\" content=\"El calendari laboral de Catalunya per a l&#039;any 2020 inclou 14 festius. D&#039;aquests, 8 festes s\u00f3n estatals, 4 auton\u00f2miques i 2 locals a lliure elecci\u00f3 de cada Ajuntament.\" \/>\n<meta property=\"og:url\" content=\"https:\/\/www.ariasassessors.com\/ca\/calendari-laboral-catalunya-2020\/\" \/>\n<meta property=\"og:site_name\" content=\"Arias Assessors\" \/>\n<meta property=\"article:publisher\" content=\"https:\/\/www.facebook.com\/ariasassessors\/\" \/>\n<meta property=\"article:published_time\" content=\"2019-10-23T10:35:35+00:00\" \/>\n<meta property=\"article:modified_time\" content=\"2019-11-19T10:42:15+00:00\" \/>\n<meta property=\"og:image\" content=\"https:\/\/www.ariasassessors.com\/wp-content\/uploads\/2019\/10\/calendario.png\" \/>\n\t<meta property=\"og:image:width\" content=\"1200\" \/>\n\t<meta property=\"og:image:height\" content=\"500\" \/>\n\t<meta property=\"og:image:type\" content=\"image\/png\" \/>\n<meta name=\"author\" content=\"btorras\" \/>\n<meta name=\"twitter:card\" content=\"summary_large_image\" \/>\n<meta name=\"twitter:creator\" content=\"@ariasassessors\" \/>\n<meta name=\"twitter:site\" content=\"@ariasassessors\" \/>\n<meta name=\"twitter:label1\" content=\"Escrit per\" \/>\n\t<meta name=\"twitter:data1\" content=\"btorras\" \/>\n\t<meta name=\"twitter:label2\" content=\"Temps estimat de lectura\" \/>\n\t<meta name=\"twitter:data2\" content=\"1 minut\" \/>\n<script type=\"application\/ld+json\" class=\"yoast-schema-graph\">{\"@context\":\"https:\/\/schema.org\",\"@graph\":[{\"@type\":\"Article\",\"@id\":\"https:\/\/www.ariasassessors.com\/ca\/calendari-laboral-catalunya-2020\/#article\",\"isPartOf\":{\"@id\":\"https:\/\/www.ariasassessors.com\/ca\/calendari-laboral-catalunya-2020\/\"},\"author\":{\"name\":\"btorras\",\"@id\":\"https:\/\/www.ariasassessors.com\/#\/schema\/person\/63c6ad1775f0a9413c37932562673cef\"},\"headline\":\"Calendari Laboral Catalunya 2020\",\"datePublished\":\"2019-10-23T10:35:35+00:00\",\"dateModified\":\"2019-11-19T10:42:15+00:00\",\"mainEntityOfPage\":{\"@id\":\"https:\/\/www.ariasassessors.com\/ca\/calendari-laboral-catalunya-2020\/\"},\"wordCount\":181,\"commentCount\":0,\"publisher\":{\"@id\":\"https:\/\/www.ariasassessors.com\/#organization\"},\"image\":{\"@id\":\"https:\/\/www.ariasassessors.com\/ca\/calendari-laboral-catalunya-2020\/#primaryimage\"},\"thumbnailUrl\":\"https:\/\/www.ariasassessors.com\/wp-content\/uploads\/2019\/10\/calendario.png\",\"keywords\":[\"calendari laboral\",\"calendari laboral 2020\",\"catalunya\"],\"articleSection\":[\"noticies\"],\"inLanguage\":\"ca\",\"potentialAction\":[{\"@type\":\"CommentAction\",\"name\":\"Comment\",\"target\":[\"https:\/\/www.ariasassessors.com\/ca\/calendari-laboral-catalunya-2020\/#respond\"]}]},{\"@type\":\"WebPage\",\"@id\":\"https:\/\/www.ariasassessors.com\/ca\/calendari-laboral-catalunya-2020\/\",\"url\":\"https:\/\/www.ariasassessors.com\/ca\/calendari-laboral-catalunya-2020\/\",\"name\":\"Calendari Laboral Catalunya 2020 | Arias Assessors\",\"isPartOf\":{\"@id\":\"https:\/\/www.ariasassessors.com\/#website\"},\"primaryImageOfPage\":{\"@id\":\"https:\/\/www.ariasassessors.com\/ca\/calendari-laboral-catalunya-2020\/#primaryimage\"},\"image\":{\"@id\":\"https:\/\/www.ariasassessors.com\/ca\/calendari-laboral-catalunya-2020\/#primaryimage\"},\"thumbnailUrl\":\"https:\/\/www.ariasassessors.com\/wp-content\/uploads\/2019\/10\/calendario.png\",\"datePublished\":\"2019-10-23T10:35:35+00:00\",\"dateModified\":\"2019-11-19T10:42:15+00:00\",\"description\":\"El calendari laboral de Catalunya per a l'any 2020 inclou 14 festius. D'aquests, 8 festes s\u00f3n estatals, 4 auton\u00f2miques i 2 locals a lliure elecci\u00f3 de cada Ajuntament.\",\"breadcrumb\":{\"@id\":\"https:\/\/www.ariasassessors.com\/ca\/calendari-laboral-catalunya-2020\/#breadcrumb\"},\"inLanguage\":\"ca\",\"potentialAction\":[{\"@type\":\"ReadAction\",\"target\":[\"https:\/\/www.ariasassessors.com\/ca\/calendari-laboral-catalunya-2020\/\"]}]},{\"@type\":\"ImageObject\",\"inLanguage\":\"ca\",\"@id\":\"https:\/\/www.ariasassessors.com\/ca\/calendari-laboral-catalunya-2020\/#primaryimage\",\"url\":\"https:\/\/www.ariasassessors.com\/wp-content\/uploads\/2019\/10\/calendario.png\",\"contentUrl\":\"https:\/\/www.ariasassessors.com\/wp-content\/uploads\/2019\/10\/calendario.png\",\"width\":1200,\"height\":500},{\"@type\":\"BreadcrumbList\",\"@id\":\"https:\/\/www.ariasassessors.com\/ca\/calendari-laboral-catalunya-2020\/#breadcrumb\",\"itemListElement\":[{\"@type\":\"ListItem\",\"position\":1,\"name\":\"Portada\",\"item\":\"https:\/\/www.ariasassessors.com\/ca\/\"},{\"@type\":\"ListItem\",\"position\":2,\"name\":\"Calendari Laboral Catalunya 2020\"}]},{\"@type\":\"WebSite\",\"@id\":\"https:\/\/www.ariasassessors.com\/#website\",\"url\":\"https:\/\/www.ariasassessors.com\/\",\"name\":\"Arias Assessors\",\"description\":\"Asesor\u00eda para aut\u00f3nomos, profesionales y PYMES\",\"publisher\":{\"@id\":\"https:\/\/www.ariasassessors.com\/#organization\"},\"potentialAction\":[{\"@type\":\"SearchAction\",\"target\":{\"@type\":\"EntryPoint\",\"urlTemplate\":\"https:\/\/www.ariasassessors.com\/?s={search_term_string}\"},\"query-input\":{\"@type\":\"PropertyValueSpecification\",\"valueRequired\":true,\"valueName\":\"search_term_string\"}}],\"inLanguage\":\"ca\"},{\"@type\":\"Organization\",\"@id\":\"https:\/\/www.ariasassessors.com\/#organization\",\"name\":\"Arias Assessors\",\"url\":\"https:\/\/www.ariasassessors.com\/\",\"logo\":{\"@type\":\"ImageObject\",\"inLanguage\":\"ca\",\"@id\":\"https:\/\/www.ariasassessors.com\/#\/schema\/logo\/image\/\",\"url\":\"https:\/\/www.ariasassessors.com\/wp-content\/uploads\/2019\/01\/arias-logo.png\",\"contentUrl\":\"https:\/\/www.ariasassessors.com\/wp-content\/uploads\/2019\/01\/arias-logo.png\",\"width\":349,\"height\":254,\"caption\":\"Arias Assessors\"},\"image\":{\"@id\":\"https:\/\/www.ariasassessors.com\/#\/schema\/logo\/image\/\"},\"sameAs\":[\"https:\/\/www.facebook.com\/ariasassessors\/\",\"https:\/\/x.com\/ariasassessors\",\"https:\/\/www.linkedin.com\/company\/r&amp;amp;r-growing-knowledge\/\"]},{\"@type\":\"Person\",\"@id\":\"https:\/\/www.ariasassessors.com\/#\/schema\/person\/63c6ad1775f0a9413c37932562673cef\",\"name\":\"btorras\",\"image\":{\"@type\":\"ImageObject\",\"inLanguage\":\"ca\",\"@id\":\"https:\/\/www.ariasassessors.com\/#\/schema\/person\/image\/\",\"url\":\"https:\/\/secure.gravatar.com\/avatar\/0531db351fc361fdbfd204c58fa2d6a3?s=96&d=mm&r=g\",\"contentUrl\":\"https:\/\/secure.gravatar.com\/avatar\/0531db351fc361fdbfd204c58fa2d6a3?s=96&d=mm&r=g\",\"caption\":\"btorras\"}}]}<\/script>\n<!-- \/ Yoast SEO plugin. -->","yoast_head_json":{"title":"Calendari Laboral Catalunya 2020 | Arias Assessors","description":"El calendari laboral de Catalunya per a l'any 2020 inclou 14 festius. D'aquests, 8 festes s\u00f3n estatals, 4 auton\u00f2miques i 2 locals a lliure elecci\u00f3 de cada Ajuntament.","robots":{"index":"index","follow":"follow","max-snippet":"max-snippet:-1","max-image-preview":"max-image-preview:large","max-video-preview":"max-video-preview:-1"},"canonical":"https:\/\/www.ariasassessors.com\/ca\/calendari-laboral-catalunya-2020\/","og_locale":"ca_ES","og_type":"article","og_title":"Calendari Laboral Catalunya 2020 | Arias Assessors","og_description":"El calendari laboral de Catalunya per a l'any 2020 inclou 14 festius. D'aquests, 8 festes s\u00f3n estatals, 4 auton\u00f2miques i 2 locals a lliure elecci\u00f3 de cada Ajuntament.","og_url":"https:\/\/www.ariasassessors.com\/ca\/calendari-laboral-catalunya-2020\/","og_site_name":"Arias Assessors","article_publisher":"https:\/\/www.facebook.com\/ariasassessors\/","article_published_time":"2019-10-23T10:35:35+00:00","article_modified_time":"2019-11-19T10:42:15+00:00","og_image":[{"width":1200,"height":500,"url":"https:\/\/www.ariasassessors.com\/wp-content\/uploads\/2019\/10\/calendario.png","type":"image\/png"}],"author":"btorras","twitter_card":"summary_large_image","twitter_creator":"@ariasassessors","twitter_site":"@ariasassessors","twitter_misc":{"Escrit per":"btorras","Temps estimat de lectura":"1 minut"},"schema":{"@context":"https:\/\/schema.org","@graph":[{"@type":"Article","@id":"https:\/\/www.ariasassessors.com\/ca\/calendari-laboral-catalunya-2020\/#article","isPartOf":{"@id":"https:\/\/www.ariasassessors.com\/ca\/calendari-laboral-catalunya-2020\/"},"author":{"name":"btorras","@id":"https:\/\/www.ariasassessors.com\/#\/schema\/person\/63c6ad1775f0a9413c37932562673cef"},"headline":"Calendari Laboral Catalunya 2020","datePublished":"2019-10-23T10:35:35+00:00","dateModified":"2019-11-19T10:42:15+00:00","mainEntityOfPage":{"@id":"https:\/\/www.ariasassessors.com\/ca\/calendari-laboral-catalunya-2020\/"},"wordCount":181,"commentCount":0,"publisher":{"@id":"https:\/\/www.ariasassessors.com\/#organization"},"image":{"@id":"https:\/\/www.ariasassessors.com\/ca\/calendari-laboral-catalunya-2020\/#primaryimage"},"thumbnailUrl":"https:\/\/www.ariasassessors.com\/wp-content\/uploads\/2019\/10\/calendario.png","keywords":["calendari laboral","calendari laboral 2020","catalunya"],"articleSection":["noticies"],"inLanguage":"ca","potentialAction":[{"@type":"CommentAction","name":"Comment","target":["https:\/\/www.ariasassessors.com\/ca\/calendari-laboral-catalunya-2020\/#respond"]}]},{"@type":"WebPage","@id":"https:\/\/www.ariasassessors.com\/ca\/calendari-laboral-catalunya-2020\/","url":"https:\/\/www.ariasassessors.com\/ca\/calendari-laboral-catalunya-2020\/","name":"Calendari Laboral Catalunya 2020 | Arias Assessors","isPartOf":{"@id":"https:\/\/www.ariasassessors.com\/#website"},"primaryImageOfPage":{"@id":"https:\/\/www.ariasassessors.com\/ca\/calendari-laboral-catalunya-2020\/#primaryimage"},"image":{"@id":"https:\/\/www.ariasassessors.com\/ca\/calendari-laboral-catalunya-2020\/#primaryimage"},"thumbnailUrl":"https:\/\/www.ariasassessors.com\/wp-content\/uploads\/2019\/10\/calendario.png","datePublished":"2019-10-23T10:35:35+00:00","dateModified":"2019-11-19T10:42:15+00:00","description":"El calendari laboral de Catalunya per a l'any 2020 inclou 14 festius. D'aquests, 8 festes s\u00f3n estatals, 4 auton\u00f2miques i 2 locals a lliure elecci\u00f3 de cada Ajuntament.","breadcrumb":{"@id":"https:\/\/www.ariasassessors.com\/ca\/calendari-laboral-catalunya-2020\/#breadcrumb"},"inLanguage":"ca","potentialAction":[{"@type":"ReadAction","target":["https:\/\/www.ariasassessors.com\/ca\/calendari-laboral-catalunya-2020\/"]}]},{"@type":"ImageObject","inLanguage":"ca","@id":"https:\/\/www.ariasassessors.com\/ca\/calendari-laboral-catalunya-2020\/#primaryimage","url":"https:\/\/www.ariasassessors.com\/wp-content\/uploads\/2019\/10\/calendario.png","contentUrl":"https:\/\/www.ariasassessors.com\/wp-content\/uploads\/2019\/10\/calendario.png","width":1200,"height":500},{"@type":"BreadcrumbList","@id":"https:\/\/www.ariasassessors.com\/ca\/calendari-laboral-catalunya-2020\/#breadcrumb","itemListElement":[{"@type":"ListItem","position":1,"name":"Portada","item":"https:\/\/www.ariasassessors.com\/ca\/"},{"@type":"ListItem","position":2,"name":"Calendari Laboral Catalunya 2020"}]},{"@type":"WebSite","@id":"https:\/\/www.ariasassessors.com\/#website","url":"https:\/\/www.ariasassessors.com\/","name":"Arias Assessors","description":"Asesor\u00eda para aut\u00f3nomos, profesionales y PYMES","publisher":{"@id":"https:\/\/www.ariasassessors.com\/#organization"},"potentialAction":[{"@type":"SearchAction","target":{"@type":"EntryPoint","urlTemplate":"https:\/\/www.ariasassessors.com\/?s={search_term_string}"},"query-input":{"@type":"PropertyValueSpecification","valueRequired":true,"valueName":"search_term_string"}}],"inLanguage":"ca"},{"@type":"Organization","@id":"https:\/\/www.ariasassessors.com\/#organization","name":"Arias Assessors","url":"https:\/\/www.ariasassessors.com\/","logo":{"@type":"ImageObject","inLanguage":"ca","@id":"https:\/\/www.ariasassessors.com\/#\/schema\/logo\/image\/","url":"https:\/\/www.ariasassessors.com\/wp-content\/uploads\/2019\/01\/arias-logo.png","contentUrl":"https:\/\/www.ariasassessors.com\/wp-content\/uploads\/2019\/01\/arias-logo.png","width":349,"height":254,"caption":"Arias Assessors"},"image":{"@id":"https:\/\/www.ariasassessors.com\/#\/schema\/logo\/image\/"},"sameAs":["https:\/\/www.facebook.com\/ariasassessors\/","https:\/\/x.com\/ariasassessors","https:\/\/www.linkedin.com\/company\/r&amp;amp;r-growing-knowledge\/"]},{"@type":"Person","@id":"https:\/\/www.ariasassessors.com\/#\/schema\/person\/63c6ad1775f0a9413c37932562673cef","name":"btorras","image":{"@type":"ImageObject","inLanguage":"ca","@id":"https:\/\/www.ariasassessors.com\/#\/schema\/person\/image\/","url":"https:\/\/secure.gravatar.com\/avatar\/0531db351fc361fdbfd204c58fa2d6a3?s=96&d=mm&r=g","contentUrl":"https:\/\/secure.gravatar.com\/avatar\/0531db351fc361fdbfd204c58fa2d6a3?s=96&d=mm&r=g","caption":"btorras"}}]}},"_links":{"self":[{"href":"https:\/\/www.ariasassessors.com\/ca\/wp-json\/wp\/v2\/posts\/768","targetHints":{"allow":["GET"]}}],"collection":[{"href":"https:\/\/www.ariasassessors.com\/ca\/wp-json\/wp\/v2\/posts"}],"about":[{"href":"https:\/\/www.ariasassessors.com\/ca\/wp-json\/wp\/v2\/types\/post"}],"author":[{"embeddable":true,"href":"https:\/\/www.ariasassessors.com\/ca\/wp-json\/wp\/v2\/users\/2"}],"replies":[{"embeddable":true,"href":"https:\/\/www.ariasassessors.com\/ca\/wp-json\/wp\/v2\/comments?post=768"}],"version-history":[{"count":2,"href":"https:\/\/www.ariasassessors.com\/ca\/wp-json\/wp\/v2\/posts\/768\/revisions"}],"predecessor-version":[{"id":770,"href":"https:\/\/www.ariasassessors.com\/ca\/wp-json\/wp\/v2\/posts\/768\/revisions\/770"}],"wp:featuredmedia":[{"embeddable":true,"href":"https:\/\/www.ariasassessors.com\/ca\/wp-json\/wp\/v2\/media\/745"}],"wp:attachment":[{"href":"https:\/\/www.ariasassessors.com\/ca\/wp-json\/wp\/v2\/media?parent=768"}],"wp:term":[{"taxonomy":"category","embeddable":true,"href":"https:\/\/www.ariasassessors.com\/ca\/wp-json\/wp\/v2\/categories?post=768"},{"taxonomy":"post_tag","embeddable":true,"href":"https:\/\/www.ariasassessors.com\/ca\/wp-json\/wp\/v2\/tags?post=768"}],"curies":[{"name":"wp","href":"https:\/\/api.w.org\/{rel}","templated":true}]}}