{"id":835,"date":"2020-01-02T11:47:03","date_gmt":"2020-01-02T10:47:03","guid":{"rendered":"https:\/\/www.ariasassessors.com\/?p=835"},"modified":"2020-01-02T11:47:03","modified_gmt":"2020-01-02T10:47:03","slug":"hisenda-prorroga-un-altre-any-dels-moduls-per-el-transport-i-podria-ser-el-darrer","status":"publish","type":"post","link":"https:\/\/www.ariasassessors.com\/ca\/hisenda-prorroga-un-altre-any-dels-moduls-per-el-transport-i-podria-ser-el-darrer\/","title":{"rendered":"HISENDA PRORROGA UN ALTRE ANY DELS M\u00d2DULS PER EL TRANSPORT I PODRIA SER EL DARRER"},"content":{"rendered":"<p>Les negociacions que ha mantingut ATA (Federaci\u00f3 Nacional d&#8217;Associacions de Treballadors Aut\u00f2noms) amb el Ministeri d&#8217;Hisenda en aquests \u00faltims dies sembla que han donat el seu fruit i probablement el proper 27 de desembre el <a href=\"https:\/\/www.ariasassessors.com\/hacienda-prorroga-otro-ano-los-modulos-para-el-transporte-y-podria-ser-el-ultimo\/\">Govern aprovi una nova pr\u00f2rroga<\/a> -la quarta en quatre anys- dels m\u00f2duls, que afecten els aut\u00f2noms transportistes. <strong>Si \u00e9s aix\u00ed, es quedarien com estan durant tot el 2020.<\/strong><\/p>\n<p>Amb la reforma tribut\u00e0ria de 2015 es va establir que els m\u00f2duls per al conjunt d&#8217;activitats passarien d&#8217;un l\u00edmit de facturaci\u00f3 de 250.000 euros a 150.000 euros, i de 125.000 euros a 75.000 euros de m\u00e0xim, per als que facturin a altres empresaris i professionals, com \u00e9s el cas dels aut\u00f2noms transportistes. Per\u00f2 Hisenda, com va fer tamb\u00e9 l&#8217;any passat, ha ent\u00e8s que baixar el l\u00edmit de facturaci\u00f3 a 75.000 euros perqu\u00e8 un transportista aut\u00f2nom pugui acollir-se a el sistema de m\u00f2duls obligaria a molts professionals de sector a passar de cop a <a href=\"https:\/\/www.autonomosyemprendedor.es\/articulo\/tu-negocio\/conocer-tributar-modulos-estimacion-directa\/20180212160512015206.html\">el sistema de tributaci\u00f3 directa<\/a> -ja que el 40% de la seva facturaci\u00f3 se l&#8217;emporta el carburant-, el que <strong>els suposaria una c\u00e0rrega impositiva superior als 3.000 euros en un sol any i, en molts casos, haver de deixar l&#8217;activitat.<\/strong><\/p>\n<p>El que s\u00ed contempla el sector \u00e9s que, probablement, <strong>2020 sigui l&#8217;\u00faltim any en qu\u00e8 es pugui aconseguir una pr\u00f2rroga com la que t\u00e9 pensat aprovar el Govern.<\/strong> Des de fa temps, ATA i Fetransa (Federaci\u00f3 Espanyola de Transport Discrecional de Mercaderies) porten avan\u00e7ant-se a aquesta possibilitat i demanant a Hisenda que obri una taula de negociaci\u00f3 per acordar <strong>un procediment &#8220;suau&#8221; de transici\u00f3 des del sistema de m\u00f2duls a el d&#8217;estimaci\u00f3 directa per els 28.000 aut\u00f2noms<\/strong> que es dediquen a l&#8217;transport en vehicles pesats i per als 100.000 aut\u00f2noms que utilitzen vehicles lleugers.<\/p>\n","protected":false},"excerpt":{"rendered":"<p>Les negociacions que ha mantingut ATA (Federaci\u00f3 Nacional d&#8217;Associacions de Treballadors Aut\u00f2noms) amb el Ministeri d&#8217;Hisenda en aquests \u00faltims dies sembla que han donat el seu fruit i probablement el proper 27 de desembre el Govern aprovi una nova pr\u00f2rroga -la quarta en quatre anys-&#8230;<\/p>\n","protected":false},"author":2,"featured_media":833,"comment_status":"open","ping_status":"open","sticky":false,"template":"","format":"standard","meta":{"footnotes":""},"categories":[4],"tags":[225,301],"class_list":["post-835","post","type-post","status-publish","format-standard","has-post-thumbnail","hentry","category-noticies","tag-autonomos-ca","tag-gestor-de-transport"],"yoast_head":"<!-- This site is optimized with the Yoast SEO plugin v24.3 - https:\/\/yoast.com\/wordpress\/plugins\/seo\/ -->\n<title>Hisenda prorroga el m\u00f3dul per el transport | Arias Assessors<\/title>\n<meta name=\"description\" content=\"Les negociacions que ha mantingut ATA (Federaci\u00f3 Nacional d&#039;Associacions de Treballadors Aut\u00f2noms) amb el Ministeri d&#039;Hisenda\" \/>\n<meta name=\"robots\" content=\"index, follow, max-snippet:-1, max-image-preview:large, max-video-preview:-1\" \/>\n<link rel=\"canonical\" href=\"https:\/\/www.ariasassessors.com\/ca\/hisenda-prorroga-un-altre-any-dels-moduls-per-el-transport-i-podria-ser-el-darrer\/\" \/>\n<meta property=\"og:locale\" content=\"ca_ES\" \/>\n<meta property=\"og:type\" content=\"article\" \/>\n<meta property=\"og:title\" content=\"Hisenda prorroga el m\u00f3dul per el transport | Arias Assessors\" \/>\n<meta property=\"og:description\" content=\"Les negociacions que ha mantingut ATA (Federaci\u00f3 Nacional d&#039;Associacions de Treballadors Aut\u00f2noms) amb el Ministeri d&#039;Hisenda\" \/>\n<meta property=\"og:url\" content=\"https:\/\/www.ariasassessors.com\/ca\/hisenda-prorroga-un-altre-any-dels-moduls-per-el-transport-i-podria-ser-el-darrer\/\" \/>\n<meta property=\"og:site_name\" content=\"Arias Assessors\" \/>\n<meta property=\"article:publisher\" content=\"https:\/\/www.facebook.com\/ariasassessors\/\" \/>\n<meta property=\"article:published_time\" content=\"2020-01-02T10:47:03+00:00\" \/>\n<meta property=\"og:image\" content=\"https:\/\/www.ariasassessors.com\/wp-content\/uploads\/2020\/01\/1807-1024x683.jpg\" \/>\n\t<meta property=\"og:image:width\" content=\"1024\" \/>\n\t<meta property=\"og:image:height\" content=\"683\" \/>\n\t<meta property=\"og:image:type\" content=\"image\/jpeg\" \/>\n<meta name=\"author\" content=\"btorras\" \/>\n<meta name=\"twitter:card\" content=\"summary_large_image\" \/>\n<meta name=\"twitter:creator\" content=\"@ariasassessors\" \/>\n<meta name=\"twitter:site\" content=\"@ariasassessors\" \/>\n<meta name=\"twitter:label1\" content=\"Escrit per\" \/>\n\t<meta name=\"twitter:data1\" content=\"btorras\" \/>\n\t<meta name=\"twitter:label2\" content=\"Temps estimat de lectura\" \/>\n\t<meta name=\"twitter:data2\" content=\"1 minut\" \/>\n<script type=\"application\/ld+json\" class=\"yoast-schema-graph\">{\"@context\":\"https:\/\/schema.org\",\"@graph\":[{\"@type\":\"Article\",\"@id\":\"https:\/\/www.ariasassessors.com\/ca\/hisenda-prorroga-un-altre-any-dels-moduls-per-el-transport-i-podria-ser-el-darrer\/#article\",\"isPartOf\":{\"@id\":\"https:\/\/www.ariasassessors.com\/ca\/hisenda-prorroga-un-altre-any-dels-moduls-per-el-transport-i-podria-ser-el-darrer\/\"},\"author\":{\"name\":\"btorras\",\"@id\":\"https:\/\/www.ariasassessors.com\/#\/schema\/person\/63c6ad1775f0a9413c37932562673cef\"},\"headline\":\"HISENDA PRORROGA UN ALTRE ANY DELS M\u00d2DULS PER EL TRANSPORT I PODRIA SER EL DARRER\",\"datePublished\":\"2020-01-02T10:47:03+00:00\",\"dateModified\":\"2020-01-02T10:47:03+00:00\",\"mainEntityOfPage\":{\"@id\":\"https:\/\/www.ariasassessors.com\/ca\/hisenda-prorroga-un-altre-any-dels-moduls-per-el-transport-i-podria-ser-el-darrer\/\"},\"wordCount\":313,\"commentCount\":0,\"publisher\":{\"@id\":\"https:\/\/www.ariasassessors.com\/#organization\"},\"image\":{\"@id\":\"https:\/\/www.ariasassessors.com\/ca\/hisenda-prorroga-un-altre-any-dels-moduls-per-el-transport-i-podria-ser-el-darrer\/#primaryimage\"},\"thumbnailUrl\":\"https:\/\/www.ariasassessors.com\/wp-content\/uploads\/2020\/01\/1807.jpg\",\"keywords\":[\"aut\u00f2noms\",\"gestor de transport\"],\"articleSection\":[\"noticies\"],\"inLanguage\":\"ca\",\"potentialAction\":[{\"@type\":\"CommentAction\",\"name\":\"Comment\",\"target\":[\"https:\/\/www.ariasassessors.com\/ca\/hisenda-prorroga-un-altre-any-dels-moduls-per-el-transport-i-podria-ser-el-darrer\/#respond\"]}]},{\"@type\":\"WebPage\",\"@id\":\"https:\/\/www.ariasassessors.com\/ca\/hisenda-prorroga-un-altre-any-dels-moduls-per-el-transport-i-podria-ser-el-darrer\/\",\"url\":\"https:\/\/www.ariasassessors.com\/ca\/hisenda-prorroga-un-altre-any-dels-moduls-per-el-transport-i-podria-ser-el-darrer\/\",\"name\":\"Hisenda prorroga el m\u00f3dul per el transport | Arias Assessors\",\"isPartOf\":{\"@id\":\"https:\/\/www.ariasassessors.com\/#website\"},\"primaryImageOfPage\":{\"@id\":\"https:\/\/www.ariasassessors.com\/ca\/hisenda-prorroga-un-altre-any-dels-moduls-per-el-transport-i-podria-ser-el-darrer\/#primaryimage\"},\"image\":{\"@id\":\"https:\/\/www.ariasassessors.com\/ca\/hisenda-prorroga-un-altre-any-dels-moduls-per-el-transport-i-podria-ser-el-darrer\/#primaryimage\"},\"thumbnailUrl\":\"https:\/\/www.ariasassessors.com\/wp-content\/uploads\/2020\/01\/1807.jpg\",\"datePublished\":\"2020-01-02T10:47:03+00:00\",\"dateModified\":\"2020-01-02T10:47:03+00:00\",\"description\":\"Les negociacions que ha mantingut ATA (Federaci\u00f3 Nacional d'Associacions de Treballadors Aut\u00f2noms) amb el Ministeri d'Hisenda\",\"breadcrumb\":{\"@id\":\"https:\/\/www.ariasassessors.com\/ca\/hisenda-prorroga-un-altre-any-dels-moduls-per-el-transport-i-podria-ser-el-darrer\/#breadcrumb\"},\"inLanguage\":\"ca\",\"potentialAction\":[{\"@type\":\"ReadAction\",\"target\":[\"https:\/\/www.ariasassessors.com\/ca\/hisenda-prorroga-un-altre-any-dels-moduls-per-el-transport-i-podria-ser-el-darrer\/\"]}]},{\"@type\":\"ImageObject\",\"inLanguage\":\"ca\",\"@id\":\"https:\/\/www.ariasassessors.com\/ca\/hisenda-prorroga-un-altre-any-dels-moduls-per-el-transport-i-podria-ser-el-darrer\/#primaryimage\",\"url\":\"https:\/\/www.ariasassessors.com\/wp-content\/uploads\/2020\/01\/1807.jpg\",\"contentUrl\":\"https:\/\/www.ariasassessors.com\/wp-content\/uploads\/2020\/01\/1807.jpg\",\"width\":2560,\"height\":1708,\"caption\":\"Road Transportation by Truck Concept Photo. Speeding Euro Truck on the European Highway.\"},{\"@type\":\"BreadcrumbList\",\"@id\":\"https:\/\/www.ariasassessors.com\/ca\/hisenda-prorroga-un-altre-any-dels-moduls-per-el-transport-i-podria-ser-el-darrer\/#breadcrumb\",\"itemListElement\":[{\"@type\":\"ListItem\",\"position\":1,\"name\":\"Portada\",\"item\":\"https:\/\/www.ariasassessors.com\/ca\/\"},{\"@type\":\"ListItem\",\"position\":2,\"name\":\"HISENDA PRORROGA UN ALTRE ANY DELS M\u00d2DULS PER EL TRANSPORT I PODRIA SER EL DARRER\"}]},{\"@type\":\"WebSite\",\"@id\":\"https:\/\/www.ariasassessors.com\/#website\",\"url\":\"https:\/\/www.ariasassessors.com\/\",\"name\":\"Arias Assessors\",\"description\":\"Asesor\u00eda para aut\u00f3nomos, profesionales y PYMES\",\"publisher\":{\"@id\":\"https:\/\/www.ariasassessors.com\/#organization\"},\"potentialAction\":[{\"@type\":\"SearchAction\",\"target\":{\"@type\":\"EntryPoint\",\"urlTemplate\":\"https:\/\/www.ariasassessors.com\/?s={search_term_string}\"},\"query-input\":{\"@type\":\"PropertyValueSpecification\",\"valueRequired\":true,\"valueName\":\"search_term_string\"}}],\"inLanguage\":\"ca\"},{\"@type\":\"Organization\",\"@id\":\"https:\/\/www.ariasassessors.com\/#organization\",\"name\":\"Arias Assessors\",\"url\":\"https:\/\/www.ariasassessors.com\/\",\"logo\":{\"@type\":\"ImageObject\",\"inLanguage\":\"ca\",\"@id\":\"https:\/\/www.ariasassessors.com\/#\/schema\/logo\/image\/\",\"url\":\"https:\/\/www.ariasassessors.com\/wp-content\/uploads\/2019\/01\/arias-logo.png\",\"contentUrl\":\"https:\/\/www.ariasassessors.com\/wp-content\/uploads\/2019\/01\/arias-logo.png\",\"width\":349,\"height\":254,\"caption\":\"Arias Assessors\"},\"image\":{\"@id\":\"https:\/\/www.ariasassessors.com\/#\/schema\/logo\/image\/\"},\"sameAs\":[\"https:\/\/www.facebook.com\/ariasassessors\/\",\"https:\/\/x.com\/ariasassessors\",\"https:\/\/www.linkedin.com\/company\/r&amp;amp;r-growing-knowledge\/\"]},{\"@type\":\"Person\",\"@id\":\"https:\/\/www.ariasassessors.com\/#\/schema\/person\/63c6ad1775f0a9413c37932562673cef\",\"name\":\"btorras\",\"image\":{\"@type\":\"ImageObject\",\"inLanguage\":\"ca\",\"@id\":\"https:\/\/www.ariasassessors.com\/#\/schema\/person\/image\/\",\"url\":\"https:\/\/secure.gravatar.com\/avatar\/0531db351fc361fdbfd204c58fa2d6a3?s=96&d=mm&r=g\",\"contentUrl\":\"https:\/\/secure.gravatar.com\/avatar\/0531db351fc361fdbfd204c58fa2d6a3?s=96&d=mm&r=g\",\"caption\":\"btorras\"}}]}<\/script>\n<!-- \/ Yoast SEO plugin. -->","yoast_head_json":{"title":"Hisenda prorroga el m\u00f3dul per el transport | Arias Assessors","description":"Les negociacions que ha mantingut ATA (Federaci\u00f3 Nacional d'Associacions de Treballadors Aut\u00f2noms) amb el Ministeri d'Hisenda","robots":{"index":"index","follow":"follow","max-snippet":"max-snippet:-1","max-image-preview":"max-image-preview:large","max-video-preview":"max-video-preview:-1"},"canonical":"https:\/\/www.ariasassessors.com\/ca\/hisenda-prorroga-un-altre-any-dels-moduls-per-el-transport-i-podria-ser-el-darrer\/","og_locale":"ca_ES","og_type":"article","og_title":"Hisenda prorroga el m\u00f3dul per el transport | Arias Assessors","og_description":"Les negociacions que ha mantingut ATA (Federaci\u00f3 Nacional d'Associacions de Treballadors Aut\u00f2noms) amb el Ministeri d'Hisenda","og_url":"https:\/\/www.ariasassessors.com\/ca\/hisenda-prorroga-un-altre-any-dels-moduls-per-el-transport-i-podria-ser-el-darrer\/","og_site_name":"Arias Assessors","article_publisher":"https:\/\/www.facebook.com\/ariasassessors\/","article_published_time":"2020-01-02T10:47:03+00:00","og_image":[{"width":1024,"height":683,"url":"https:\/\/www.ariasassessors.com\/wp-content\/uploads\/2020\/01\/1807-1024x683.jpg","type":"image\/jpeg"}],"author":"btorras","twitter_card":"summary_large_image","twitter_creator":"@ariasassessors","twitter_site":"@ariasassessors","twitter_misc":{"Escrit per":"btorras","Temps estimat de lectura":"1 minut"},"schema":{"@context":"https:\/\/schema.org","@graph":[{"@type":"Article","@id":"https:\/\/www.ariasassessors.com\/ca\/hisenda-prorroga-un-altre-any-dels-moduls-per-el-transport-i-podria-ser-el-darrer\/#article","isPartOf":{"@id":"https:\/\/www.ariasassessors.com\/ca\/hisenda-prorroga-un-altre-any-dels-moduls-per-el-transport-i-podria-ser-el-darrer\/"},"author":{"name":"btorras","@id":"https:\/\/www.ariasassessors.com\/#\/schema\/person\/63c6ad1775f0a9413c37932562673cef"},"headline":"HISENDA PRORROGA UN ALTRE ANY DELS M\u00d2DULS PER EL TRANSPORT I PODRIA SER EL DARRER","datePublished":"2020-01-02T10:47:03+00:00","dateModified":"2020-01-02T10:47:03+00:00","mainEntityOfPage":{"@id":"https:\/\/www.ariasassessors.com\/ca\/hisenda-prorroga-un-altre-any-dels-moduls-per-el-transport-i-podria-ser-el-darrer\/"},"wordCount":313,"commentCount":0,"publisher":{"@id":"https:\/\/www.ariasassessors.com\/#organization"},"image":{"@id":"https:\/\/www.ariasassessors.com\/ca\/hisenda-prorroga-un-altre-any-dels-moduls-per-el-transport-i-podria-ser-el-darrer\/#primaryimage"},"thumbnailUrl":"https:\/\/www.ariasassessors.com\/wp-content\/uploads\/2020\/01\/1807.jpg","keywords":["aut\u00f2noms","gestor de transport"],"articleSection":["noticies"],"inLanguage":"ca","potentialAction":[{"@type":"CommentAction","name":"Comment","target":["https:\/\/www.ariasassessors.com\/ca\/hisenda-prorroga-un-altre-any-dels-moduls-per-el-transport-i-podria-ser-el-darrer\/#respond"]}]},{"@type":"WebPage","@id":"https:\/\/www.ariasassessors.com\/ca\/hisenda-prorroga-un-altre-any-dels-moduls-per-el-transport-i-podria-ser-el-darrer\/","url":"https:\/\/www.ariasassessors.com\/ca\/hisenda-prorroga-un-altre-any-dels-moduls-per-el-transport-i-podria-ser-el-darrer\/","name":"Hisenda prorroga el m\u00f3dul per el transport | Arias Assessors","isPartOf":{"@id":"https:\/\/www.ariasassessors.com\/#website"},"primaryImageOfPage":{"@id":"https:\/\/www.ariasassessors.com\/ca\/hisenda-prorroga-un-altre-any-dels-moduls-per-el-transport-i-podria-ser-el-darrer\/#primaryimage"},"image":{"@id":"https:\/\/www.ariasassessors.com\/ca\/hisenda-prorroga-un-altre-any-dels-moduls-per-el-transport-i-podria-ser-el-darrer\/#primaryimage"},"thumbnailUrl":"https:\/\/www.ariasassessors.com\/wp-content\/uploads\/2020\/01\/1807.jpg","datePublished":"2020-01-02T10:47:03+00:00","dateModified":"2020-01-02T10:47:03+00:00","description":"Les negociacions que ha mantingut ATA (Federaci\u00f3 Nacional d'Associacions de Treballadors Aut\u00f2noms) amb el Ministeri d'Hisenda","breadcrumb":{"@id":"https:\/\/www.ariasassessors.com\/ca\/hisenda-prorroga-un-altre-any-dels-moduls-per-el-transport-i-podria-ser-el-darrer\/#breadcrumb"},"inLanguage":"ca","potentialAction":[{"@type":"ReadAction","target":["https:\/\/www.ariasassessors.com\/ca\/hisenda-prorroga-un-altre-any-dels-moduls-per-el-transport-i-podria-ser-el-darrer\/"]}]},{"@type":"ImageObject","inLanguage":"ca","@id":"https:\/\/www.ariasassessors.com\/ca\/hisenda-prorroga-un-altre-any-dels-moduls-per-el-transport-i-podria-ser-el-darrer\/#primaryimage","url":"https:\/\/www.ariasassessors.com\/wp-content\/uploads\/2020\/01\/1807.jpg","contentUrl":"https:\/\/www.ariasassessors.com\/wp-content\/uploads\/2020\/01\/1807.jpg","width":2560,"height":1708,"caption":"Road Transportation by Truck Concept Photo. Speeding Euro Truck on the European Highway."},{"@type":"BreadcrumbList","@id":"https:\/\/www.ariasassessors.com\/ca\/hisenda-prorroga-un-altre-any-dels-moduls-per-el-transport-i-podria-ser-el-darrer\/#breadcrumb","itemListElement":[{"@type":"ListItem","position":1,"name":"Portada","item":"https:\/\/www.ariasassessors.com\/ca\/"},{"@type":"ListItem","position":2,"name":"HISENDA PRORROGA UN ALTRE ANY DELS M\u00d2DULS PER EL TRANSPORT I PODRIA SER EL DARRER"}]},{"@type":"WebSite","@id":"https:\/\/www.ariasassessors.com\/#website","url":"https:\/\/www.ariasassessors.com\/","name":"Arias Assessors","description":"Asesor\u00eda para aut\u00f3nomos, profesionales y PYMES","publisher":{"@id":"https:\/\/www.ariasassessors.com\/#organization"},"potentialAction":[{"@type":"SearchAction","target":{"@type":"EntryPoint","urlTemplate":"https:\/\/www.ariasassessors.com\/?s={search_term_string}"},"query-input":{"@type":"PropertyValueSpecification","valueRequired":true,"valueName":"search_term_string"}}],"inLanguage":"ca"},{"@type":"Organization","@id":"https:\/\/www.ariasassessors.com\/#organization","name":"Arias Assessors","url":"https:\/\/www.ariasassessors.com\/","logo":{"@type":"ImageObject","inLanguage":"ca","@id":"https:\/\/www.ariasassessors.com\/#\/schema\/logo\/image\/","url":"https:\/\/www.ariasassessors.com\/wp-content\/uploads\/2019\/01\/arias-logo.png","contentUrl":"https:\/\/www.ariasassessors.com\/wp-content\/uploads\/2019\/01\/arias-logo.png","width":349,"height":254,"caption":"Arias Assessors"},"image":{"@id":"https:\/\/www.ariasassessors.com\/#\/schema\/logo\/image\/"},"sameAs":["https:\/\/www.facebook.com\/ariasassessors\/","https:\/\/x.com\/ariasassessors","https:\/\/www.linkedin.com\/company\/r&amp;amp;r-growing-knowledge\/"]},{"@type":"Person","@id":"https:\/\/www.ariasassessors.com\/#\/schema\/person\/63c6ad1775f0a9413c37932562673cef","name":"btorras","image":{"@type":"ImageObject","inLanguage":"ca","@id":"https:\/\/www.ariasassessors.com\/#\/schema\/person\/image\/","url":"https:\/\/secure.gravatar.com\/avatar\/0531db351fc361fdbfd204c58fa2d6a3?s=96&d=mm&r=g","contentUrl":"https:\/\/secure.gravatar.com\/avatar\/0531db351fc361fdbfd204c58fa2d6a3?s=96&d=mm&r=g","caption":"btorras"}}]}},"_links":{"self":[{"href":"https:\/\/www.ariasassessors.com\/ca\/wp-json\/wp\/v2\/posts\/835","targetHints":{"allow":["GET"]}}],"collection":[{"href":"https:\/\/www.ariasassessors.com\/ca\/wp-json\/wp\/v2\/posts"}],"about":[{"href":"https:\/\/www.ariasassessors.com\/ca\/wp-json\/wp\/v2\/types\/post"}],"author":[{"embeddable":true,"href":"https:\/\/www.ariasassessors.com\/ca\/wp-json\/wp\/v2\/users\/2"}],"replies":[{"embeddable":true,"href":"https:\/\/www.ariasassessors.com\/ca\/wp-json\/wp\/v2\/comments?post=835"}],"version-history":[{"count":1,"href":"https:\/\/www.ariasassessors.com\/ca\/wp-json\/wp\/v2\/posts\/835\/revisions"}],"predecessor-version":[{"id":836,"href":"https:\/\/www.ariasassessors.com\/ca\/wp-json\/wp\/v2\/posts\/835\/revisions\/836"}],"wp:featuredmedia":[{"embeddable":true,"href":"https:\/\/www.ariasassessors.com\/ca\/wp-json\/wp\/v2\/media\/833"}],"wp:attachment":[{"href":"https:\/\/www.ariasassessors.com\/ca\/wp-json\/wp\/v2\/media?parent=835"}],"wp:term":[{"taxonomy":"category","embeddable":true,"href":"https:\/\/www.ariasassessors.com\/ca\/wp-json\/wp\/v2\/categories?post=835"},{"taxonomy":"post_tag","embeddable":true,"href":"https:\/\/www.ariasassessors.com\/ca\/wp-json\/wp\/v2\/tags?post=835"}],"curies":[{"name":"wp","href":"https:\/\/api.w.org\/{rel}","templated":true}]}}