{"id":837,"date":"2019-11-19T16:56:48","date_gmt":"2019-11-19T15:56:48","guid":{"rendered":"https:\/\/www.ariasassessors.com\/?p=837"},"modified":"2020-01-02T16:57:56","modified_gmt":"2020-01-02T15:57:56","slug":"declaracio-de-renda-desgravar-als-nets-com-si-fossin-fills","status":"publish","type":"post","link":"https:\/\/www.ariasassessors.com\/ca\/declaracio-de-renda-desgravar-als-nets-com-si-fossin-fills\/","title":{"rendered":"Declaraci\u00f3 de Renda: desgravar als n\u00e9ts com si fossin fills"},"content":{"rendered":"<p>&#8220;El passat mes de setembre es publicava la resoluci\u00f3 vinculant de la Direcci\u00f3 General de Tributs V2330-19 en la qual es confirmava la possibilitat que els avis puguin aplicar el m\u00ednim per descendents en les mateixes condicions establertes per al m\u00ednim per fills.<\/p>\n<p>La consultante en q\u00fcesti\u00f3 plantejava la seva situaci\u00f3 de conviv\u00e8ncia familiar amb la seva filla, mare soltera, i els seus dos n\u00e9ts menors d&#8217;edat. No havent relaci\u00f3 amb el pare, els menors estaven a c\u00e0rrec de la seva filla, sense conveni regulador ni sent\u00e8ncia judicial alguna pel mig. A l&#8217;no percebre la filla ingressos, els n\u00e9ts, depenien econ\u00f2micament de l&#8217;\u00e0via. Aquests, al seu torn, no tenien tampoc rendes superiors a 1.800 euros ni presentaven declaraci\u00f3 <strong>d&#8217;IRPF<\/strong>. La pregunta exposada era si \u00e9s possible l&#8217;aplicaci\u00f3 d&#8217;el m\u00ednim per descendents en una circumst\u00e0ncia d&#8217;aquest tipus.<\/p>\n<p>En la seva resposta, la DGT aclareix que estableix la normativa de l&#8217;IRPF pel que fa a el m\u00ednim per descendents.<\/p>\n<p>&#8220;El m\u00ednim per descendents \u00e9s, per cada un d&#8217;ells menor de vint anys o amb discapacitat, qualsevol que sigui la seva edat, sempre que convisqui amb el contribuent i no tingui rendes anuals, excloses les exemptes, superiors a 8.000 euros de:<\/p>\n<p>&#8211; 2.400 euros anuals pel primer.<\/p>\n<p>&#8211; 2.700 euros anuals pel segon.<\/p>\n<p>&#8211; 4.000 euros anuals pel tercer.<\/p>\n<p>&#8211; 4.500 euros anuals pel quart i seg\u00fcents.<\/p>\n<p>Quan el descendent sigui menor de tres anys, el m\u00ednim s&#8217;incrementar\u00e0 en 2.800 euros anuals. En els sup\u00f2sits d&#8217;adopci\u00f3 o acolliment, b\u00e9 sigui preadoptiu o permanent, l&#8217;increment es pot practicar en el per\u00edode impositiu en qu\u00e8 el fet s&#8217;inscrigui en el Registre Civil i en els dos seg\u00fcents, independentment de l&#8217;edat de al menor. Si la inscripci\u00f3 no \u00e9s necess\u00e0ria, l&#8217;increment de l&#8217;m\u00ednim es podr\u00e0 practicar en el per\u00edode impositiu en qu\u00e8 es produeixi la resoluci\u00f3 judicial o administrativa corresponent i en els dos seg\u00fcents.<\/p>\n<p>S&#8217;assimilen a descendents les persones vinculades a l&#8217;contribuent per tutela i acolliment sempre que hi hagi conviv\u00e8ncia (excepte en el cas de contribuents que satisfacin anualitats per aliments per decisi\u00f3 judicial, que no s&#8217;aplicaria el criteri de la conviv\u00e8ncia).<\/p>\n<p>D&#8217;aquesta manera, veiem que la norma no restringeix l&#8217;aplicaci\u00f3 dels m\u00ednims per descendents a l&#8217;exist\u00e8ncia d&#8217;un parentiu patern-filial, sin\u00f3 que que compr\u00e8n compr\u00e8n les relacions amb un grau de consanguinitat m\u00e9s lluny\u00e0 (n\u00e9ts, besn\u00e9ts &#8230;), aix\u00ed com l&#8217;adopci\u00f3, tutela o acolliment dels mateixos.<\/p>\n<p>L&#8217;article 61 de la LIRPF estableix tamb\u00e9 que &#8220;Quan dos o m\u00e9s contribuents tinguin dret a l&#8217;aplicaci\u00f3 de l&#8217;m\u00ednim per descendents (&#8230;) el seu import es prorratejar\u00e0 entre ells per parts iguals&#8221;. No obstant aix\u00f2, quan els contribuents tinguen distint grau de parentiu amb l&#8217;ascendent o descendent, l&#8217;aplicaci\u00f3 de l&#8217;m\u00ednim correspon als de grau m\u00e9s pr\u00f2xim, llevat que aquests no tinguin rendes anuals, excloses les exemptes, superiors a 8.000 euros, cas en qu\u00e8 correspon als de el seg\u00fcent grau &#8220;.<\/p>\n<p>Per tant, seguint aquest criteri i en el cas que ens ocupa, seria la filla de la consultante la qual tindria dret a aplicar el 100% de l&#8217;m\u00ednim per descendents. Per\u00f2, al no tenir rendes, excloses les exemptes, superiors a 8.000 euros anuals, l&#8217;aplicaci\u00f3 de l&#8217;m\u00ednim correspon a l&#8217;familiar de el seg\u00fcent grau de parentiu, que seria l&#8217;\u00e0via. A el pare no li correspon l&#8217;aplicaci\u00f3 de l&#8217;m\u00ednim per descendents al no existir conviv\u00e8ncia ni depend\u00e8ncia dels fills cap a ell. &#8221;<\/p>\n<p><strong>Font: <a href=\"https:\/\/www.iberley.es\/noticias\/minimo-descendientes-aplicarse-nietos-29869\">Iberley<\/a><\/strong><\/p>\n<p><strong>\u00a0<\/strong><\/p>\n","protected":false},"excerpt":{"rendered":"<p>&#8220;El passat mes de setembre es publicava la resoluci\u00f3 vinculant de la Direcci\u00f3 General de Tributs V2330-19 en la qual es confirmava la possibilitat que els avis puguin aplicar el m\u00ednim per descendents en les mateixes condicions establertes per al m\u00ednim per fills. La consultante&#8230;<\/p>\n","protected":false},"author":2,"featured_media":763,"comment_status":"open","ping_status":"open","sticky":false,"template":"","format":"standard","meta":{"footnotes":""},"categories":[4],"tags":[283,284],"class_list":["post-837","post","type-post","status-publish","format-standard","has-post-thumbnail","hentry","category-noticies","tag-declaracion-renda","tag-renta-ca"],"yoast_head":"<!-- This site is optimized with the Yoast SEO plugin v24.3 - https:\/\/yoast.com\/wordpress\/plugins\/seo\/ -->\n<title>Declaraci\u00f3 de Renda: desgravar als n\u00e9ts | Arias Assessors<\/title>\n<meta name=\"description\" content=\"&quot;El passat mes de setembre es publicava la resoluci\u00f3 vinculant de la Direcci\u00f3 General de Tributs V2330-19 en la qual es confirmava la possibilitat que...\" \/>\n<meta name=\"robots\" content=\"index, follow, max-snippet:-1, max-image-preview:large, max-video-preview:-1\" \/>\n<link rel=\"canonical\" href=\"https:\/\/www.ariasassessors.com\/ca\/declaracio-de-renda-desgravar-als-nets-com-si-fossin-fills\/\" \/>\n<meta property=\"og:locale\" content=\"ca_ES\" \/>\n<meta property=\"og:type\" content=\"article\" \/>\n<meta property=\"og:title\" content=\"Declaraci\u00f3 de Renda: desgravar als n\u00e9ts | Arias Assessors\" \/>\n<meta property=\"og:description\" content=\"&quot;El passat mes de setembre es publicava la resoluci\u00f3 vinculant de la Direcci\u00f3 General de Tributs V2330-19 en la qual es confirmava la possibilitat que...\" \/>\n<meta property=\"og:url\" content=\"https:\/\/www.ariasassessors.com\/ca\/declaracio-de-renda-desgravar-als-nets-com-si-fossin-fills\/\" \/>\n<meta property=\"og:site_name\" content=\"Arias Assessors\" \/>\n<meta property=\"article:publisher\" content=\"https:\/\/www.facebook.com\/ariasassessors\/\" \/>\n<meta property=\"article:published_time\" content=\"2019-11-19T15:56:48+00:00\" \/>\n<meta property=\"article:modified_time\" content=\"2020-01-02T15:57:56+00:00\" \/>\n<meta property=\"og:image\" content=\"https:\/\/www.ariasassessors.com\/wp-content\/uploads\/2019\/11\/declaraci\u00f3n-renta.png\" \/>\n\t<meta property=\"og:image:width\" content=\"1200\" \/>\n\t<meta property=\"og:image:height\" content=\"500\" \/>\n\t<meta property=\"og:image:type\" content=\"image\/png\" \/>\n<meta name=\"author\" content=\"btorras\" \/>\n<meta name=\"twitter:card\" content=\"summary_large_image\" \/>\n<meta name=\"twitter:creator\" content=\"@ariasassessors\" \/>\n<meta name=\"twitter:site\" content=\"@ariasassessors\" \/>\n<meta name=\"twitter:label1\" content=\"Escrit per\" \/>\n\t<meta name=\"twitter:data1\" content=\"btorras\" \/>\n\t<meta name=\"twitter:label2\" content=\"Temps estimat de lectura\" \/>\n\t<meta name=\"twitter:data2\" content=\"3 minuts\" \/>\n<script type=\"application\/ld+json\" class=\"yoast-schema-graph\">{\"@context\":\"https:\/\/schema.org\",\"@graph\":[{\"@type\":\"Article\",\"@id\":\"https:\/\/www.ariasassessors.com\/ca\/declaracio-de-renda-desgravar-als-nets-com-si-fossin-fills\/#article\",\"isPartOf\":{\"@id\":\"https:\/\/www.ariasassessors.com\/ca\/declaracio-de-renda-desgravar-als-nets-com-si-fossin-fills\/\"},\"author\":{\"name\":\"btorras\",\"@id\":\"https:\/\/www.ariasassessors.com\/#\/schema\/person\/63c6ad1775f0a9413c37932562673cef\"},\"headline\":\"Declaraci\u00f3 de Renda: desgravar als n\u00e9ts com si fossin fills\",\"datePublished\":\"2019-11-19T15:56:48+00:00\",\"dateModified\":\"2020-01-02T15:57:56+00:00\",\"mainEntityOfPage\":{\"@id\":\"https:\/\/www.ariasassessors.com\/ca\/declaracio-de-renda-desgravar-als-nets-com-si-fossin-fills\/\"},\"wordCount\":596,\"commentCount\":0,\"publisher\":{\"@id\":\"https:\/\/www.ariasassessors.com\/#organization\"},\"image\":{\"@id\":\"https:\/\/www.ariasassessors.com\/ca\/declaracio-de-renda-desgravar-als-nets-com-si-fossin-fills\/#primaryimage\"},\"thumbnailUrl\":\"https:\/\/www.ariasassessors.com\/wp-content\/uploads\/2019\/11\/declaraci\u00f3n-renta.png\",\"keywords\":[\"declaraci\u00f3n renda\",\"renta\"],\"articleSection\":[\"noticies\"],\"inLanguage\":\"ca\",\"potentialAction\":[{\"@type\":\"CommentAction\",\"name\":\"Comment\",\"target\":[\"https:\/\/www.ariasassessors.com\/ca\/declaracio-de-renda-desgravar-als-nets-com-si-fossin-fills\/#respond\"]}]},{\"@type\":\"WebPage\",\"@id\":\"https:\/\/www.ariasassessors.com\/ca\/declaracio-de-renda-desgravar-als-nets-com-si-fossin-fills\/\",\"url\":\"https:\/\/www.ariasassessors.com\/ca\/declaracio-de-renda-desgravar-als-nets-com-si-fossin-fills\/\",\"name\":\"Declaraci\u00f3 de Renda: desgravar als n\u00e9ts | Arias Assessors\",\"isPartOf\":{\"@id\":\"https:\/\/www.ariasassessors.com\/#website\"},\"primaryImageOfPage\":{\"@id\":\"https:\/\/www.ariasassessors.com\/ca\/declaracio-de-renda-desgravar-als-nets-com-si-fossin-fills\/#primaryimage\"},\"image\":{\"@id\":\"https:\/\/www.ariasassessors.com\/ca\/declaracio-de-renda-desgravar-als-nets-com-si-fossin-fills\/#primaryimage\"},\"thumbnailUrl\":\"https:\/\/www.ariasassessors.com\/wp-content\/uploads\/2019\/11\/declaraci\u00f3n-renta.png\",\"datePublished\":\"2019-11-19T15:56:48+00:00\",\"dateModified\":\"2020-01-02T15:57:56+00:00\",\"description\":\"\\\"El passat mes de setembre es publicava la resoluci\u00f3 vinculant de la Direcci\u00f3 General de Tributs V2330-19 en la qual es confirmava la possibilitat que...\",\"breadcrumb\":{\"@id\":\"https:\/\/www.ariasassessors.com\/ca\/declaracio-de-renda-desgravar-als-nets-com-si-fossin-fills\/#breadcrumb\"},\"inLanguage\":\"ca\",\"potentialAction\":[{\"@type\":\"ReadAction\",\"target\":[\"https:\/\/www.ariasassessors.com\/ca\/declaracio-de-renda-desgravar-als-nets-com-si-fossin-fills\/\"]}]},{\"@type\":\"ImageObject\",\"inLanguage\":\"ca\",\"@id\":\"https:\/\/www.ariasassessors.com\/ca\/declaracio-de-renda-desgravar-als-nets-com-si-fossin-fills\/#primaryimage\",\"url\":\"https:\/\/www.ariasassessors.com\/wp-content\/uploads\/2019\/11\/declaraci\u00f3n-renta.png\",\"contentUrl\":\"https:\/\/www.ariasassessors.com\/wp-content\/uploads\/2019\/11\/declaraci\u00f3n-renta.png\",\"width\":1200,\"height\":500},{\"@type\":\"BreadcrumbList\",\"@id\":\"https:\/\/www.ariasassessors.com\/ca\/declaracio-de-renda-desgravar-als-nets-com-si-fossin-fills\/#breadcrumb\",\"itemListElement\":[{\"@type\":\"ListItem\",\"position\":1,\"name\":\"Portada\",\"item\":\"https:\/\/www.ariasassessors.com\/ca\/\"},{\"@type\":\"ListItem\",\"position\":2,\"name\":\"Declaraci\u00f3 de Renda: desgravar als n\u00e9ts com si fossin fills\"}]},{\"@type\":\"WebSite\",\"@id\":\"https:\/\/www.ariasassessors.com\/#website\",\"url\":\"https:\/\/www.ariasassessors.com\/\",\"name\":\"Arias Assessors\",\"description\":\"Asesor\u00eda para aut\u00f3nomos, profesionales y PYMES\",\"publisher\":{\"@id\":\"https:\/\/www.ariasassessors.com\/#organization\"},\"potentialAction\":[{\"@type\":\"SearchAction\",\"target\":{\"@type\":\"EntryPoint\",\"urlTemplate\":\"https:\/\/www.ariasassessors.com\/?s={search_term_string}\"},\"query-input\":{\"@type\":\"PropertyValueSpecification\",\"valueRequired\":true,\"valueName\":\"search_term_string\"}}],\"inLanguage\":\"ca\"},{\"@type\":\"Organization\",\"@id\":\"https:\/\/www.ariasassessors.com\/#organization\",\"name\":\"Arias Assessors\",\"url\":\"https:\/\/www.ariasassessors.com\/\",\"logo\":{\"@type\":\"ImageObject\",\"inLanguage\":\"ca\",\"@id\":\"https:\/\/www.ariasassessors.com\/#\/schema\/logo\/image\/\",\"url\":\"https:\/\/www.ariasassessors.com\/wp-content\/uploads\/2019\/01\/arias-logo.png\",\"contentUrl\":\"https:\/\/www.ariasassessors.com\/wp-content\/uploads\/2019\/01\/arias-logo.png\",\"width\":349,\"height\":254,\"caption\":\"Arias Assessors\"},\"image\":{\"@id\":\"https:\/\/www.ariasassessors.com\/#\/schema\/logo\/image\/\"},\"sameAs\":[\"https:\/\/www.facebook.com\/ariasassessors\/\",\"https:\/\/x.com\/ariasassessors\",\"https:\/\/www.linkedin.com\/company\/r&amp;amp;r-growing-knowledge\/\"]},{\"@type\":\"Person\",\"@id\":\"https:\/\/www.ariasassessors.com\/#\/schema\/person\/63c6ad1775f0a9413c37932562673cef\",\"name\":\"btorras\",\"image\":{\"@type\":\"ImageObject\",\"inLanguage\":\"ca\",\"@id\":\"https:\/\/www.ariasassessors.com\/#\/schema\/person\/image\/\",\"url\":\"https:\/\/secure.gravatar.com\/avatar\/0531db351fc361fdbfd204c58fa2d6a3?s=96&d=mm&r=g\",\"contentUrl\":\"https:\/\/secure.gravatar.com\/avatar\/0531db351fc361fdbfd204c58fa2d6a3?s=96&d=mm&r=g\",\"caption\":\"btorras\"}}]}<\/script>\n<!-- \/ Yoast SEO plugin. -->","yoast_head_json":{"title":"Declaraci\u00f3 de Renda: desgravar als n\u00e9ts | Arias Assessors","description":"\"El passat mes de setembre es publicava la resoluci\u00f3 vinculant de la Direcci\u00f3 General de Tributs V2330-19 en la qual es confirmava la possibilitat que...","robots":{"index":"index","follow":"follow","max-snippet":"max-snippet:-1","max-image-preview":"max-image-preview:large","max-video-preview":"max-video-preview:-1"},"canonical":"https:\/\/www.ariasassessors.com\/ca\/declaracio-de-renda-desgravar-als-nets-com-si-fossin-fills\/","og_locale":"ca_ES","og_type":"article","og_title":"Declaraci\u00f3 de Renda: desgravar als n\u00e9ts | Arias Assessors","og_description":"\"El passat mes de setembre es publicava la resoluci\u00f3 vinculant de la Direcci\u00f3 General de Tributs V2330-19 en la qual es confirmava la possibilitat que...","og_url":"https:\/\/www.ariasassessors.com\/ca\/declaracio-de-renda-desgravar-als-nets-com-si-fossin-fills\/","og_site_name":"Arias Assessors","article_publisher":"https:\/\/www.facebook.com\/ariasassessors\/","article_published_time":"2019-11-19T15:56:48+00:00","article_modified_time":"2020-01-02T15:57:56+00:00","og_image":[{"width":1200,"height":500,"url":"https:\/\/www.ariasassessors.com\/wp-content\/uploads\/2019\/11\/declaraci\u00f3n-renta.png","type":"image\/png"}],"author":"btorras","twitter_card":"summary_large_image","twitter_creator":"@ariasassessors","twitter_site":"@ariasassessors","twitter_misc":{"Escrit per":"btorras","Temps estimat de lectura":"3 minuts"},"schema":{"@context":"https:\/\/schema.org","@graph":[{"@type":"Article","@id":"https:\/\/www.ariasassessors.com\/ca\/declaracio-de-renda-desgravar-als-nets-com-si-fossin-fills\/#article","isPartOf":{"@id":"https:\/\/www.ariasassessors.com\/ca\/declaracio-de-renda-desgravar-als-nets-com-si-fossin-fills\/"},"author":{"name":"btorras","@id":"https:\/\/www.ariasassessors.com\/#\/schema\/person\/63c6ad1775f0a9413c37932562673cef"},"headline":"Declaraci\u00f3 de Renda: desgravar als n\u00e9ts com si fossin fills","datePublished":"2019-11-19T15:56:48+00:00","dateModified":"2020-01-02T15:57:56+00:00","mainEntityOfPage":{"@id":"https:\/\/www.ariasassessors.com\/ca\/declaracio-de-renda-desgravar-als-nets-com-si-fossin-fills\/"},"wordCount":596,"commentCount":0,"publisher":{"@id":"https:\/\/www.ariasassessors.com\/#organization"},"image":{"@id":"https:\/\/www.ariasassessors.com\/ca\/declaracio-de-renda-desgravar-als-nets-com-si-fossin-fills\/#primaryimage"},"thumbnailUrl":"https:\/\/www.ariasassessors.com\/wp-content\/uploads\/2019\/11\/declaraci\u00f3n-renta.png","keywords":["declaraci\u00f3n renda","renta"],"articleSection":["noticies"],"inLanguage":"ca","potentialAction":[{"@type":"CommentAction","name":"Comment","target":["https:\/\/www.ariasassessors.com\/ca\/declaracio-de-renda-desgravar-als-nets-com-si-fossin-fills\/#respond"]}]},{"@type":"WebPage","@id":"https:\/\/www.ariasassessors.com\/ca\/declaracio-de-renda-desgravar-als-nets-com-si-fossin-fills\/","url":"https:\/\/www.ariasassessors.com\/ca\/declaracio-de-renda-desgravar-als-nets-com-si-fossin-fills\/","name":"Declaraci\u00f3 de Renda: desgravar als n\u00e9ts | Arias Assessors","isPartOf":{"@id":"https:\/\/www.ariasassessors.com\/#website"},"primaryImageOfPage":{"@id":"https:\/\/www.ariasassessors.com\/ca\/declaracio-de-renda-desgravar-als-nets-com-si-fossin-fills\/#primaryimage"},"image":{"@id":"https:\/\/www.ariasassessors.com\/ca\/declaracio-de-renda-desgravar-als-nets-com-si-fossin-fills\/#primaryimage"},"thumbnailUrl":"https:\/\/www.ariasassessors.com\/wp-content\/uploads\/2019\/11\/declaraci\u00f3n-renta.png","datePublished":"2019-11-19T15:56:48+00:00","dateModified":"2020-01-02T15:57:56+00:00","description":"\"El passat mes de setembre es publicava la resoluci\u00f3 vinculant de la Direcci\u00f3 General de Tributs V2330-19 en la qual es confirmava la possibilitat que...","breadcrumb":{"@id":"https:\/\/www.ariasassessors.com\/ca\/declaracio-de-renda-desgravar-als-nets-com-si-fossin-fills\/#breadcrumb"},"inLanguage":"ca","potentialAction":[{"@type":"ReadAction","target":["https:\/\/www.ariasassessors.com\/ca\/declaracio-de-renda-desgravar-als-nets-com-si-fossin-fills\/"]}]},{"@type":"ImageObject","inLanguage":"ca","@id":"https:\/\/www.ariasassessors.com\/ca\/declaracio-de-renda-desgravar-als-nets-com-si-fossin-fills\/#primaryimage","url":"https:\/\/www.ariasassessors.com\/wp-content\/uploads\/2019\/11\/declaraci\u00f3n-renta.png","contentUrl":"https:\/\/www.ariasassessors.com\/wp-content\/uploads\/2019\/11\/declaraci\u00f3n-renta.png","width":1200,"height":500},{"@type":"BreadcrumbList","@id":"https:\/\/www.ariasassessors.com\/ca\/declaracio-de-renda-desgravar-als-nets-com-si-fossin-fills\/#breadcrumb","itemListElement":[{"@type":"ListItem","position":1,"name":"Portada","item":"https:\/\/www.ariasassessors.com\/ca\/"},{"@type":"ListItem","position":2,"name":"Declaraci\u00f3 de Renda: desgravar als n\u00e9ts com si fossin fills"}]},{"@type":"WebSite","@id":"https:\/\/www.ariasassessors.com\/#website","url":"https:\/\/www.ariasassessors.com\/","name":"Arias Assessors","description":"Asesor\u00eda para aut\u00f3nomos, profesionales y PYMES","publisher":{"@id":"https:\/\/www.ariasassessors.com\/#organization"},"potentialAction":[{"@type":"SearchAction","target":{"@type":"EntryPoint","urlTemplate":"https:\/\/www.ariasassessors.com\/?s={search_term_string}"},"query-input":{"@type":"PropertyValueSpecification","valueRequired":true,"valueName":"search_term_string"}}],"inLanguage":"ca"},{"@type":"Organization","@id":"https:\/\/www.ariasassessors.com\/#organization","name":"Arias Assessors","url":"https:\/\/www.ariasassessors.com\/","logo":{"@type":"ImageObject","inLanguage":"ca","@id":"https:\/\/www.ariasassessors.com\/#\/schema\/logo\/image\/","url":"https:\/\/www.ariasassessors.com\/wp-content\/uploads\/2019\/01\/arias-logo.png","contentUrl":"https:\/\/www.ariasassessors.com\/wp-content\/uploads\/2019\/01\/arias-logo.png","width":349,"height":254,"caption":"Arias Assessors"},"image":{"@id":"https:\/\/www.ariasassessors.com\/#\/schema\/logo\/image\/"},"sameAs":["https:\/\/www.facebook.com\/ariasassessors\/","https:\/\/x.com\/ariasassessors","https:\/\/www.linkedin.com\/company\/r&amp;amp;r-growing-knowledge\/"]},{"@type":"Person","@id":"https:\/\/www.ariasassessors.com\/#\/schema\/person\/63c6ad1775f0a9413c37932562673cef","name":"btorras","image":{"@type":"ImageObject","inLanguage":"ca","@id":"https:\/\/www.ariasassessors.com\/#\/schema\/person\/image\/","url":"https:\/\/secure.gravatar.com\/avatar\/0531db351fc361fdbfd204c58fa2d6a3?s=96&d=mm&r=g","contentUrl":"https:\/\/secure.gravatar.com\/avatar\/0531db351fc361fdbfd204c58fa2d6a3?s=96&d=mm&r=g","caption":"btorras"}}]}},"_links":{"self":[{"href":"https:\/\/www.ariasassessors.com\/ca\/wp-json\/wp\/v2\/posts\/837","targetHints":{"allow":["GET"]}}],"collection":[{"href":"https:\/\/www.ariasassessors.com\/ca\/wp-json\/wp\/v2\/posts"}],"about":[{"href":"https:\/\/www.ariasassessors.com\/ca\/wp-json\/wp\/v2\/types\/post"}],"author":[{"embeddable":true,"href":"https:\/\/www.ariasassessors.com\/ca\/wp-json\/wp\/v2\/users\/2"}],"replies":[{"embeddable":true,"href":"https:\/\/www.ariasassessors.com\/ca\/wp-json\/wp\/v2\/comments?post=837"}],"version-history":[{"count":2,"href":"https:\/\/www.ariasassessors.com\/ca\/wp-json\/wp\/v2\/posts\/837\/revisions"}],"predecessor-version":[{"id":840,"href":"https:\/\/www.ariasassessors.com\/ca\/wp-json\/wp\/v2\/posts\/837\/revisions\/840"}],"wp:featuredmedia":[{"embeddable":true,"href":"https:\/\/www.ariasassessors.com\/ca\/wp-json\/wp\/v2\/media\/763"}],"wp:attachment":[{"href":"https:\/\/www.ariasassessors.com\/ca\/wp-json\/wp\/v2\/media?parent=837"}],"wp:term":[{"taxonomy":"category","embeddable":true,"href":"https:\/\/www.ariasassessors.com\/ca\/wp-json\/wp\/v2\/categories?post=837"},{"taxonomy":"post_tag","embeddable":true,"href":"https:\/\/www.ariasassessors.com\/ca\/wp-json\/wp\/v2\/tags?post=837"}],"curies":[{"name":"wp","href":"https:\/\/api.w.org\/{rel}","templated":true}]}}