{"id":839,"date":"2019-12-09T16:58:38","date_gmt":"2019-12-09T15:58:38","guid":{"rendered":"https:\/\/www.ariasassessors.com\/?p=839"},"modified":"2020-01-02T17:03:48","modified_gmt":"2020-01-02T16:03:48","slug":"les-practiques-academiques-extracurriculars-tambe-tributen-a-la-renda","status":"publish","type":"post","link":"https:\/\/www.ariasassessors.com\/ca\/les-practiques-academiques-extracurriculars-tambe-tributen-a-la-renda\/","title":{"rendered":"Les pr\u00e0ctiques acad\u00e8miques extracurriculars tamb\u00e9 tributen a la Renda"},"content":{"rendered":"<h4 class=\"entradilla\">La tributaci\u00f3 de les pr\u00e0ctiques acad\u00e8miques extracurriculars ha estat de nou objecte d&#8217;un dubte plantejada a la Direcci\u00f3 General de Tributs, en la Consulta Vinculant V35056-19 de l&#8217;30 d&#8217;octubre. En aquesta ocasi\u00f3, es plantejava el cas d&#8217;un contribuent que va percebre uns rendiments procedents d&#8217;una ajuda a l&#8217;estudi sobre els que va suportar una retenci\u00f3 de el 2%. Els rendiments procedien d&#8217;unes pr\u00e0ctiques acad\u00e8miques externes extracurriculars en el marc d&#8217;un conveni de cooperaci\u00f3 educativa. El consultante preguntava sobre l&#8217;obligaci\u00f3 d&#8217;incloure aquestes percepcions en l&#8217;Impost sobre la Renda.<\/h4>\n<p>&nbsp;<\/p>\n<p>Les pr\u00e0ctiques objecte de la consulta V3056-19 es realitzen en el marc d&#8217;un conveni de cooperaci\u00f3 educativa per a la realitzaci\u00f3 de pr\u00e0ctiques acad\u00e8miques externes extracurriculars, signat per la universitat on cursa estudis el consultante, una entitat col\u00b7laboradora i el mateix consultant, en el marc de Reial Decret 592\/2014.<\/p>\n<p>Per determinar la consideraci\u00f3 de la beca com subjecta o exempta, en primer lloc cal establir la seva naturalesa. L&#8217;article 7) j de la LIRPF reconeix l&#8217;exempci\u00f3 de les beques p\u00fabliques o de les concedides per entitats sense \u00e0nim de lucre a les quals els sigui aplicable el r\u00e8gim especial regulat en el t\u00edtol II de la Llei 49\/2002. Des l&#8217;1 de gener de 2015 no estan exemptes tamb\u00e9 les beques concedides per les fundacions banc\u00e0ries que regula el t\u00edtol Ii de la Llei 26\/2013, de 27 de desembre, de caixes d&#8217;estalvis i fundacions banc\u00e0ries en el desenvolupament de la seva activitat d&#8217;obra social .<\/p>\n<p>L&#8217;aplicaci\u00f3 de l&#8217;exempci\u00f3 requereix, al seu torn, que es tracti de beques per cursar estudis reglats en tots els nivells i graus de el sistema educatiu o de beques per a investigaci\u00f3 en l&#8217;\u00e0mbit descrit pel Reial Decret 63\/2006, de 27 de gener o que siguin atorgades amb fins d&#8217;investigaci\u00f3 als funcionaris i altre personal al servei de les administracions p\u00fabliques i a el personal docent i investigador de les universitats.<\/p>\n<p>En el cas que es planteja es tracta d&#8217;un ajut per a la realitzaci\u00f3 d&#8217;unes pr\u00e0ctiques extracurriculars. Per tant, no s&#8217;engloba en els criteris anteriorment exposats: no forma part d&#8217;un pla d&#8217;estudis (amb la qual cosa no es tracta d&#8217;estudis reglats) ni tampoc estem davant d&#8217;una beca per a investigaci\u00f3.<\/p>\n<p>Ja en una consulta anterior, la V2100-17, s&#8217;havia aplicat un criteri similar davant la situaci\u00f3 a efectes tributaris d&#8217;una diputaci\u00f3 que tenia convenis de cooperaci\u00f3 educativa signats amb dues fundacions universit\u00e0ries perqu\u00e8 els alumnes universitaris poguessin realitzar pr\u00e0ctiques formatives en la pr\u00f2pia diputaci\u00f3 i en ajuntaments de la prov\u00edncia. Per aquestes pr\u00e0ctiques la diputaci\u00f3 oferia als alumnes una borsa o ajuda a l&#8217;estudi. Aquesta consulta resolia que:<\/p>\n<p>&#8220;Si b\u00e9 la bossa o ajuda a l&#8217;estudi la satisf\u00e0 una entitat p\u00fablica, la seva concessi\u00f3 no es realitza en l&#8217;\u00e0mbit d&#8217;una convocat\u00f2ria p\u00fablica, sin\u00f3 en l&#8217;\u00e0mbit restringit de l&#8217;Conveni signat per la Diputaci\u00f3 amb les fundacions i la universitat per a l&#8217;establiment de Programes de cooperaci\u00f3 educativa, conveni que la consultante subscriu en una condici\u00f3 gen\u00e8rica d &#8216; &#8220;empresa&#8221;, en igualtat de condicions que qualsevol altra que signi el corresponent conveni, i a l&#8217;marge de la seva naturalesa d&#8217;entitat p\u00fablica. Per tot aix\u00f2, cal concloure que aquestes bosses o ajudes a l&#8217;estudi atorgades a l&#8217;empara dels programes de cooperaci\u00f3 educativa universitat-empresa no es troben emparades per l&#8217;exempci\u00f3 de l&#8217;article 7.j) de la Llei de l&#8217;Impost &#8220;.<\/p>\n<p>Com a conclusi\u00f3 es determina que l&#8217;ajuda percebuda ha de declarar-se en l&#8217;IRPF com a rendiments de la feina, no exempts, i sotmesos a retenci\u00f3, ja que s\u00f3n pagats per una entitat obligada a retenir com \u00e9s la Diputaci\u00f3. El tipus de retenci\u00f3 aplicable es determinar\u00e0 d&#8217;acord amb el procediment general recollit en l&#8217;article 82 de l&#8217;RIRPF, tenint en compte que el tipus resultant no podr\u00e0 ser inferior a 2%, a l&#8217;tenir la relaci\u00f3 entre alumne i empresa una durada inferior a l&#8217;any.<\/p>\n<p><strong>Font: <a href=\"https:\/\/www.iberley.es\/noticias\/practicas-academicas-extracurriculares-tributan-renta-29889\">Iberley<\/a><\/strong><\/p>\n","protected":false},"excerpt":{"rendered":"<p>La tributaci\u00f3 de les pr\u00e0ctiques acad\u00e8miques extracurriculars ha estat de nou objecte d&#8217;un dubte plantejada a la Direcci\u00f3 General de Tributs, en la Consulta Vinculant V35056-19 de l&#8217;30 d&#8217;octubre. En aquesta ocasi\u00f3, es plantejava el cas d&#8217;un contribuent que va percebre uns rendiments procedents d&#8217;una&#8230;<\/p>\n","protected":false},"author":2,"featured_media":807,"comment_status":"open","ping_status":"open","sticky":false,"template":"","format":"standard","meta":{"footnotes":""},"categories":[4],"tags":[297],"class_list":["post-839","post","type-post","status-publish","format-standard","has-post-thumbnail","hentry","category-noticies","tag-irpf-ca"],"yoast_head":"<!-- This site is optimized with the Yoast SEO plugin v24.3 - https:\/\/yoast.com\/wordpress\/plugins\/seo\/ -->\n<title>Pr\u00e0ctiques acad\u00e8miques tributen a la renda | Arias Assessors<\/title>\n<meta name=\"description\" content=\"La tributaci\u00f3 de les pr\u00e0ctiques acad\u00e8miques extracurriculars ha estat de nou objecte d&#039;un dubte plantejada a la Direcci\u00f3 General de Tributs\" \/>\n<meta name=\"robots\" content=\"index, follow, max-snippet:-1, max-image-preview:large, max-video-preview:-1\" \/>\n<link rel=\"canonical\" href=\"https:\/\/www.ariasassessors.com\/ca\/les-practiques-academiques-extracurriculars-tambe-tributen-a-la-renda\/\" \/>\n<meta property=\"og:locale\" content=\"ca_ES\" \/>\n<meta property=\"og:type\" content=\"article\" \/>\n<meta property=\"og:title\" content=\"Pr\u00e0ctiques acad\u00e8miques tributen a la renda | Arias Assessors\" \/>\n<meta property=\"og:description\" content=\"La tributaci\u00f3 de les pr\u00e0ctiques acad\u00e8miques extracurriculars ha estat de nou objecte d&#039;un dubte plantejada a la Direcci\u00f3 General de Tributs\" \/>\n<meta property=\"og:url\" content=\"https:\/\/www.ariasassessors.com\/ca\/les-practiques-academiques-extracurriculars-tambe-tributen-a-la-renda\/\" \/>\n<meta property=\"og:site_name\" content=\"Arias Assessors\" \/>\n<meta property=\"article:publisher\" content=\"https:\/\/www.facebook.com\/ariasassessors\/\" \/>\n<meta property=\"article:published_time\" content=\"2019-12-09T15:58:38+00:00\" \/>\n<meta property=\"article:modified_time\" content=\"2020-01-02T16:03:48+00:00\" \/>\n<meta property=\"og:image\" content=\"https:\/\/www.ariasassessors.com\/wp-content\/uploads\/2019\/12\/estudiantes.png\" \/>\n\t<meta property=\"og:image:width\" content=\"1200\" \/>\n\t<meta property=\"og:image:height\" content=\"500\" \/>\n\t<meta property=\"og:image:type\" content=\"image\/png\" \/>\n<meta name=\"author\" content=\"btorras\" \/>\n<meta name=\"twitter:card\" content=\"summary_large_image\" \/>\n<meta name=\"twitter:creator\" content=\"@ariasassessors\" \/>\n<meta name=\"twitter:site\" content=\"@ariasassessors\" \/>\n<meta name=\"twitter:label1\" content=\"Escrit per\" \/>\n\t<meta name=\"twitter:data1\" content=\"btorras\" \/>\n\t<meta name=\"twitter:label2\" content=\"Temps estimat de lectura\" \/>\n\t<meta name=\"twitter:data2\" content=\"3 minuts\" \/>\n<script type=\"application\/ld+json\" class=\"yoast-schema-graph\">{\"@context\":\"https:\/\/schema.org\",\"@graph\":[{\"@type\":\"Article\",\"@id\":\"https:\/\/www.ariasassessors.com\/ca\/les-practiques-academiques-extracurriculars-tambe-tributen-a-la-renda\/#article\",\"isPartOf\":{\"@id\":\"https:\/\/www.ariasassessors.com\/ca\/les-practiques-academiques-extracurriculars-tambe-tributen-a-la-renda\/\"},\"author\":{\"name\":\"btorras\",\"@id\":\"https:\/\/www.ariasassessors.com\/#\/schema\/person\/63c6ad1775f0a9413c37932562673cef\"},\"headline\":\"Les pr\u00e0ctiques acad\u00e8miques extracurriculars tamb\u00e9 tributen a la Renda\",\"datePublished\":\"2019-12-09T15:58:38+00:00\",\"dateModified\":\"2020-01-02T16:03:48+00:00\",\"mainEntityOfPage\":{\"@id\":\"https:\/\/www.ariasassessors.com\/ca\/les-practiques-academiques-extracurriculars-tambe-tributen-a-la-renda\/\"},\"wordCount\":663,\"commentCount\":0,\"publisher\":{\"@id\":\"https:\/\/www.ariasassessors.com\/#organization\"},\"image\":{\"@id\":\"https:\/\/www.ariasassessors.com\/ca\/les-practiques-academiques-extracurriculars-tambe-tributen-a-la-renda\/#primaryimage\"},\"thumbnailUrl\":\"https:\/\/www.ariasassessors.com\/wp-content\/uploads\/2019\/12\/estudiantes.png\",\"keywords\":[\"IRPF\"],\"articleSection\":[\"noticies\"],\"inLanguage\":\"ca\",\"potentialAction\":[{\"@type\":\"CommentAction\",\"name\":\"Comment\",\"target\":[\"https:\/\/www.ariasassessors.com\/ca\/les-practiques-academiques-extracurriculars-tambe-tributen-a-la-renda\/#respond\"]}]},{\"@type\":\"WebPage\",\"@id\":\"https:\/\/www.ariasassessors.com\/ca\/les-practiques-academiques-extracurriculars-tambe-tributen-a-la-renda\/\",\"url\":\"https:\/\/www.ariasassessors.com\/ca\/les-practiques-academiques-extracurriculars-tambe-tributen-a-la-renda\/\",\"name\":\"Pr\u00e0ctiques acad\u00e8miques tributen a la renda | Arias Assessors\",\"isPartOf\":{\"@id\":\"https:\/\/www.ariasassessors.com\/#website\"},\"primaryImageOfPage\":{\"@id\":\"https:\/\/www.ariasassessors.com\/ca\/les-practiques-academiques-extracurriculars-tambe-tributen-a-la-renda\/#primaryimage\"},\"image\":{\"@id\":\"https:\/\/www.ariasassessors.com\/ca\/les-practiques-academiques-extracurriculars-tambe-tributen-a-la-renda\/#primaryimage\"},\"thumbnailUrl\":\"https:\/\/www.ariasassessors.com\/wp-content\/uploads\/2019\/12\/estudiantes.png\",\"datePublished\":\"2019-12-09T15:58:38+00:00\",\"dateModified\":\"2020-01-02T16:03:48+00:00\",\"description\":\"La tributaci\u00f3 de les pr\u00e0ctiques acad\u00e8miques extracurriculars ha estat de nou objecte d'un dubte plantejada a la Direcci\u00f3 General de Tributs\",\"breadcrumb\":{\"@id\":\"https:\/\/www.ariasassessors.com\/ca\/les-practiques-academiques-extracurriculars-tambe-tributen-a-la-renda\/#breadcrumb\"},\"inLanguage\":\"ca\",\"potentialAction\":[{\"@type\":\"ReadAction\",\"target\":[\"https:\/\/www.ariasassessors.com\/ca\/les-practiques-academiques-extracurriculars-tambe-tributen-a-la-renda\/\"]}]},{\"@type\":\"ImageObject\",\"inLanguage\":\"ca\",\"@id\":\"https:\/\/www.ariasassessors.com\/ca\/les-practiques-academiques-extracurriculars-tambe-tributen-a-la-renda\/#primaryimage\",\"url\":\"https:\/\/www.ariasassessors.com\/wp-content\/uploads\/2019\/12\/estudiantes.png\",\"contentUrl\":\"https:\/\/www.ariasassessors.com\/wp-content\/uploads\/2019\/12\/estudiantes.png\",\"width\":1200,\"height\":500},{\"@type\":\"BreadcrumbList\",\"@id\":\"https:\/\/www.ariasassessors.com\/ca\/les-practiques-academiques-extracurriculars-tambe-tributen-a-la-renda\/#breadcrumb\",\"itemListElement\":[{\"@type\":\"ListItem\",\"position\":1,\"name\":\"Portada\",\"item\":\"https:\/\/www.ariasassessors.com\/ca\/\"},{\"@type\":\"ListItem\",\"position\":2,\"name\":\"Les pr\u00e0ctiques acad\u00e8miques extracurriculars tamb\u00e9 tributen a la Renda\"}]},{\"@type\":\"WebSite\",\"@id\":\"https:\/\/www.ariasassessors.com\/#website\",\"url\":\"https:\/\/www.ariasassessors.com\/\",\"name\":\"Arias Assessors\",\"description\":\"Asesor\u00eda para aut\u00f3nomos, profesionales y PYMES\",\"publisher\":{\"@id\":\"https:\/\/www.ariasassessors.com\/#organization\"},\"potentialAction\":[{\"@type\":\"SearchAction\",\"target\":{\"@type\":\"EntryPoint\",\"urlTemplate\":\"https:\/\/www.ariasassessors.com\/?s={search_term_string}\"},\"query-input\":{\"@type\":\"PropertyValueSpecification\",\"valueRequired\":true,\"valueName\":\"search_term_string\"}}],\"inLanguage\":\"ca\"},{\"@type\":\"Organization\",\"@id\":\"https:\/\/www.ariasassessors.com\/#organization\",\"name\":\"Arias Assessors\",\"url\":\"https:\/\/www.ariasassessors.com\/\",\"logo\":{\"@type\":\"ImageObject\",\"inLanguage\":\"ca\",\"@id\":\"https:\/\/www.ariasassessors.com\/#\/schema\/logo\/image\/\",\"url\":\"https:\/\/www.ariasassessors.com\/wp-content\/uploads\/2019\/01\/arias-logo.png\",\"contentUrl\":\"https:\/\/www.ariasassessors.com\/wp-content\/uploads\/2019\/01\/arias-logo.png\",\"width\":349,\"height\":254,\"caption\":\"Arias Assessors\"},\"image\":{\"@id\":\"https:\/\/www.ariasassessors.com\/#\/schema\/logo\/image\/\"},\"sameAs\":[\"https:\/\/www.facebook.com\/ariasassessors\/\",\"https:\/\/x.com\/ariasassessors\",\"https:\/\/www.linkedin.com\/company\/r&amp;amp;r-growing-knowledge\/\"]},{\"@type\":\"Person\",\"@id\":\"https:\/\/www.ariasassessors.com\/#\/schema\/person\/63c6ad1775f0a9413c37932562673cef\",\"name\":\"btorras\",\"image\":{\"@type\":\"ImageObject\",\"inLanguage\":\"ca\",\"@id\":\"https:\/\/www.ariasassessors.com\/#\/schema\/person\/image\/\",\"url\":\"https:\/\/secure.gravatar.com\/avatar\/0531db351fc361fdbfd204c58fa2d6a3?s=96&d=mm&r=g\",\"contentUrl\":\"https:\/\/secure.gravatar.com\/avatar\/0531db351fc361fdbfd204c58fa2d6a3?s=96&d=mm&r=g\",\"caption\":\"btorras\"}}]}<\/script>\n<!-- \/ Yoast SEO plugin. -->","yoast_head_json":{"title":"Pr\u00e0ctiques acad\u00e8miques tributen a la renda | Arias Assessors","description":"La tributaci\u00f3 de les pr\u00e0ctiques acad\u00e8miques extracurriculars ha estat de nou objecte d'un dubte plantejada a la Direcci\u00f3 General de Tributs","robots":{"index":"index","follow":"follow","max-snippet":"max-snippet:-1","max-image-preview":"max-image-preview:large","max-video-preview":"max-video-preview:-1"},"canonical":"https:\/\/www.ariasassessors.com\/ca\/les-practiques-academiques-extracurriculars-tambe-tributen-a-la-renda\/","og_locale":"ca_ES","og_type":"article","og_title":"Pr\u00e0ctiques acad\u00e8miques tributen a la renda | Arias Assessors","og_description":"La tributaci\u00f3 de les pr\u00e0ctiques acad\u00e8miques extracurriculars ha estat de nou objecte d'un dubte plantejada a la Direcci\u00f3 General de Tributs","og_url":"https:\/\/www.ariasassessors.com\/ca\/les-practiques-academiques-extracurriculars-tambe-tributen-a-la-renda\/","og_site_name":"Arias Assessors","article_publisher":"https:\/\/www.facebook.com\/ariasassessors\/","article_published_time":"2019-12-09T15:58:38+00:00","article_modified_time":"2020-01-02T16:03:48+00:00","og_image":[{"width":1200,"height":500,"url":"https:\/\/www.ariasassessors.com\/wp-content\/uploads\/2019\/12\/estudiantes.png","type":"image\/png"}],"author":"btorras","twitter_card":"summary_large_image","twitter_creator":"@ariasassessors","twitter_site":"@ariasassessors","twitter_misc":{"Escrit per":"btorras","Temps estimat de lectura":"3 minuts"},"schema":{"@context":"https:\/\/schema.org","@graph":[{"@type":"Article","@id":"https:\/\/www.ariasassessors.com\/ca\/les-practiques-academiques-extracurriculars-tambe-tributen-a-la-renda\/#article","isPartOf":{"@id":"https:\/\/www.ariasassessors.com\/ca\/les-practiques-academiques-extracurriculars-tambe-tributen-a-la-renda\/"},"author":{"name":"btorras","@id":"https:\/\/www.ariasassessors.com\/#\/schema\/person\/63c6ad1775f0a9413c37932562673cef"},"headline":"Les pr\u00e0ctiques acad\u00e8miques extracurriculars tamb\u00e9 tributen a la Renda","datePublished":"2019-12-09T15:58:38+00:00","dateModified":"2020-01-02T16:03:48+00:00","mainEntityOfPage":{"@id":"https:\/\/www.ariasassessors.com\/ca\/les-practiques-academiques-extracurriculars-tambe-tributen-a-la-renda\/"},"wordCount":663,"commentCount":0,"publisher":{"@id":"https:\/\/www.ariasassessors.com\/#organization"},"image":{"@id":"https:\/\/www.ariasassessors.com\/ca\/les-practiques-academiques-extracurriculars-tambe-tributen-a-la-renda\/#primaryimage"},"thumbnailUrl":"https:\/\/www.ariasassessors.com\/wp-content\/uploads\/2019\/12\/estudiantes.png","keywords":["IRPF"],"articleSection":["noticies"],"inLanguage":"ca","potentialAction":[{"@type":"CommentAction","name":"Comment","target":["https:\/\/www.ariasassessors.com\/ca\/les-practiques-academiques-extracurriculars-tambe-tributen-a-la-renda\/#respond"]}]},{"@type":"WebPage","@id":"https:\/\/www.ariasassessors.com\/ca\/les-practiques-academiques-extracurriculars-tambe-tributen-a-la-renda\/","url":"https:\/\/www.ariasassessors.com\/ca\/les-practiques-academiques-extracurriculars-tambe-tributen-a-la-renda\/","name":"Pr\u00e0ctiques acad\u00e8miques tributen a la renda | Arias Assessors","isPartOf":{"@id":"https:\/\/www.ariasassessors.com\/#website"},"primaryImageOfPage":{"@id":"https:\/\/www.ariasassessors.com\/ca\/les-practiques-academiques-extracurriculars-tambe-tributen-a-la-renda\/#primaryimage"},"image":{"@id":"https:\/\/www.ariasassessors.com\/ca\/les-practiques-academiques-extracurriculars-tambe-tributen-a-la-renda\/#primaryimage"},"thumbnailUrl":"https:\/\/www.ariasassessors.com\/wp-content\/uploads\/2019\/12\/estudiantes.png","datePublished":"2019-12-09T15:58:38+00:00","dateModified":"2020-01-02T16:03:48+00:00","description":"La tributaci\u00f3 de les pr\u00e0ctiques acad\u00e8miques extracurriculars ha estat de nou objecte d'un dubte plantejada a la Direcci\u00f3 General de Tributs","breadcrumb":{"@id":"https:\/\/www.ariasassessors.com\/ca\/les-practiques-academiques-extracurriculars-tambe-tributen-a-la-renda\/#breadcrumb"},"inLanguage":"ca","potentialAction":[{"@type":"ReadAction","target":["https:\/\/www.ariasassessors.com\/ca\/les-practiques-academiques-extracurriculars-tambe-tributen-a-la-renda\/"]}]},{"@type":"ImageObject","inLanguage":"ca","@id":"https:\/\/www.ariasassessors.com\/ca\/les-practiques-academiques-extracurriculars-tambe-tributen-a-la-renda\/#primaryimage","url":"https:\/\/www.ariasassessors.com\/wp-content\/uploads\/2019\/12\/estudiantes.png","contentUrl":"https:\/\/www.ariasassessors.com\/wp-content\/uploads\/2019\/12\/estudiantes.png","width":1200,"height":500},{"@type":"BreadcrumbList","@id":"https:\/\/www.ariasassessors.com\/ca\/les-practiques-academiques-extracurriculars-tambe-tributen-a-la-renda\/#breadcrumb","itemListElement":[{"@type":"ListItem","position":1,"name":"Portada","item":"https:\/\/www.ariasassessors.com\/ca\/"},{"@type":"ListItem","position":2,"name":"Les pr\u00e0ctiques acad\u00e8miques extracurriculars tamb\u00e9 tributen a la Renda"}]},{"@type":"WebSite","@id":"https:\/\/www.ariasassessors.com\/#website","url":"https:\/\/www.ariasassessors.com\/","name":"Arias Assessors","description":"Asesor\u00eda para aut\u00f3nomos, profesionales y PYMES","publisher":{"@id":"https:\/\/www.ariasassessors.com\/#organization"},"potentialAction":[{"@type":"SearchAction","target":{"@type":"EntryPoint","urlTemplate":"https:\/\/www.ariasassessors.com\/?s={search_term_string}"},"query-input":{"@type":"PropertyValueSpecification","valueRequired":true,"valueName":"search_term_string"}}],"inLanguage":"ca"},{"@type":"Organization","@id":"https:\/\/www.ariasassessors.com\/#organization","name":"Arias Assessors","url":"https:\/\/www.ariasassessors.com\/","logo":{"@type":"ImageObject","inLanguage":"ca","@id":"https:\/\/www.ariasassessors.com\/#\/schema\/logo\/image\/","url":"https:\/\/www.ariasassessors.com\/wp-content\/uploads\/2019\/01\/arias-logo.png","contentUrl":"https:\/\/www.ariasassessors.com\/wp-content\/uploads\/2019\/01\/arias-logo.png","width":349,"height":254,"caption":"Arias Assessors"},"image":{"@id":"https:\/\/www.ariasassessors.com\/#\/schema\/logo\/image\/"},"sameAs":["https:\/\/www.facebook.com\/ariasassessors\/","https:\/\/x.com\/ariasassessors","https:\/\/www.linkedin.com\/company\/r&amp;amp;r-growing-knowledge\/"]},{"@type":"Person","@id":"https:\/\/www.ariasassessors.com\/#\/schema\/person\/63c6ad1775f0a9413c37932562673cef","name":"btorras","image":{"@type":"ImageObject","inLanguage":"ca","@id":"https:\/\/www.ariasassessors.com\/#\/schema\/person\/image\/","url":"https:\/\/secure.gravatar.com\/avatar\/0531db351fc361fdbfd204c58fa2d6a3?s=96&d=mm&r=g","contentUrl":"https:\/\/secure.gravatar.com\/avatar\/0531db351fc361fdbfd204c58fa2d6a3?s=96&d=mm&r=g","caption":"btorras"}}]}},"_links":{"self":[{"href":"https:\/\/www.ariasassessors.com\/ca\/wp-json\/wp\/v2\/posts\/839","targetHints":{"allow":["GET"]}}],"collection":[{"href":"https:\/\/www.ariasassessors.com\/ca\/wp-json\/wp\/v2\/posts"}],"about":[{"href":"https:\/\/www.ariasassessors.com\/ca\/wp-json\/wp\/v2\/types\/post"}],"author":[{"embeddable":true,"href":"https:\/\/www.ariasassessors.com\/ca\/wp-json\/wp\/v2\/users\/2"}],"replies":[{"embeddable":true,"href":"https:\/\/www.ariasassessors.com\/ca\/wp-json\/wp\/v2\/comments?post=839"}],"version-history":[{"count":1,"href":"https:\/\/www.ariasassessors.com\/ca\/wp-json\/wp\/v2\/posts\/839\/revisions"}],"predecessor-version":[{"id":841,"href":"https:\/\/www.ariasassessors.com\/ca\/wp-json\/wp\/v2\/posts\/839\/revisions\/841"}],"wp:featuredmedia":[{"embeddable":true,"href":"https:\/\/www.ariasassessors.com\/ca\/wp-json\/wp\/v2\/media\/807"}],"wp:attachment":[{"href":"https:\/\/www.ariasassessors.com\/ca\/wp-json\/wp\/v2\/media?parent=839"}],"wp:term":[{"taxonomy":"category","embeddable":true,"href":"https:\/\/www.ariasassessors.com\/ca\/wp-json\/wp\/v2\/categories?post=839"},{"taxonomy":"post_tag","embeddable":true,"href":"https:\/\/www.ariasassessors.com\/ca\/wp-json\/wp\/v2\/tags?post=839"}],"curies":[{"name":"wp","href":"https:\/\/api.w.org\/{rel}","templated":true}]}}