{"id":842,"date":"2019-11-19T12:04:27","date_gmt":"2019-11-19T11:04:27","guid":{"rendered":"https:\/\/www.ariasassessors.com\/?p=842"},"modified":"2020-01-02T17:09:14","modified_gmt":"2020-01-02T16:09:14","slug":"primeres-multes-a-un-centenar-dempreses-pel-registre-horari-de-la-jornada-laboral","status":"publish","type":"post","link":"https:\/\/www.ariasassessors.com\/ca\/primeres-multes-a-un-centenar-dempreses-pel-registre-horari-de-la-jornada-laboral\/","title":{"rendered":"Primeres multes a un centenar d&#8217;empreses pel registre horari de la jornada laboral"},"content":{"rendered":"<p>Compartim aquesta interessant not\u00edcia amb vosaltres <strong><a href=\"https:\/\/www.lavanguardia.com\/economia\/20191112\/471550729224\/registro-horario-jornada-trabajo-empleados-multas-empresas.html\">LaVanguardia<\/a><\/strong>, on informa que ja existeixen multes a les empreses per incompliment en el regisitre horari dels seus treballadors. us recordem <a href=\"https:\/\/www.ariasassessors.com\/registro-de-los-horarios-laborales\/\">en aquest article m\u00e9s informaci\u00f3 sobre aquesta normativa<\/a>.<\/p>\n<p>&#8220;El Ministeri de Treball va publicar aquest dimarts el seu primer balan\u00e7 de l&#8217;aplicaci\u00f3 de la nova normativa sobre el registre obligatori de la jornada, que tanta polseguera va aixecar fa uns mesos. Entre maig i octubre, els inspectors de Treball van obrir 2.000 expedients relacionats en exclusiva amb la implantaci\u00f3 i aplicaci\u00f3 d&#8217;un sistema diari per controlar quantes hores treballa la plantilla. Fins ara, la Inspecci\u00f3 de Treball ha finalitzat mig miler d&#8217;ells. dels expedients conclosos, 107 han acabat amb una sanci\u00f3. \u00c9s a dir, han estat multades el 20 % de les empreses inspeccionades nom\u00e9s pel seu sistema per fitxar.<\/p>\n<p>A el temps, altres 189 expedients han vingut acompanyats d&#8217;un requeriment per a esmenar situacions irregulars. De no fer-ho, l&#8217;empresa inspeccionada s&#8217;arrisca a rebre una sanci\u00f3. Fins al moment, les infraccions per procediments de la Inspecci\u00f3 relacionats amb el registre horari ascendeixen a 113.000 euros. Pel que, de mitjana, a les empreses infractores se&#8217;ls reclamen uns 1.000 euros de multa. El r\u00e8gim sancionador de la llei oscil\u00b7la entre els 626 i els 6.250 euros.<\/p>\n<div id=\"ez-toc-container\" class=\"ez-toc-v2_0_72 counter-hierarchy ez-toc-counter ez-toc-grey ez-toc-container-direction\">\n<div class=\"ez-toc-title-container\">\n<p class=\"ez-toc-title\" style=\"cursor:inherit\">\u00cdndice de Contenidos<\/p>\n<span class=\"ez-toc-title-toggle\"><a href=\"#\" class=\"ez-toc-pull-right ez-toc-btn ez-toc-btn-xs ez-toc-btn-default ez-toc-toggle\" aria-label=\"Toggle Table of Content\"><span class=\"ez-toc-js-icon-con\"><span class=\"\"><span class=\"eztoc-hide\" style=\"display:none;\">Toggle<\/span><span class=\"ez-toc-icon-toggle-span\"><svg style=\"fill: #428bca;color:#428bca\" xmlns=\"http:\/\/www.w3.org\/2000\/svg\" class=\"list-377408\" width=\"20px\" height=\"20px\" viewBox=\"0 0 24 24\" fill=\"none\"><path d=\"M6 6H4v2h2V6zm14 0H8v2h12V6zM4 11h2v2H4v-2zm16 0H8v2h12v-2zM4 16h2v2H4v-2zm16 0H8v2h12v-2z\" fill=\"currentColor\"><\/path><\/svg><svg style=\"fill: #428bca;color:#428bca\" class=\"arrow-unsorted-368013\" xmlns=\"http:\/\/www.w3.org\/2000\/svg\" width=\"10px\" height=\"10px\" viewBox=\"0 0 24 24\" version=\"1.2\" baseProfile=\"tiny\"><path d=\"M18.2 9.3l-6.2-6.3-6.2 6.3c-.2.2-.3.4-.3.7s.1.5.3.7c.2.2.4.3.7.3h11c.3 0 .5-.1.7-.3.2-.2.3-.5.3-.7s-.1-.5-.3-.7zM5.8 14.7l6.2 6.3 6.2-6.3c.2-.2.3-.5.3-.7s-.1-.5-.3-.7c-.2-.2-.4-.3-.7-.3h-11c-.3 0-.5.1-.7.3-.2.2-.3.5-.3.7s.1.5.3.7z\"\/><\/svg><\/span><\/span><\/span><\/a><\/span><\/div>\n<nav><ul class='ez-toc-list ez-toc-list-level-1 eztoc-toggle-hide-by-default' ><li class='ez-toc-page-1 ez-toc-heading-level-4'><a class=\"ez-toc-link ez-toc-heading-1\" href=\"https:\/\/www.ariasassessors.com\/ca\/primeres-multes-a-un-centenar-dempreses-pel-registre-horari-de-la-jornada-laboral\/#Al_2020_es_posara_en_marxa_una_campanya_especifica_sobre_el_control_de_la_jornada_laboral\" title=\"Al 2020 es posar\u00e0 en marxa una campanya espec\u00edfica sobre el control de la jornada laboral\">Al 2020 es posar\u00e0 en marxa una campanya espec\u00edfica sobre el control de la jornada laboral<\/a><\/li><li class='ez-toc-page-1 ez-toc-heading-level-4'><a class=\"ez-toc-link ez-toc-heading-2\" href=\"https:\/\/www.ariasassessors.com\/ca\/primeres-multes-a-un-centenar-dempreses-pel-registre-horari-de-la-jornada-laboral\/#Dubtes_entre_els_empresaris\" title=\"Dubtes entre els empresaris\">Dubtes entre els empresaris<\/a><\/li><\/ul><\/nav><\/div>\n<h4><span class=\"ez-toc-section\" id=\"Al_2020_es_posara_en_marxa_una_campanya_especifica_sobre_el_control_de_la_jornada_laboral\"><\/span>Al 2020 es posar\u00e0 en marxa una campanya espec\u00edfica sobre el control de la jornada laboral<span class=\"ez-toc-section-end\"><\/span><\/h4>\n<p>Quan la nova norma va entrar en vigor al maig, les organitzacions d&#8217;inspectors ja van mostrar el seu convenciment que el seu efecte, m\u00e9s que en el volum de les multes, s&#8217;anava a reflectir a la llarga en la reducci\u00f3 de les hores treballades que ni es paguen ni es cotitzen.<\/p>\n<p>La llei obliga els empresaris a portar un registre diari de la jornada de tots els seus treballadors, mitjan\u00e7ant un sistema fiable i que no es pugui manipular. Una informaci\u00f3 que ha d&#8217;estar a disposici\u00f3 de cada assalariat i dels representants dels treballadors. La mesura, aprovada pel departament que comanda -ara en funcions- Magdalena Valerio, busca contribuir a que es redueixi el frau en la contractaci\u00f3 a temps parcial i en la realitzaci\u00f3 d&#8217;hores extres que ni es paguen ni es compensen amb descans. Es tracta d&#8217;abusos en el mercat laboral que engreixen l&#8217;economia submergida, minven les arques de la Seguretat Social, a m\u00e9s de ser una pr\u00e0ctica de compet\u00e8ncia deslleial. Tal com recull l&#8217;\u00faltima EPA, entre juliol i setembre passat es van realitzar gaireb\u00e9 5,4 milions d&#8217;hores extres a la setmana, de les que 2,2 milions no estaven remunerades.<\/p>\n<p>Segons les dades facilitades aquest dimarts pel Ministeri de Treball, Migracions i Seguretat Social, totes les actuacions relacionades amb el temps de treball de l&#8217;\u00faltim semestre s&#8217;han saldat amb 5.363 expedients de la Inspecci\u00f3 de Treball, la qual cosa suposa gaireb\u00e9 un 4% d&#8217;increment pel que fa als sis mesos anteriors. A m\u00e9s, el balan\u00e7 de l&#8217;ministeri destaca que s&#8217;han imposat infraccions a el 18,3% de les empreses inspeccionades. En total, les infraccions reclamades a les empreses ascendeixen a 1,26 milions d&#8217;euros (1,15 milions per expedients sobre temps de treball i 113.000 pel registre de jornada).<\/p>\n<p>Aix\u00ed mateix, el ministeri ha anunciat que el 2020, la Inspecci\u00f3 de Treball posar\u00e0 en marxa, en coordinaci\u00f3 amb les comunitats aut\u00f2nomes una campanya espec\u00edfica de control de l&#8217;registre de jornada.<\/p>\n<h4><span class=\"ez-toc-section\" id=\"Dubtes_entre_els_empresaris\"><\/span>Dubtes entre els empresaris<span class=\"ez-toc-section-end\"><\/span><\/h4>\n<p>La generalitzaci\u00f3 de l&#8217;registre horari suscitar moltes consultes per part dels empresaris i discussions sobre com implantar-lo en la pr\u00e0ctica. El primer element per decidir \u00e9s el sistema de registre, que s&#8217;ha de negociar amb els treballadors. Tot i que les empreses nom\u00e9s estan obligades a recollir l&#8217;hora en qu\u00e8 comen\u00e7a i acaba la jornada di\u00e0ria de tots els seus empleats, una de les q\u00fcestions m\u00e9s controvertides ha estat tamb\u00e9 com computar les pauses per estirar les cames o fumar. Aquest tipus d&#8217;aclariments s&#8217;han d&#8217;acordar amb els treballadors i traslladar-se a l&#8217;conveni col\u00b7lectiu.<\/p>\n<p>La norma estableix que tota la informaci\u00f3 sobre la comptabilitat de la jornada di\u00e0ria es conservi durant quatre anys i &#8220;ha d&#8217;estar i romandre f\u00edsicament&#8221; a cada centre de treball o ser accessible des d&#8217;all\u00e0. Davant el desconcert de les primeres setmanes, Treball va assegurar que serien ben\u00e8vols en els primers compassos de l&#8217;aplicaci\u00f3 de la llei. Ja fa temps que aquesta m\u00e0niga ampla va acabar. &#8221;<\/p>\n<p><strong>Font: <a href=\"https:\/\/www.lavanguardia.com\/\">La Vanguardia<\/a><\/strong><\/p>\n<p>&nbsp;<\/p>\n","protected":false},"excerpt":{"rendered":"<p>Compartim aquesta interessant not\u00edcia amb vosaltres LaVanguardia, on informa que ja existeixen multes a les empreses per incompliment en el regisitre horari dels seus treballadors. us recordem en aquest article m\u00e9s informaci\u00f3 sobre aquesta normativa. &#8220;El Ministeri de Treball va publicar aquest dimarts el seu&#8230;<\/p>\n","protected":false},"author":2,"featured_media":760,"comment_status":"open","ping_status":"open","sticky":false,"template":"","format":"standard","meta":{"footnotes":""},"categories":[4],"tags":[311,234,229],"class_list":["post-842","post","type-post","status-publish","format-standard","has-post-thumbnail","hentry","category-noticies","tag-decret-llei","tag-normativa-empresas-ca","tag-noticias-ca"],"yoast_head":"<!-- This site is optimized with the Yoast SEO plugin v24.3 - https:\/\/yoast.com\/wordpress\/plugins\/seo\/ -->\n<title>Primeres multes a empreses pel registre horari | Arias Assessors<\/title>\n<meta name=\"description\" content=\"El Ministeri de Treball va publicar aquest dimarts el seu primer balan\u00e7 de l&#039;aplicaci\u00f3 de la nova normativa sobre el registre obligatori de la jornada\" \/>\n<meta name=\"robots\" content=\"index, follow, max-snippet:-1, max-image-preview:large, max-video-preview:-1\" \/>\n<link rel=\"canonical\" href=\"https:\/\/www.ariasassessors.com\/ca\/primeres-multes-a-un-centenar-dempreses-pel-registre-horari-de-la-jornada-laboral\/\" \/>\n<meta property=\"og:locale\" content=\"ca_ES\" \/>\n<meta property=\"og:type\" content=\"article\" \/>\n<meta property=\"og:title\" content=\"Primeres multes a empreses pel registre horari | Arias Assessors\" \/>\n<meta property=\"og:description\" content=\"El Ministeri de Treball va publicar aquest dimarts el seu primer balan\u00e7 de l&#039;aplicaci\u00f3 de la nova normativa sobre el registre obligatori de la jornada\" \/>\n<meta property=\"og:url\" content=\"https:\/\/www.ariasassessors.com\/ca\/primeres-multes-a-un-centenar-dempreses-pel-registre-horari-de-la-jornada-laboral\/\" \/>\n<meta property=\"og:site_name\" content=\"Arias Assessors\" \/>\n<meta property=\"article:publisher\" content=\"https:\/\/www.facebook.com\/ariasassessors\/\" \/>\n<meta property=\"article:published_time\" content=\"2019-11-19T11:04:27+00:00\" \/>\n<meta property=\"article:modified_time\" content=\"2020-01-02T16:09:14+00:00\" \/>\n<meta property=\"og:image\" content=\"https:\/\/www.ariasassessors.com\/wp-content\/uploads\/2019\/11\/registro.png\" \/>\n\t<meta property=\"og:image:width\" content=\"1200\" \/>\n\t<meta property=\"og:image:height\" content=\"500\" \/>\n\t<meta property=\"og:image:type\" content=\"image\/png\" \/>\n<meta name=\"author\" content=\"btorras\" \/>\n<meta name=\"twitter:card\" content=\"summary_large_image\" \/>\n<meta name=\"twitter:creator\" content=\"@ariasassessors\" \/>\n<meta name=\"twitter:site\" content=\"@ariasassessors\" \/>\n<meta name=\"twitter:label1\" content=\"Escrit per\" \/>\n\t<meta name=\"twitter:data1\" content=\"btorras\" \/>\n\t<meta name=\"twitter:label2\" content=\"Temps estimat de lectura\" \/>\n\t<meta name=\"twitter:data2\" content=\"4 minuts\" \/>\n<script type=\"application\/ld+json\" class=\"yoast-schema-graph\">{\"@context\":\"https:\/\/schema.org\",\"@graph\":[{\"@type\":\"Article\",\"@id\":\"https:\/\/www.ariasassessors.com\/ca\/primeres-multes-a-un-centenar-dempreses-pel-registre-horari-de-la-jornada-laboral\/#article\",\"isPartOf\":{\"@id\":\"https:\/\/www.ariasassessors.com\/ca\/primeres-multes-a-un-centenar-dempreses-pel-registre-horari-de-la-jornada-laboral\/\"},\"author\":{\"name\":\"btorras\",\"@id\":\"https:\/\/www.ariasassessors.com\/#\/schema\/person\/63c6ad1775f0a9413c37932562673cef\"},\"headline\":\"Primeres multes a un centenar d&#8217;empreses pel registre horari de la jornada laboral\",\"datePublished\":\"2019-11-19T11:04:27+00:00\",\"dateModified\":\"2020-01-02T16:09:14+00:00\",\"mainEntityOfPage\":{\"@id\":\"https:\/\/www.ariasassessors.com\/ca\/primeres-multes-a-un-centenar-dempreses-pel-registre-horari-de-la-jornada-laboral\/\"},\"wordCount\":733,\"commentCount\":0,\"publisher\":{\"@id\":\"https:\/\/www.ariasassessors.com\/#organization\"},\"image\":{\"@id\":\"https:\/\/www.ariasassessors.com\/ca\/primeres-multes-a-un-centenar-dempreses-pel-registre-horari-de-la-jornada-laboral\/#primaryimage\"},\"thumbnailUrl\":\"https:\/\/www.ariasassessors.com\/wp-content\/uploads\/2019\/11\/registro.png\",\"keywords\":[\"Decret llei\",\"normativa empresas\",\"noticias\"],\"articleSection\":[\"noticies\"],\"inLanguage\":\"ca\",\"potentialAction\":[{\"@type\":\"CommentAction\",\"name\":\"Comment\",\"target\":[\"https:\/\/www.ariasassessors.com\/ca\/primeres-multes-a-un-centenar-dempreses-pel-registre-horari-de-la-jornada-laboral\/#respond\"]}]},{\"@type\":\"WebPage\",\"@id\":\"https:\/\/www.ariasassessors.com\/ca\/primeres-multes-a-un-centenar-dempreses-pel-registre-horari-de-la-jornada-laboral\/\",\"url\":\"https:\/\/www.ariasassessors.com\/ca\/primeres-multes-a-un-centenar-dempreses-pel-registre-horari-de-la-jornada-laboral\/\",\"name\":\"Primeres multes a empreses pel registre horari | Arias Assessors\",\"isPartOf\":{\"@id\":\"https:\/\/www.ariasassessors.com\/#website\"},\"primaryImageOfPage\":{\"@id\":\"https:\/\/www.ariasassessors.com\/ca\/primeres-multes-a-un-centenar-dempreses-pel-registre-horari-de-la-jornada-laboral\/#primaryimage\"},\"image\":{\"@id\":\"https:\/\/www.ariasassessors.com\/ca\/primeres-multes-a-un-centenar-dempreses-pel-registre-horari-de-la-jornada-laboral\/#primaryimage\"},\"thumbnailUrl\":\"https:\/\/www.ariasassessors.com\/wp-content\/uploads\/2019\/11\/registro.png\",\"datePublished\":\"2019-11-19T11:04:27+00:00\",\"dateModified\":\"2020-01-02T16:09:14+00:00\",\"description\":\"El Ministeri de Treball va publicar aquest dimarts el seu primer balan\u00e7 de l'aplicaci\u00f3 de la nova normativa sobre el registre obligatori de la jornada\",\"breadcrumb\":{\"@id\":\"https:\/\/www.ariasassessors.com\/ca\/primeres-multes-a-un-centenar-dempreses-pel-registre-horari-de-la-jornada-laboral\/#breadcrumb\"},\"inLanguage\":\"ca\",\"potentialAction\":[{\"@type\":\"ReadAction\",\"target\":[\"https:\/\/www.ariasassessors.com\/ca\/primeres-multes-a-un-centenar-dempreses-pel-registre-horari-de-la-jornada-laboral\/\"]}]},{\"@type\":\"ImageObject\",\"inLanguage\":\"ca\",\"@id\":\"https:\/\/www.ariasassessors.com\/ca\/primeres-multes-a-un-centenar-dempreses-pel-registre-horari-de-la-jornada-laboral\/#primaryimage\",\"url\":\"https:\/\/www.ariasassessors.com\/wp-content\/uploads\/2019\/11\/registro.png\",\"contentUrl\":\"https:\/\/www.ariasassessors.com\/wp-content\/uploads\/2019\/11\/registro.png\",\"width\":1200,\"height\":500},{\"@type\":\"BreadcrumbList\",\"@id\":\"https:\/\/www.ariasassessors.com\/ca\/primeres-multes-a-un-centenar-dempreses-pel-registre-horari-de-la-jornada-laboral\/#breadcrumb\",\"itemListElement\":[{\"@type\":\"ListItem\",\"position\":1,\"name\":\"Portada\",\"item\":\"https:\/\/www.ariasassessors.com\/ca\/\"},{\"@type\":\"ListItem\",\"position\":2,\"name\":\"Primeres multes a un centenar d&#8217;empreses pel registre horari de la jornada laboral\"}]},{\"@type\":\"WebSite\",\"@id\":\"https:\/\/www.ariasassessors.com\/#website\",\"url\":\"https:\/\/www.ariasassessors.com\/\",\"name\":\"Arias Assessors\",\"description\":\"Asesor\u00eda para aut\u00f3nomos, profesionales y PYMES\",\"publisher\":{\"@id\":\"https:\/\/www.ariasassessors.com\/#organization\"},\"potentialAction\":[{\"@type\":\"SearchAction\",\"target\":{\"@type\":\"EntryPoint\",\"urlTemplate\":\"https:\/\/www.ariasassessors.com\/?s={search_term_string}\"},\"query-input\":{\"@type\":\"PropertyValueSpecification\",\"valueRequired\":true,\"valueName\":\"search_term_string\"}}],\"inLanguage\":\"ca\"},{\"@type\":\"Organization\",\"@id\":\"https:\/\/www.ariasassessors.com\/#organization\",\"name\":\"Arias Assessors\",\"url\":\"https:\/\/www.ariasassessors.com\/\",\"logo\":{\"@type\":\"ImageObject\",\"inLanguage\":\"ca\",\"@id\":\"https:\/\/www.ariasassessors.com\/#\/schema\/logo\/image\/\",\"url\":\"https:\/\/www.ariasassessors.com\/wp-content\/uploads\/2019\/01\/arias-logo.png\",\"contentUrl\":\"https:\/\/www.ariasassessors.com\/wp-content\/uploads\/2019\/01\/arias-logo.png\",\"width\":349,\"height\":254,\"caption\":\"Arias Assessors\"},\"image\":{\"@id\":\"https:\/\/www.ariasassessors.com\/#\/schema\/logo\/image\/\"},\"sameAs\":[\"https:\/\/www.facebook.com\/ariasassessors\/\",\"https:\/\/x.com\/ariasassessors\",\"https:\/\/www.linkedin.com\/company\/r&amp;amp;r-growing-knowledge\/\"]},{\"@type\":\"Person\",\"@id\":\"https:\/\/www.ariasassessors.com\/#\/schema\/person\/63c6ad1775f0a9413c37932562673cef\",\"name\":\"btorras\",\"image\":{\"@type\":\"ImageObject\",\"inLanguage\":\"ca\",\"@id\":\"https:\/\/www.ariasassessors.com\/#\/schema\/person\/image\/\",\"url\":\"https:\/\/secure.gravatar.com\/avatar\/0531db351fc361fdbfd204c58fa2d6a3?s=96&d=mm&r=g\",\"contentUrl\":\"https:\/\/secure.gravatar.com\/avatar\/0531db351fc361fdbfd204c58fa2d6a3?s=96&d=mm&r=g\",\"caption\":\"btorras\"}}]}<\/script>\n<!-- \/ Yoast SEO plugin. -->","yoast_head_json":{"title":"Primeres multes a empreses pel registre horari | Arias Assessors","description":"El Ministeri de Treball va publicar aquest dimarts el seu primer balan\u00e7 de l'aplicaci\u00f3 de la nova normativa sobre el registre obligatori de la jornada","robots":{"index":"index","follow":"follow","max-snippet":"max-snippet:-1","max-image-preview":"max-image-preview:large","max-video-preview":"max-video-preview:-1"},"canonical":"https:\/\/www.ariasassessors.com\/ca\/primeres-multes-a-un-centenar-dempreses-pel-registre-horari-de-la-jornada-laboral\/","og_locale":"ca_ES","og_type":"article","og_title":"Primeres multes a empreses pel registre horari | Arias Assessors","og_description":"El Ministeri de Treball va publicar aquest dimarts el seu primer balan\u00e7 de l'aplicaci\u00f3 de la nova normativa sobre el registre obligatori de la jornada","og_url":"https:\/\/www.ariasassessors.com\/ca\/primeres-multes-a-un-centenar-dempreses-pel-registre-horari-de-la-jornada-laboral\/","og_site_name":"Arias Assessors","article_publisher":"https:\/\/www.facebook.com\/ariasassessors\/","article_published_time":"2019-11-19T11:04:27+00:00","article_modified_time":"2020-01-02T16:09:14+00:00","og_image":[{"width":1200,"height":500,"url":"https:\/\/www.ariasassessors.com\/wp-content\/uploads\/2019\/11\/registro.png","type":"image\/png"}],"author":"btorras","twitter_card":"summary_large_image","twitter_creator":"@ariasassessors","twitter_site":"@ariasassessors","twitter_misc":{"Escrit per":"btorras","Temps estimat de lectura":"4 minuts"},"schema":{"@context":"https:\/\/schema.org","@graph":[{"@type":"Article","@id":"https:\/\/www.ariasassessors.com\/ca\/primeres-multes-a-un-centenar-dempreses-pel-registre-horari-de-la-jornada-laboral\/#article","isPartOf":{"@id":"https:\/\/www.ariasassessors.com\/ca\/primeres-multes-a-un-centenar-dempreses-pel-registre-horari-de-la-jornada-laboral\/"},"author":{"name":"btorras","@id":"https:\/\/www.ariasassessors.com\/#\/schema\/person\/63c6ad1775f0a9413c37932562673cef"},"headline":"Primeres multes a un centenar d&#8217;empreses pel registre horari de la jornada laboral","datePublished":"2019-11-19T11:04:27+00:00","dateModified":"2020-01-02T16:09:14+00:00","mainEntityOfPage":{"@id":"https:\/\/www.ariasassessors.com\/ca\/primeres-multes-a-un-centenar-dempreses-pel-registre-horari-de-la-jornada-laboral\/"},"wordCount":733,"commentCount":0,"publisher":{"@id":"https:\/\/www.ariasassessors.com\/#organization"},"image":{"@id":"https:\/\/www.ariasassessors.com\/ca\/primeres-multes-a-un-centenar-dempreses-pel-registre-horari-de-la-jornada-laboral\/#primaryimage"},"thumbnailUrl":"https:\/\/www.ariasassessors.com\/wp-content\/uploads\/2019\/11\/registro.png","keywords":["Decret llei","normativa empresas","noticias"],"articleSection":["noticies"],"inLanguage":"ca","potentialAction":[{"@type":"CommentAction","name":"Comment","target":["https:\/\/www.ariasassessors.com\/ca\/primeres-multes-a-un-centenar-dempreses-pel-registre-horari-de-la-jornada-laboral\/#respond"]}]},{"@type":"WebPage","@id":"https:\/\/www.ariasassessors.com\/ca\/primeres-multes-a-un-centenar-dempreses-pel-registre-horari-de-la-jornada-laboral\/","url":"https:\/\/www.ariasassessors.com\/ca\/primeres-multes-a-un-centenar-dempreses-pel-registre-horari-de-la-jornada-laboral\/","name":"Primeres multes a empreses pel registre horari | Arias Assessors","isPartOf":{"@id":"https:\/\/www.ariasassessors.com\/#website"},"primaryImageOfPage":{"@id":"https:\/\/www.ariasassessors.com\/ca\/primeres-multes-a-un-centenar-dempreses-pel-registre-horari-de-la-jornada-laboral\/#primaryimage"},"image":{"@id":"https:\/\/www.ariasassessors.com\/ca\/primeres-multes-a-un-centenar-dempreses-pel-registre-horari-de-la-jornada-laboral\/#primaryimage"},"thumbnailUrl":"https:\/\/www.ariasassessors.com\/wp-content\/uploads\/2019\/11\/registro.png","datePublished":"2019-11-19T11:04:27+00:00","dateModified":"2020-01-02T16:09:14+00:00","description":"El Ministeri de Treball va publicar aquest dimarts el seu primer balan\u00e7 de l'aplicaci\u00f3 de la nova normativa sobre el registre obligatori de la jornada","breadcrumb":{"@id":"https:\/\/www.ariasassessors.com\/ca\/primeres-multes-a-un-centenar-dempreses-pel-registre-horari-de-la-jornada-laboral\/#breadcrumb"},"inLanguage":"ca","potentialAction":[{"@type":"ReadAction","target":["https:\/\/www.ariasassessors.com\/ca\/primeres-multes-a-un-centenar-dempreses-pel-registre-horari-de-la-jornada-laboral\/"]}]},{"@type":"ImageObject","inLanguage":"ca","@id":"https:\/\/www.ariasassessors.com\/ca\/primeres-multes-a-un-centenar-dempreses-pel-registre-horari-de-la-jornada-laboral\/#primaryimage","url":"https:\/\/www.ariasassessors.com\/wp-content\/uploads\/2019\/11\/registro.png","contentUrl":"https:\/\/www.ariasassessors.com\/wp-content\/uploads\/2019\/11\/registro.png","width":1200,"height":500},{"@type":"BreadcrumbList","@id":"https:\/\/www.ariasassessors.com\/ca\/primeres-multes-a-un-centenar-dempreses-pel-registre-horari-de-la-jornada-laboral\/#breadcrumb","itemListElement":[{"@type":"ListItem","position":1,"name":"Portada","item":"https:\/\/www.ariasassessors.com\/ca\/"},{"@type":"ListItem","position":2,"name":"Primeres multes a un centenar d&#8217;empreses pel registre horari de la jornada laboral"}]},{"@type":"WebSite","@id":"https:\/\/www.ariasassessors.com\/#website","url":"https:\/\/www.ariasassessors.com\/","name":"Arias Assessors","description":"Asesor\u00eda para aut\u00f3nomos, profesionales y PYMES","publisher":{"@id":"https:\/\/www.ariasassessors.com\/#organization"},"potentialAction":[{"@type":"SearchAction","target":{"@type":"EntryPoint","urlTemplate":"https:\/\/www.ariasassessors.com\/?s={search_term_string}"},"query-input":{"@type":"PropertyValueSpecification","valueRequired":true,"valueName":"search_term_string"}}],"inLanguage":"ca"},{"@type":"Organization","@id":"https:\/\/www.ariasassessors.com\/#organization","name":"Arias Assessors","url":"https:\/\/www.ariasassessors.com\/","logo":{"@type":"ImageObject","inLanguage":"ca","@id":"https:\/\/www.ariasassessors.com\/#\/schema\/logo\/image\/","url":"https:\/\/www.ariasassessors.com\/wp-content\/uploads\/2019\/01\/arias-logo.png","contentUrl":"https:\/\/www.ariasassessors.com\/wp-content\/uploads\/2019\/01\/arias-logo.png","width":349,"height":254,"caption":"Arias Assessors"},"image":{"@id":"https:\/\/www.ariasassessors.com\/#\/schema\/logo\/image\/"},"sameAs":["https:\/\/www.facebook.com\/ariasassessors\/","https:\/\/x.com\/ariasassessors","https:\/\/www.linkedin.com\/company\/r&amp;amp;r-growing-knowledge\/"]},{"@type":"Person","@id":"https:\/\/www.ariasassessors.com\/#\/schema\/person\/63c6ad1775f0a9413c37932562673cef","name":"btorras","image":{"@type":"ImageObject","inLanguage":"ca","@id":"https:\/\/www.ariasassessors.com\/#\/schema\/person\/image\/","url":"https:\/\/secure.gravatar.com\/avatar\/0531db351fc361fdbfd204c58fa2d6a3?s=96&d=mm&r=g","contentUrl":"https:\/\/secure.gravatar.com\/avatar\/0531db351fc361fdbfd204c58fa2d6a3?s=96&d=mm&r=g","caption":"btorras"}}]}},"_links":{"self":[{"href":"https:\/\/www.ariasassessors.com\/ca\/wp-json\/wp\/v2\/posts\/842","targetHints":{"allow":["GET"]}}],"collection":[{"href":"https:\/\/www.ariasassessors.com\/ca\/wp-json\/wp\/v2\/posts"}],"about":[{"href":"https:\/\/www.ariasassessors.com\/ca\/wp-json\/wp\/v2\/types\/post"}],"author":[{"embeddable":true,"href":"https:\/\/www.ariasassessors.com\/ca\/wp-json\/wp\/v2\/users\/2"}],"replies":[{"embeddable":true,"href":"https:\/\/www.ariasassessors.com\/ca\/wp-json\/wp\/v2\/comments?post=842"}],"version-history":[{"count":1,"href":"https:\/\/www.ariasassessors.com\/ca\/wp-json\/wp\/v2\/posts\/842\/revisions"}],"predecessor-version":[{"id":845,"href":"https:\/\/www.ariasassessors.com\/ca\/wp-json\/wp\/v2\/posts\/842\/revisions\/845"}],"wp:featuredmedia":[{"embeddable":true,"href":"https:\/\/www.ariasassessors.com\/ca\/wp-json\/wp\/v2\/media\/760"}],"wp:attachment":[{"href":"https:\/\/www.ariasassessors.com\/ca\/wp-json\/wp\/v2\/media?parent=842"}],"wp:term":[{"taxonomy":"category","embeddable":true,"href":"https:\/\/www.ariasassessors.com\/ca\/wp-json\/wp\/v2\/categories?post=842"},{"taxonomy":"post_tag","embeddable":true,"href":"https:\/\/www.ariasassessors.com\/ca\/wp-json\/wp\/v2\/tags?post=842"}],"curies":[{"name":"wp","href":"https:\/\/api.w.org\/{rel}","templated":true}]}}