{"id":844,"date":"2019-10-23T17:04:34","date_gmt":"2019-10-23T15:04:34","guid":{"rendered":"https:\/\/www.ariasassessors.com\/?p=844"},"modified":"2020-01-02T17:12:23","modified_gmt":"2020-01-02T16:12:23","slug":"propuestas-de-los-autonomos-de-cara-a-las-elecciones-del-10-n","status":"publish","type":"post","link":"https:\/\/www.ariasassessors.com\/ca\/propuestas-de-los-autonomos-de-cara-a-las-elecciones-del-10-n\/","title":{"rendered":"Propuestas de los aut\u00f3nomos de cara a las elecciones del 10-N\u00a0"},"content":{"rendered":"<p>Les associacions d&#8217;aut\u00f2noms han posat damunt de la taula les seves propostes als pol\u00edtics de cara a el nou govern que es formi despr\u00e9s de les eleccions de el 10 de novembre (10-N). \u00c9s fonamental que s&#8217;escolti a l&#8217;aut\u00f2nom. Ni els pol\u00edtics ni la societat espanyola en general poden ser aliens als problemes i les necessitats dels treballadors per compte propi perqu\u00e8 s\u00ed, l&#8217;emprenedoria est\u00e0 en crisi i cal buscar solucions.<\/p>\n<p>Contra la crisi de l&#8217;emprenedoria, mesures eficaces<\/p>\n<p>Avui es donen d&#8217;alta com a aut\u00f2nom 6 vegades menys del que es feia en l&#8217;any 2018, parlem d&#8217;un desfasament de 40.000 altes menys pel que fa a el mateix per\u00edode del l&#8217;any passat.<\/p>\n<p>Recordem que els treballadors aut\u00f2noms aporten entre el 15 i el 16% de l&#8217;PIB espanyol i durant el primer semestre d&#8217;aquest any han creat 40.929 nous llocs de treball assalariat.<\/p>\n<p>Sobren raons per entendre que es torna fonamental buscar f\u00f3rmules que revitalitzin el treball per compte propi perqu\u00e8 sigui possible, prec\u00eds, atractiu i segur.<\/p>\n<p>Aquestes s\u00f3n les que, en l\u00ednies generals, proposa cadascuna de les principals associacions d&#8217;aut\u00f2noms del nostre pa\u00eds ATA, UATAE i UPTA. Est\u00e0s d&#8217;acord?<\/p>\n<p>Les &#8220;tarifes 0, 30 i 60&#8221; segons treball i edat de l&#8217;aut\u00f2nom d&#8217;ATA<\/p>\n<p>Els incentius a l&#8217;emprenedoria parteixen d&#8217;establir un sistema de cotitzaci\u00f3 m\u00e9s just. Aix\u00f2 opinen en les tres associacions i cadascuna aplica els seus f\u00f3rmules. ATA proposa 3 tarifes especials atenent a l&#8217;edat i el tipus de treball que desenvolupi l&#8217;aut\u00f2nom.<\/p>\n<p>Partint de la tarifa 0 per &#8220;no habituals&#8221; en qu\u00e8 s&#8217;obliga a l&#8217;alta en el RETA (a efectes registrals) per\u00f2 s&#8217;eximeix de cotitzaci\u00f3. Estaria disponible per a aquells que poguessin demostrar que els seus ingressos no superen el SMI anual i que, al llarg de 12 mesos, no han realitzat l&#8217;activitat durant 2 mesos de manera continuada i de manera discont\u00ednua al llarg de 4 mesos.<\/p>\n<p>El segueix la Tarifa 30 perqu\u00e8 els estudiants menors de 25 anys treballin a temps parcial mentre cursen els seus estudis reglats, i una Tarifa 60 s&#8217;establiria durant 2 anys (prorrogables) per a aut\u00f2noms amb ingressos inferiors a l&#8217;SMI.<\/p>\n<p>Per a la dona emprenedora ATA proposa &#8230;<\/p>\n<p>Que la Tarifa Plana de la qual poden gaudir les dones aut\u00f2nomes per reincorporar-se a la feina despr\u00e9s de la maternitat, s&#8217;ampli\u00ef fins als 24 mesos i sense necessitat de cessar en l&#8217;activitat.<\/p>\n<p>Per\u00f2, a m\u00e9s, aquesta associaci\u00f3 vol crear una tarifa plana de 30 euros per a les dones en l&#8217;\u00e0mbit rural que emprenguin, inici\u00efn una nova activitat o estiguin \u00e9s un sup\u00f2sit de successi\u00f3 empresarial.<\/p>\n<p>Jubilaci\u00f3 i pluriactivitat amb modificacions<\/p>\n<p>ATA vol que la cotitzaci\u00f3 per cessament d&#8217;activitat no sigui obligat\u00f2ria en situacions de pluriactivitat, quan es treballa com a assalariat i com a aut\u00f2nom alhora. O, en cas de mantenir l&#8217;obligaci\u00f3, que s&#8217;estableixi un sistema de devoluci\u00f3 d&#8217;ofici de la cotitzaci\u00f3 per conting\u00e8ncies professionals per a l&#8217;aut\u00f2nom que i est\u00e0 cobert en el R\u00e8gim General.<\/p>\n<p>Per establir la base reguladora de la pensi\u00f3 de jubilaci\u00f3 demana que es tingui en compte tota la vida laboral de l&#8217;aut\u00f2nom. I que el c\u00e0lcul es realitzi: per al 75% de la base, tenint en compte els millors anys, en els quals s&#8217;hagi cotitzat m\u00e9s, i per al 25% restant, s&#8217;atengui als pitjors.<\/p>\n<p>El subsidi o atur per a majors de 52 anys d&#8217;UATAE<\/p>\n<p>Aquesta \u00e9s una de les propostes de UATAE: aconseguir la protecci\u00f3 de l&#8217;aut\u00f2nom que tingui m\u00e9s de 52 anys en els mateixos termes en els quals s&#8217;estableix la prestaci\u00f3 o subsidi per a majors de 52 anys treballadors per compte ali\u00e8.<\/p>\n<p>Amb un paquet de mesures molt enfocat a l&#8217;benestar de l&#8217;aut\u00f2nom, aquesta associaci\u00f3 ha dissenyat un dec\u00e0leg de propostes entre les que tamb\u00e9 inclou una modificaci\u00f3 en el c\u00e0lcul de la base reguladora de la pensi\u00f3 de jubilaci\u00f3. Per UATAE ha de ser el treballador per compte propi qui tri\u00ef, de tota la seva vida laboral, el per\u00edode que li resulti m\u00e9s benefici\u00f3s.<\/p>\n<p>UATAE vol que es suavitzin els requisits per accedir a la cessaci\u00f3 d&#8217;activitat i m\u00e9s enll\u00e0 d&#8217;aguantar el transcurs de el temps amb els comptes en negatiu, proposa que es pugui acreditar l&#8217;exist\u00e8ncia de p\u00e8rdues en el negoci a trav\u00e9s d&#8217;un informe elaborat per un expert.<\/p>\n<p>Dones i joves el punt de mira de UATAE<\/p>\n<p>La creaci\u00f3 d&#8217;un Banc d&#8217;Idees, per analitzar i donar suport a projectes, i una &#8220;quota jove&#8221; que permeti emprendre alhora que estudiar, s\u00f3n objectius principals per UATAE.<\/p>\n<p>A m\u00e9s, aquesta associaci\u00f3 proposa establir un Pla d&#8217;Emprenedoria Femen\u00ed amb un \u00f2rgan consultiu en el marc de el di\u00e0leg social. I exigir a les administracions p\u00fabliques partides de contractaci\u00f3 reservades a l&#8217;autoocupaci\u00f3 que destinin, al seu torn, el 40% de l&#8217;pressupost a projectes dirigits per dones.<\/p>\n<p>L&#8217;aposta per la Tarifa plana per a l&#8217;aut\u00f2nom societari de UPTA<\/p>\n<p>UPTA comen\u00e7a la seva document apuntant la necessitat de crear, de manera immediata, una Comissi\u00f3 que estudi\u00ef una proposta definitiva de sistema de cotitzaci\u00f3 segons els ingressos efectius de l&#8217;aut\u00f2nom. Una f\u00f3rmula en la qual, a m\u00e9s, c\u00e0piga un m\u00ednim exempt de cotitzaci\u00f3.<\/p>\n<p>I proposa que la quota a la seguretat Social de l&#8217;aut\u00f2nom societari estigui bonificada per la Tarifa plana d&#8217;la mateixa manera que s&#8217;aplica en les quotes de l&#8217;aut\u00f2nom persona f\u00edsica.<\/p>\n<p>M\u00e9s despeses dedu\u00efbles<\/p>\n<p>Aquesta associaci\u00f3 incideix en la necessitat d&#8217;introduir canvis en la redacci\u00f3 de la Llei de Reformes urgents de l&#8217;Treball Aut\u00f2nom pel que fa a les despeses dedu\u00efbles. I \u00e9s que proposa afegir, per a la verificaci\u00f3 el pagament de la despesa de manutenci\u00f3 de l&#8217;aut\u00f2nom, qualsevol mitj\u00e0 electr\u00f2nic que pugui ser comprovat a trav\u00e9s de factura o una altra f\u00f3rmula indirecta creada per a tal finalitat.<\/p>\n<p>A m\u00e9s, afegeix la possibilitat que es pugui deduir el 30% de les despeses relacionades amb el vehicle particular de l&#8217;aut\u00f2nom quan el seu \u00fas es consideri necessari per al desenvolupament de la seva activitat.<\/p>\n<p>Creaci\u00f3 d&#8217;un subsidi especial a partir dels 52 anys<\/p>\n<p>I, si UATAE demana que aquesta ajuda s&#8217;estableixi per al treballador per compte propi en els mateixos termes en qu\u00e8 \u00e9s concedit per als assalariats, UPTA prefereix la creaci\u00f3 d&#8217;un subsidi espec\u00edfic a qu\u00e8 s&#8217;accedeixi complint amb determinats requisits. Entre ells, haver cotitzat per cessament d&#8217;activitat un m\u00ednim de 18 mesos, ser demandant d&#8217;ocupaci\u00f3 en el moment de sol\u00b7licitar el subsidi o signar un comprom\u00eds d&#8217;activitat.<\/p>\n<p>Tamb\u00e9 incideix aquesta associaci\u00f3 en treballar en el desenvolupament de les condicions d&#8217;acc\u00e9s a les noves prestacions per accident de treball i malaltia professional. De fet, aposta per la creaci\u00f3 de Comissions parit\u00e0ries d&#8217;an\u00e0lisi, en el si de les M\u00fatues col\u00b7laboradores amb la Seguretat Social, per a establir criteris comuns.<\/p>\n<p>&nbsp;<\/p>\n<p><strong>Font: \u00a0<a href=\"http:\/\/infoautonomos.com\/\">INFOAUTONOMOS.COM<\/a><\/strong><\/p>\n","protected":false},"excerpt":{"rendered":"<p>Les associacions d&#8217;aut\u00f2noms han posat damunt de la taula les seves propostes als pol\u00edtics de cara a el nou govern que es formi despr\u00e9s de les eleccions de el 10 de novembre (10-N). \u00c9s fonamental que s&#8217;escolti a l&#8217;aut\u00f2nom. Ni els pol\u00edtics ni la societat&#8230;<\/p>\n","protected":false},"author":2,"featured_media":740,"comment_status":"open","ping_status":"open","sticky":false,"template":"","format":"standard","meta":{"footnotes":""},"categories":[4],"tags":[225,312,229],"class_list":["post-844","post","type-post","status-publish","format-standard","has-post-thumbnail","hentry","category-noticies","tag-autonomos-ca","tag-llei-autonoms","tag-noticias-ca"],"yoast_head":"<!-- This site is optimized with the Yoast SEO plugin v24.3 - https:\/\/yoast.com\/wordpress\/plugins\/seo\/ -->\n<title>Propuestas de los aut\u00f3nomos de cara a las elecciones del 10-N\u00a0 | Arias Assessors<\/title>\n<meta name=\"robots\" content=\"index, follow, max-snippet:-1, max-image-preview:large, max-video-preview:-1\" \/>\n<link rel=\"canonical\" href=\"https:\/\/www.ariasassessors.com\/ca\/propuestas-de-los-autonomos-de-cara-a-las-elecciones-del-10-n\/\" \/>\n<meta property=\"og:locale\" content=\"ca_ES\" \/>\n<meta property=\"og:type\" content=\"article\" \/>\n<meta property=\"og:title\" content=\"Propuestas de los aut\u00f3nomos de cara a las elecciones del 10-N\u00a0 | Arias Assessors\" \/>\n<meta property=\"og:description\" content=\"Les associacions d&#8217;aut\u00f2noms han posat damunt de la taula les seves propostes als pol\u00edtics de cara a el nou govern que es formi despr\u00e9s de les eleccions de el 10 de novembre (10-N). \u00c9s fonamental que s&#8217;escolti a l&#8217;aut\u00f2nom. Ni els pol\u00edtics ni la societat...\" \/>\n<meta property=\"og:url\" content=\"https:\/\/www.ariasassessors.com\/ca\/propuestas-de-los-autonomos-de-cara-a-las-elecciones-del-10-n\/\" \/>\n<meta property=\"og:site_name\" content=\"Arias Assessors\" \/>\n<meta property=\"article:publisher\" content=\"https:\/\/www.facebook.com\/ariasassessors\/\" \/>\n<meta property=\"article:published_time\" content=\"2019-10-23T15:04:34+00:00\" \/>\n<meta property=\"article:modified_time\" content=\"2020-01-02T16:12:23+00:00\" \/>\n<meta property=\"og:image\" content=\"https:\/\/www.ariasassessors.com\/wp-content\/uploads\/2019\/10\/eleccion.png\" \/>\n\t<meta property=\"og:image:width\" content=\"1200\" \/>\n\t<meta property=\"og:image:height\" content=\"500\" \/>\n\t<meta property=\"og:image:type\" content=\"image\/png\" \/>\n<meta name=\"author\" content=\"btorras\" \/>\n<meta name=\"twitter:card\" content=\"summary_large_image\" \/>\n<meta name=\"twitter:creator\" content=\"@ariasassessors\" \/>\n<meta name=\"twitter:site\" content=\"@ariasassessors\" \/>\n<meta name=\"twitter:label1\" content=\"Escrit per\" \/>\n\t<meta name=\"twitter:data1\" content=\"btorras\" \/>\n\t<meta name=\"twitter:label2\" content=\"Temps estimat de lectura\" \/>\n\t<meta name=\"twitter:data2\" content=\"6 minuts\" \/>\n<script type=\"application\/ld+json\" class=\"yoast-schema-graph\">{\"@context\":\"https:\/\/schema.org\",\"@graph\":[{\"@type\":\"Article\",\"@id\":\"https:\/\/www.ariasassessors.com\/ca\/propuestas-de-los-autonomos-de-cara-a-las-elecciones-del-10-n\/#article\",\"isPartOf\":{\"@id\":\"https:\/\/www.ariasassessors.com\/ca\/propuestas-de-los-autonomos-de-cara-a-las-elecciones-del-10-n\/\"},\"author\":{\"name\":\"btorras\",\"@id\":\"https:\/\/www.ariasassessors.com\/#\/schema\/person\/63c6ad1775f0a9413c37932562673cef\"},\"headline\":\"Propuestas de los aut\u00f3nomos de cara a las elecciones del 10-N\u00a0\",\"datePublished\":\"2019-10-23T15:04:34+00:00\",\"dateModified\":\"2020-01-02T16:12:23+00:00\",\"mainEntityOfPage\":{\"@id\":\"https:\/\/www.ariasassessors.com\/ca\/propuestas-de-los-autonomos-de-cara-a-las-elecciones-del-10-n\/\"},\"wordCount\":1159,\"commentCount\":0,\"publisher\":{\"@id\":\"https:\/\/www.ariasassessors.com\/#organization\"},\"image\":{\"@id\":\"https:\/\/www.ariasassessors.com\/ca\/propuestas-de-los-autonomos-de-cara-a-las-elecciones-del-10-n\/#primaryimage\"},\"thumbnailUrl\":\"https:\/\/www.ariasassessors.com\/wp-content\/uploads\/2019\/10\/eleccion.png\",\"keywords\":[\"aut\u00f2noms\",\"llei aut\u00f3noms\",\"noticias\"],\"articleSection\":[\"noticies\"],\"inLanguage\":\"ca\",\"potentialAction\":[{\"@type\":\"CommentAction\",\"name\":\"Comment\",\"target\":[\"https:\/\/www.ariasassessors.com\/ca\/propuestas-de-los-autonomos-de-cara-a-las-elecciones-del-10-n\/#respond\"]}]},{\"@type\":\"WebPage\",\"@id\":\"https:\/\/www.ariasassessors.com\/ca\/propuestas-de-los-autonomos-de-cara-a-las-elecciones-del-10-n\/\",\"url\":\"https:\/\/www.ariasassessors.com\/ca\/propuestas-de-los-autonomos-de-cara-a-las-elecciones-del-10-n\/\",\"name\":\"Propuestas de los aut\u00f3nomos de cara a las elecciones del 10-N\u00a0 | Arias Assessors\",\"isPartOf\":{\"@id\":\"https:\/\/www.ariasassessors.com\/#website\"},\"primaryImageOfPage\":{\"@id\":\"https:\/\/www.ariasassessors.com\/ca\/propuestas-de-los-autonomos-de-cara-a-las-elecciones-del-10-n\/#primaryimage\"},\"image\":{\"@id\":\"https:\/\/www.ariasassessors.com\/ca\/propuestas-de-los-autonomos-de-cara-a-las-elecciones-del-10-n\/#primaryimage\"},\"thumbnailUrl\":\"https:\/\/www.ariasassessors.com\/wp-content\/uploads\/2019\/10\/eleccion.png\",\"datePublished\":\"2019-10-23T15:04:34+00:00\",\"dateModified\":\"2020-01-02T16:12:23+00:00\",\"breadcrumb\":{\"@id\":\"https:\/\/www.ariasassessors.com\/ca\/propuestas-de-los-autonomos-de-cara-a-las-elecciones-del-10-n\/#breadcrumb\"},\"inLanguage\":\"ca\",\"potentialAction\":[{\"@type\":\"ReadAction\",\"target\":[\"https:\/\/www.ariasassessors.com\/ca\/propuestas-de-los-autonomos-de-cara-a-las-elecciones-del-10-n\/\"]}]},{\"@type\":\"ImageObject\",\"inLanguage\":\"ca\",\"@id\":\"https:\/\/www.ariasassessors.com\/ca\/propuestas-de-los-autonomos-de-cara-a-las-elecciones-del-10-n\/#primaryimage\",\"url\":\"https:\/\/www.ariasassessors.com\/wp-content\/uploads\/2019\/10\/eleccion.png\",\"contentUrl\":\"https:\/\/www.ariasassessors.com\/wp-content\/uploads\/2019\/10\/eleccion.png\",\"width\":1200,\"height\":500},{\"@type\":\"BreadcrumbList\",\"@id\":\"https:\/\/www.ariasassessors.com\/ca\/propuestas-de-los-autonomos-de-cara-a-las-elecciones-del-10-n\/#breadcrumb\",\"itemListElement\":[{\"@type\":\"ListItem\",\"position\":1,\"name\":\"Portada\",\"item\":\"https:\/\/www.ariasassessors.com\/ca\/\"},{\"@type\":\"ListItem\",\"position\":2,\"name\":\"Propuestas de los aut\u00f3nomos de cara a las elecciones del 10-N\u00a0\"}]},{\"@type\":\"WebSite\",\"@id\":\"https:\/\/www.ariasassessors.com\/#website\",\"url\":\"https:\/\/www.ariasassessors.com\/\",\"name\":\"Arias Assessors\",\"description\":\"Asesor\u00eda para aut\u00f3nomos, profesionales y PYMES\",\"publisher\":{\"@id\":\"https:\/\/www.ariasassessors.com\/#organization\"},\"potentialAction\":[{\"@type\":\"SearchAction\",\"target\":{\"@type\":\"EntryPoint\",\"urlTemplate\":\"https:\/\/www.ariasassessors.com\/?s={search_term_string}\"},\"query-input\":{\"@type\":\"PropertyValueSpecification\",\"valueRequired\":true,\"valueName\":\"search_term_string\"}}],\"inLanguage\":\"ca\"},{\"@type\":\"Organization\",\"@id\":\"https:\/\/www.ariasassessors.com\/#organization\",\"name\":\"Arias Assessors\",\"url\":\"https:\/\/www.ariasassessors.com\/\",\"logo\":{\"@type\":\"ImageObject\",\"inLanguage\":\"ca\",\"@id\":\"https:\/\/www.ariasassessors.com\/#\/schema\/logo\/image\/\",\"url\":\"https:\/\/www.ariasassessors.com\/wp-content\/uploads\/2019\/01\/arias-logo.png\",\"contentUrl\":\"https:\/\/www.ariasassessors.com\/wp-content\/uploads\/2019\/01\/arias-logo.png\",\"width\":349,\"height\":254,\"caption\":\"Arias Assessors\"},\"image\":{\"@id\":\"https:\/\/www.ariasassessors.com\/#\/schema\/logo\/image\/\"},\"sameAs\":[\"https:\/\/www.facebook.com\/ariasassessors\/\",\"https:\/\/x.com\/ariasassessors\",\"https:\/\/www.linkedin.com\/company\/r&amp;amp;r-growing-knowledge\/\"]},{\"@type\":\"Person\",\"@id\":\"https:\/\/www.ariasassessors.com\/#\/schema\/person\/63c6ad1775f0a9413c37932562673cef\",\"name\":\"btorras\",\"image\":{\"@type\":\"ImageObject\",\"inLanguage\":\"ca\",\"@id\":\"https:\/\/www.ariasassessors.com\/#\/schema\/person\/image\/\",\"url\":\"https:\/\/secure.gravatar.com\/avatar\/0531db351fc361fdbfd204c58fa2d6a3?s=96&d=mm&r=g\",\"contentUrl\":\"https:\/\/secure.gravatar.com\/avatar\/0531db351fc361fdbfd204c58fa2d6a3?s=96&d=mm&r=g\",\"caption\":\"btorras\"}}]}<\/script>\n<!-- \/ Yoast SEO plugin. -->","yoast_head_json":{"title":"Propuestas de los aut\u00f3nomos de cara a las elecciones del 10-N\u00a0 | Arias Assessors","robots":{"index":"index","follow":"follow","max-snippet":"max-snippet:-1","max-image-preview":"max-image-preview:large","max-video-preview":"max-video-preview:-1"},"canonical":"https:\/\/www.ariasassessors.com\/ca\/propuestas-de-los-autonomos-de-cara-a-las-elecciones-del-10-n\/","og_locale":"ca_ES","og_type":"article","og_title":"Propuestas de los aut\u00f3nomos de cara a las elecciones del 10-N\u00a0 | Arias Assessors","og_description":"Les associacions d&#8217;aut\u00f2noms han posat damunt de la taula les seves propostes als pol\u00edtics de cara a el nou govern que es formi despr\u00e9s de les eleccions de el 10 de novembre (10-N). \u00c9s fonamental que s&#8217;escolti a l&#8217;aut\u00f2nom. Ni els pol\u00edtics ni la societat...","og_url":"https:\/\/www.ariasassessors.com\/ca\/propuestas-de-los-autonomos-de-cara-a-las-elecciones-del-10-n\/","og_site_name":"Arias Assessors","article_publisher":"https:\/\/www.facebook.com\/ariasassessors\/","article_published_time":"2019-10-23T15:04:34+00:00","article_modified_time":"2020-01-02T16:12:23+00:00","og_image":[{"width":1200,"height":500,"url":"https:\/\/www.ariasassessors.com\/wp-content\/uploads\/2019\/10\/eleccion.png","type":"image\/png"}],"author":"btorras","twitter_card":"summary_large_image","twitter_creator":"@ariasassessors","twitter_site":"@ariasassessors","twitter_misc":{"Escrit per":"btorras","Temps estimat de lectura":"6 minuts"},"schema":{"@context":"https:\/\/schema.org","@graph":[{"@type":"Article","@id":"https:\/\/www.ariasassessors.com\/ca\/propuestas-de-los-autonomos-de-cara-a-las-elecciones-del-10-n\/#article","isPartOf":{"@id":"https:\/\/www.ariasassessors.com\/ca\/propuestas-de-los-autonomos-de-cara-a-las-elecciones-del-10-n\/"},"author":{"name":"btorras","@id":"https:\/\/www.ariasassessors.com\/#\/schema\/person\/63c6ad1775f0a9413c37932562673cef"},"headline":"Propuestas de los aut\u00f3nomos de cara a las elecciones del 10-N\u00a0","datePublished":"2019-10-23T15:04:34+00:00","dateModified":"2020-01-02T16:12:23+00:00","mainEntityOfPage":{"@id":"https:\/\/www.ariasassessors.com\/ca\/propuestas-de-los-autonomos-de-cara-a-las-elecciones-del-10-n\/"},"wordCount":1159,"commentCount":0,"publisher":{"@id":"https:\/\/www.ariasassessors.com\/#organization"},"image":{"@id":"https:\/\/www.ariasassessors.com\/ca\/propuestas-de-los-autonomos-de-cara-a-las-elecciones-del-10-n\/#primaryimage"},"thumbnailUrl":"https:\/\/www.ariasassessors.com\/wp-content\/uploads\/2019\/10\/eleccion.png","keywords":["aut\u00f2noms","llei aut\u00f3noms","noticias"],"articleSection":["noticies"],"inLanguage":"ca","potentialAction":[{"@type":"CommentAction","name":"Comment","target":["https:\/\/www.ariasassessors.com\/ca\/propuestas-de-los-autonomos-de-cara-a-las-elecciones-del-10-n\/#respond"]}]},{"@type":"WebPage","@id":"https:\/\/www.ariasassessors.com\/ca\/propuestas-de-los-autonomos-de-cara-a-las-elecciones-del-10-n\/","url":"https:\/\/www.ariasassessors.com\/ca\/propuestas-de-los-autonomos-de-cara-a-las-elecciones-del-10-n\/","name":"Propuestas de los aut\u00f3nomos de cara a las elecciones del 10-N\u00a0 | Arias Assessors","isPartOf":{"@id":"https:\/\/www.ariasassessors.com\/#website"},"primaryImageOfPage":{"@id":"https:\/\/www.ariasassessors.com\/ca\/propuestas-de-los-autonomos-de-cara-a-las-elecciones-del-10-n\/#primaryimage"},"image":{"@id":"https:\/\/www.ariasassessors.com\/ca\/propuestas-de-los-autonomos-de-cara-a-las-elecciones-del-10-n\/#primaryimage"},"thumbnailUrl":"https:\/\/www.ariasassessors.com\/wp-content\/uploads\/2019\/10\/eleccion.png","datePublished":"2019-10-23T15:04:34+00:00","dateModified":"2020-01-02T16:12:23+00:00","breadcrumb":{"@id":"https:\/\/www.ariasassessors.com\/ca\/propuestas-de-los-autonomos-de-cara-a-las-elecciones-del-10-n\/#breadcrumb"},"inLanguage":"ca","potentialAction":[{"@type":"ReadAction","target":["https:\/\/www.ariasassessors.com\/ca\/propuestas-de-los-autonomos-de-cara-a-las-elecciones-del-10-n\/"]}]},{"@type":"ImageObject","inLanguage":"ca","@id":"https:\/\/www.ariasassessors.com\/ca\/propuestas-de-los-autonomos-de-cara-a-las-elecciones-del-10-n\/#primaryimage","url":"https:\/\/www.ariasassessors.com\/wp-content\/uploads\/2019\/10\/eleccion.png","contentUrl":"https:\/\/www.ariasassessors.com\/wp-content\/uploads\/2019\/10\/eleccion.png","width":1200,"height":500},{"@type":"BreadcrumbList","@id":"https:\/\/www.ariasassessors.com\/ca\/propuestas-de-los-autonomos-de-cara-a-las-elecciones-del-10-n\/#breadcrumb","itemListElement":[{"@type":"ListItem","position":1,"name":"Portada","item":"https:\/\/www.ariasassessors.com\/ca\/"},{"@type":"ListItem","position":2,"name":"Propuestas de los aut\u00f3nomos de cara a las elecciones del 10-N\u00a0"}]},{"@type":"WebSite","@id":"https:\/\/www.ariasassessors.com\/#website","url":"https:\/\/www.ariasassessors.com\/","name":"Arias Assessors","description":"Asesor\u00eda para aut\u00f3nomos, profesionales y PYMES","publisher":{"@id":"https:\/\/www.ariasassessors.com\/#organization"},"potentialAction":[{"@type":"SearchAction","target":{"@type":"EntryPoint","urlTemplate":"https:\/\/www.ariasassessors.com\/?s={search_term_string}"},"query-input":{"@type":"PropertyValueSpecification","valueRequired":true,"valueName":"search_term_string"}}],"inLanguage":"ca"},{"@type":"Organization","@id":"https:\/\/www.ariasassessors.com\/#organization","name":"Arias Assessors","url":"https:\/\/www.ariasassessors.com\/","logo":{"@type":"ImageObject","inLanguage":"ca","@id":"https:\/\/www.ariasassessors.com\/#\/schema\/logo\/image\/","url":"https:\/\/www.ariasassessors.com\/wp-content\/uploads\/2019\/01\/arias-logo.png","contentUrl":"https:\/\/www.ariasassessors.com\/wp-content\/uploads\/2019\/01\/arias-logo.png","width":349,"height":254,"caption":"Arias Assessors"},"image":{"@id":"https:\/\/www.ariasassessors.com\/#\/schema\/logo\/image\/"},"sameAs":["https:\/\/www.facebook.com\/ariasassessors\/","https:\/\/x.com\/ariasassessors","https:\/\/www.linkedin.com\/company\/r&amp;amp;r-growing-knowledge\/"]},{"@type":"Person","@id":"https:\/\/www.ariasassessors.com\/#\/schema\/person\/63c6ad1775f0a9413c37932562673cef","name":"btorras","image":{"@type":"ImageObject","inLanguage":"ca","@id":"https:\/\/www.ariasassessors.com\/#\/schema\/person\/image\/","url":"https:\/\/secure.gravatar.com\/avatar\/0531db351fc361fdbfd204c58fa2d6a3?s=96&d=mm&r=g","contentUrl":"https:\/\/secure.gravatar.com\/avatar\/0531db351fc361fdbfd204c58fa2d6a3?s=96&d=mm&r=g","caption":"btorras"}}]}},"_links":{"self":[{"href":"https:\/\/www.ariasassessors.com\/ca\/wp-json\/wp\/v2\/posts\/844","targetHints":{"allow":["GET"]}}],"collection":[{"href":"https:\/\/www.ariasassessors.com\/ca\/wp-json\/wp\/v2\/posts"}],"about":[{"href":"https:\/\/www.ariasassessors.com\/ca\/wp-json\/wp\/v2\/types\/post"}],"author":[{"embeddable":true,"href":"https:\/\/www.ariasassessors.com\/ca\/wp-json\/wp\/v2\/users\/2"}],"replies":[{"embeddable":true,"href":"https:\/\/www.ariasassessors.com\/ca\/wp-json\/wp\/v2\/comments?post=844"}],"version-history":[{"count":1,"href":"https:\/\/www.ariasassessors.com\/ca\/wp-json\/wp\/v2\/posts\/844\/revisions"}],"predecessor-version":[{"id":847,"href":"https:\/\/www.ariasassessors.com\/ca\/wp-json\/wp\/v2\/posts\/844\/revisions\/847"}],"wp:featuredmedia":[{"embeddable":true,"href":"https:\/\/www.ariasassessors.com\/ca\/wp-json\/wp\/v2\/media\/740"}],"wp:attachment":[{"href":"https:\/\/www.ariasassessors.com\/ca\/wp-json\/wp\/v2\/media?parent=844"}],"wp:term":[{"taxonomy":"category","embeddable":true,"href":"https:\/\/www.ariasassessors.com\/ca\/wp-json\/wp\/v2\/categories?post=844"},{"taxonomy":"post_tag","embeddable":true,"href":"https:\/\/www.ariasassessors.com\/ca\/wp-json\/wp\/v2\/tags?post=844"}],"curies":[{"name":"wp","href":"https:\/\/api.w.org\/{rel}","templated":true}]}}