{"id":870,"date":"2020-01-31T11:02:31","date_gmt":"2020-01-31T10:02:31","guid":{"rendered":"https:\/\/www.ariasassessors.com\/gastos-deducibles-para-trabajadores-autonomos\/"},"modified":"2020-01-31T11:55:56","modified_gmt":"2020-01-31T10:55:56","slug":"despeses-deduibles-per-treballadors-autonoms","status":"publish","type":"post","link":"https:\/\/www.ariasassessors.com\/ca\/despeses-deduibles-per-treballadors-autonoms\/","title":{"rendered":"\u00bfQuines s\u00f3n les despeses dedu\u00efbles per a aut\u00f2noms?"},"content":{"rendered":"<p>El diari econ\u00f2mic El Economista, va publicar un <a href=\"https:\/\/www.eleconomista.es\/gestion-empresarial\/noticias\/10248910\/12\/19\/Todos-los-gastos-que-se-pueden-deducir-los-trabajadores-autonomos.html\">llistat<\/a> de les despeses fiscalment dedu\u00efbles per als aut\u00f2noms que publiquen en un r\u00e8gim d&#8217;estimaci\u00f3 directa. Tant en la modalitat normal, com en la simplificada.<\/p>\n<p><img loading=\"lazy\" decoding=\"async\" class=\"alignnone wp-image-868 size-large\" src=\"https:\/\/www.ariasassessors.com\/wp-content\/uploads\/2020\/01\/gastosdeducibles-1024x682.jpg\" alt=\"despeses dedu\u00efbles\" width=\"1024\" height=\"682\" srcset=\"https:\/\/www.ariasassessors.com\/wp-content\/uploads\/2020\/01\/gastosdeducibles-1024x682.jpg 1024w, https:\/\/www.ariasassessors.com\/wp-content\/uploads\/2020\/01\/gastosdeducibles-300x200.jpg 300w, https:\/\/www.ariasassessors.com\/wp-content\/uploads\/2020\/01\/gastosdeducibles-768x512.jpg 768w, https:\/\/www.ariasassessors.com\/wp-content\/uploads\/2020\/01\/gastosdeducibles-1536x1023.jpg 1536w, https:\/\/www.ariasassessors.com\/wp-content\/uploads\/2020\/01\/gastosdeducibles-700x466.jpg 700w, https:\/\/www.ariasassessors.com\/wp-content\/uploads\/2020\/01\/gastosdeducibles.jpg 1920w\" sizes=\"auto, (max-width: 1024px) 100vw, 1024px\" \/><\/p>\n<div id=\"ez-toc-container\" class=\"ez-toc-v2_0_72 counter-hierarchy ez-toc-counter ez-toc-grey ez-toc-container-direction\">\n<div class=\"ez-toc-title-container\">\n<p class=\"ez-toc-title\" style=\"cursor:inherit\">\u00cdndice de Contenidos<\/p>\n<span class=\"ez-toc-title-toggle\"><a href=\"#\" class=\"ez-toc-pull-right ez-toc-btn ez-toc-btn-xs ez-toc-btn-default ez-toc-toggle\" aria-label=\"Toggle Table of Content\"><span class=\"ez-toc-js-icon-con\"><span class=\"\"><span class=\"eztoc-hide\" style=\"display:none;\">Toggle<\/span><span class=\"ez-toc-icon-toggle-span\"><svg style=\"fill: #428bca;color:#428bca\" xmlns=\"http:\/\/www.w3.org\/2000\/svg\" class=\"list-377408\" width=\"20px\" height=\"20px\" viewBox=\"0 0 24 24\" fill=\"none\"><path d=\"M6 6H4v2h2V6zm14 0H8v2h12V6zM4 11h2v2H4v-2zm16 0H8v2h12v-2zM4 16h2v2H4v-2zm16 0H8v2h12v-2z\" fill=\"currentColor\"><\/path><\/svg><svg style=\"fill: #428bca;color:#428bca\" class=\"arrow-unsorted-368013\" xmlns=\"http:\/\/www.w3.org\/2000\/svg\" width=\"10px\" height=\"10px\" viewBox=\"0 0 24 24\" version=\"1.2\" baseProfile=\"tiny\"><path d=\"M18.2 9.3l-6.2-6.3-6.2 6.3c-.2.2-.3.4-.3.7s.1.5.3.7c.2.2.4.3.7.3h11c.3 0 .5-.1.7-.3.2-.2.3-.5.3-.7s-.1-.5-.3-.7zM5.8 14.7l6.2 6.3 6.2-6.3c.2-.2.3-.5.3-.7s-.1-.5-.3-.7c-.2-.2-.4-.3-.7-.3h-11c-.3 0-.5.1-.7.3-.2.2-.3.5-.3.7s.1.5.3.7z\"\/><\/svg><\/span><\/span><\/span><\/a><\/span><\/div>\n<nav><ul class='ez-toc-list ez-toc-list-level-1 eztoc-toggle-hide-by-default' ><li class='ez-toc-page-1 ez-toc-heading-level-2'><a class=\"ez-toc-link ez-toc-heading-1\" href=\"https:\/\/www.ariasassessors.com\/ca\/despeses-deduibles-per-treballadors-autonoms\/#Despeses_deduibles_de_lIRPF\" title=\"Despeses dedu\u00efbles de l&#8217;IRPF\">Despeses dedu\u00efbles de l&#8217;IRPF<\/a><\/li><li class='ez-toc-page-1 ez-toc-heading-level-2'><a class=\"ez-toc-link ez-toc-heading-2\" href=\"https:\/\/www.ariasassessors.com\/ca\/despeses-deduibles-per-treballadors-autonoms\/#Els_requisits_per_son\" title=\"Els requisits per s\u00f3n:\">Els requisits per s\u00f3n:<\/a><\/li><li class='ez-toc-page-1 ez-toc-heading-level-2'><a class=\"ez-toc-link ez-toc-heading-3\" href=\"https:\/\/www.ariasassessors.com\/ca\/despeses-deduibles-per-treballadors-autonoms\/#Llista_de_despeses_deduibles\" title=\"Llista de despeses dedu\u00efbles\">Llista de despeses dedu\u00efbles<\/a><\/li><li class='ez-toc-page-1 ez-toc-heading-level-2'><a class=\"ez-toc-link ez-toc-heading-4\" href=\"https:\/\/www.ariasassessors.com\/ca\/despeses-deduibles-per-treballadors-autonoms\/#Despeses_fiscalment_no_deduibles\" title=\"Despeses fiscalment no dedu\u00efbles:\">Despeses fiscalment no dedu\u00efbles:<\/a><\/li><\/ul><\/nav><\/div>\n<h2><span class=\"ez-toc-section\" id=\"Despeses_deduibles_de_lIRPF\"><\/span><strong>Despeses dedu\u00efbles de l&#8217;IRPF<\/strong><span class=\"ez-toc-section-end\"><\/span><\/h2>\n<p>Les despeses dedu\u00efbles alleugen la c\u00e0rrega tribut\u00e0ria i fan m\u00e9s rendible l&#8217;activitat dels aut\u00f2noms, pel fet que s\u00f3n admesos en l&#8217;Impost de la Renda de les Persones F\u00edsiques.<\/p>\n<h2><span class=\"ez-toc-section\" id=\"Els_requisits_per_son\"><\/span><strong>Els requisits per s\u00f3n:<\/strong><span class=\"ez-toc-section-end\"><\/span><\/h2>\n<p>&#8211; Estar vinculat a l&#8217;activitat econ\u00f2mica desenvolupada.<\/p>\n<p>&#8211; Estar convenientment justificat.<\/p>\n<p>&#8211; Comptar amb registre comptable de llibres de despeses i inversions.<\/p>\n<p>Subministraments de llar i les dietes: \u00faltims despeses dedu\u00efbles:<\/p>\n<p>A l&#8217;octubre de 2017 es va aprovar la Llei de Reformes urgents del Treball Aut\u00f2nom que va afegir com a despeses dedu\u00efbles, els subministraments de la llar i les dietes. Sempre que el treballador hagi declarat l&#8217;espai de la seva llar com el seu lloc de treball segons indica el Model 036, podr\u00e0 deduir el 30% de les despeses de subministraments corresponents a aquest espai. A m\u00e9s, en dietes. L&#8217;aut\u00f2nom podr\u00e0 deduir entre 26,67 i 53,34 euros diaris, segons si hi ha pernocta o no fora de la prov\u00edncia on desenvolupa l&#8217;activitat.<\/p>\n<p>Si eres trabajador aut\u00f3nomo, freelance o profesional independiente, en Arias Assessors podemos ayudarte, cont\u00e1ctanos <a href=\"https:\/\/www.ariasassessors.com\/autonomos-y-profesionales\/\">aqu\u00ed.<\/a><\/p>\n<h2><span class=\"ez-toc-section\" id=\"Llista_de_despeses_deduibles\"><\/span><strong>Llista de despeses dedu\u00efbles<\/strong><span class=\"ez-toc-section-end\"><\/span><\/h2>\n<p>A les dues anteriors se li d&#8217;afegir la seg\u00fcent s\u00e8rie de despeses dedu\u00efbles:<\/p>\n<ol>\n<li>Consums d&#8217;explotaci\u00f3.<\/li>\n<li>Sous i salaris dels treballadors pagues extraordin\u00e0ries, dietes i assignacions per despeses de viatge, retribucions en esp\u00e8cie, etc.<\/li>\n<li>Seguretat Social a c\u00e0rrec de l&#8217;empresa.<\/li>\n<li>Altres despeses de personal com els derivats de cursos de formaci\u00f3, indemnitzacions que hagin hagut de percebre, assegurances d&#8217;accident i qualsevol altre no considerat pura liberalitat.<\/li>\n<li>Arrendaments pel lloguer de b\u00e9ns mobles o immobles, i c\u00e0nons satisfets per patents, marques i altres derivats de la propietat industrial.<\/li>\n<li>Reparacions i conservaci\u00f3 de l&#8217;immobilitzat (no s&#8217;inclouen els d&#8217;ampliaci\u00f3 i millora).<\/li>\n<li>Serveis de professionals independents.<\/li>\n<li>Altres serveis exteriors requerits per al desenvolupament de l&#8217;activitat com transports, primes d&#8217;assegurances, serveis bancaris i similars, publicitat i relacions p\u00fabliques, etc.<\/li>\n<li>Tributs fiscalment dedu\u00efbles.<\/li>\n<li>Amortitzacions i provisions:<\/li>\n<li>Assegurances per malaltia<\/li>\n<li>Tamb\u00e9 hi ha un l\u00edmit m\u00e0xim de 2.000 euros a la deducci\u00f3 en estimaci\u00f3 directa simplificada de el 5% de l&#8217;import de l&#8217;rendiment net previ, s&#8217;admeten provisions dedu\u00efbles i despeses de dif\u00edcil justificaci\u00f3.<\/li>\n<li>S&#8217;inclouen totes les despeses financeres derivades de la utilitzaci\u00f3 de recursos financers de tercers per al finan\u00e7ament de les activitats de l&#8217;empresa o dels seus elements d&#8217;actiu.<\/li>\n<li>Les p\u00e8rdues sobrevingudes per la insolv\u00e8ncia dels deutors.<\/li>\n<\/ol>\n<h2><span class=\"ez-toc-section\" id=\"Despeses_fiscalment_no_deduibles\"><\/span><strong>Despeses fiscalment no dedu\u00efbles:<\/strong><span class=\"ez-toc-section-end\"><\/span><\/h2>\n<p>&#8211; Multes i sancions.<\/p>\n<p>&#8211; Donatius i liberalitats.<\/p>\n<p>&#8211; P\u00e8rdues de el joc.<\/p>\n<p>&#8211; Despeses realitzades amb entitats residents en paradisos fiscals.<\/p>\n<p>&nbsp;<\/p>\n","protected":false},"excerpt":{"rendered":"<p>El diari econ\u00f2mic El Economista, va publicar un llistat de les despeses fiscalment dedu\u00efbles per als aut\u00f2noms que publiquen en un r\u00e8gim d&#8217;estimaci\u00f3 directa. Tant en la modalitat normal, com en la simplificada. Despeses dedu\u00efbles de l&#8217;IRPF Les despeses dedu\u00efbles alleugen la c\u00e0rrega tribut\u00e0ria i&#8230;<\/p>\n","protected":false},"author":2,"featured_media":876,"comment_status":"open","ping_status":"open","sticky":false,"template":"","format":"standard","meta":{"footnotes":""},"categories":[4],"tags":[225,338,343,342,344,339],"class_list":["post-870","post","type-post","status-publish","format-standard","has-post-thumbnail","hentry","category-noticies","tag-autonomos-ca","tag-deducibles-ca","tag-deduibles","tag-despeses","tag-despeses-deduibles","tag-gastos-ca"],"yoast_head":"<!-- This site is optimized with the Yoast SEO plugin v24.3 - https:\/\/yoast.com\/wordpress\/plugins\/seo\/ -->\n<title>\u00bfQuines s\u00f3n les despeses dedu\u00efbles per a aut\u00f2noms? | Arias Assessors<\/title>\n<meta name=\"description\" content=\"Llistat de les despeses fiscalment dedu\u00efbles per als aut\u00f2noms i els seus requisits. Subministraments de llar i dietes, com els \u00faltims despeses dedu\u00efbles.\" \/>\n<meta name=\"robots\" content=\"index, follow, max-snippet:-1, max-image-preview:large, max-video-preview:-1\" \/>\n<link rel=\"canonical\" href=\"https:\/\/www.ariasassessors.com\/ca\/despeses-deduibles-per-treballadors-autonoms\/\" \/>\n<meta property=\"og:locale\" content=\"ca_ES\" \/>\n<meta property=\"og:type\" content=\"article\" \/>\n<meta property=\"og:title\" content=\"\u00bfQuines s\u00f3n les despeses dedu\u00efbles per a aut\u00f2noms? | Arias Assessors\" \/>\n<meta property=\"og:description\" content=\"Llistat de les despeses fiscalment dedu\u00efbles per als aut\u00f2noms i els seus requisits. Subministraments de llar i dietes, com els \u00faltims despeses dedu\u00efbles.\" \/>\n<meta property=\"og:url\" content=\"https:\/\/www.ariasassessors.com\/ca\/despeses-deduibles-per-treballadors-autonoms\/\" \/>\n<meta property=\"og:site_name\" content=\"Arias Assessors\" \/>\n<meta property=\"article:publisher\" content=\"https:\/\/www.facebook.com\/ariasassessors\/\" \/>\n<meta property=\"article:published_time\" content=\"2020-01-31T10:02:31+00:00\" \/>\n<meta property=\"article:modified_time\" content=\"2020-01-31T10:55:56+00:00\" \/>\n<meta property=\"og:image\" content=\"https:\/\/www.ariasassessors.com\/wp-content\/uploads\/2020\/01\/2019-12-28-12-30-07-1200x800-2.jpg\" \/>\n\t<meta property=\"og:image:width\" content=\"1200\" \/>\n\t<meta property=\"og:image:height\" content=\"800\" \/>\n\t<meta property=\"og:image:type\" content=\"image\/jpeg\" \/>\n<meta name=\"author\" content=\"btorras\" \/>\n<meta name=\"twitter:card\" content=\"summary_large_image\" \/>\n<meta name=\"twitter:creator\" content=\"@ariasassessors\" \/>\n<meta name=\"twitter:site\" content=\"@ariasassessors\" \/>\n<meta name=\"twitter:label1\" content=\"Escrit per\" \/>\n\t<meta name=\"twitter:data1\" content=\"btorras\" \/>\n\t<meta name=\"twitter:label2\" content=\"Temps estimat de lectura\" \/>\n\t<meta name=\"twitter:data2\" content=\"2 minuts\" \/>\n<script type=\"application\/ld+json\" class=\"yoast-schema-graph\">{\"@context\":\"https:\/\/schema.org\",\"@graph\":[{\"@type\":\"Article\",\"@id\":\"https:\/\/www.ariasassessors.com\/ca\/despeses-deduibles-per-treballadors-autonoms\/#article\",\"isPartOf\":{\"@id\":\"https:\/\/www.ariasassessors.com\/ca\/despeses-deduibles-per-treballadors-autonoms\/\"},\"author\":{\"name\":\"btorras\",\"@id\":\"https:\/\/www.ariasassessors.com\/#\/schema\/person\/63c6ad1775f0a9413c37932562673cef\"},\"headline\":\"\u00bfQuines s\u00f3n les despeses dedu\u00efbles per a aut\u00f2noms?\",\"datePublished\":\"2020-01-31T10:02:31+00:00\",\"dateModified\":\"2020-01-31T10:55:56+00:00\",\"mainEntityOfPage\":{\"@id\":\"https:\/\/www.ariasassessors.com\/ca\/despeses-deduibles-per-treballadors-autonoms\/\"},\"wordCount\":484,\"commentCount\":0,\"publisher\":{\"@id\":\"https:\/\/www.ariasassessors.com\/#organization\"},\"image\":{\"@id\":\"https:\/\/www.ariasassessors.com\/ca\/despeses-deduibles-per-treballadors-autonoms\/#primaryimage\"},\"thumbnailUrl\":\"https:\/\/www.ariasassessors.com\/wp-content\/uploads\/2020\/01\/2019-12-28-12-30-07-1200x800-2.jpg\",\"keywords\":[\"aut\u00f2noms\",\"deducibles\",\"dedu\u00efbles\",\"despeses\",\"despeses dedu\u00efbles\",\"gastos\"],\"articleSection\":[\"noticies\"],\"inLanguage\":\"ca\",\"potentialAction\":[{\"@type\":\"CommentAction\",\"name\":\"Comment\",\"target\":[\"https:\/\/www.ariasassessors.com\/ca\/despeses-deduibles-per-treballadors-autonoms\/#respond\"]}]},{\"@type\":\"WebPage\",\"@id\":\"https:\/\/www.ariasassessors.com\/ca\/despeses-deduibles-per-treballadors-autonoms\/\",\"url\":\"https:\/\/www.ariasassessors.com\/ca\/despeses-deduibles-per-treballadors-autonoms\/\",\"name\":\"\u00bfQuines s\u00f3n les despeses dedu\u00efbles per a aut\u00f2noms? | Arias Assessors\",\"isPartOf\":{\"@id\":\"https:\/\/www.ariasassessors.com\/#website\"},\"primaryImageOfPage\":{\"@id\":\"https:\/\/www.ariasassessors.com\/ca\/despeses-deduibles-per-treballadors-autonoms\/#primaryimage\"},\"image\":{\"@id\":\"https:\/\/www.ariasassessors.com\/ca\/despeses-deduibles-per-treballadors-autonoms\/#primaryimage\"},\"thumbnailUrl\":\"https:\/\/www.ariasassessors.com\/wp-content\/uploads\/2020\/01\/2019-12-28-12-30-07-1200x800-2.jpg\",\"datePublished\":\"2020-01-31T10:02:31+00:00\",\"dateModified\":\"2020-01-31T10:55:56+00:00\",\"description\":\"Llistat de les despeses fiscalment dedu\u00efbles per als aut\u00f2noms i els seus requisits. Subministraments de llar i dietes, com els \u00faltims despeses dedu\u00efbles.\",\"breadcrumb\":{\"@id\":\"https:\/\/www.ariasassessors.com\/ca\/despeses-deduibles-per-treballadors-autonoms\/#breadcrumb\"},\"inLanguage\":\"ca\",\"potentialAction\":[{\"@type\":\"ReadAction\",\"target\":[\"https:\/\/www.ariasassessors.com\/ca\/despeses-deduibles-per-treballadors-autonoms\/\"]}]},{\"@type\":\"ImageObject\",\"inLanguage\":\"ca\",\"@id\":\"https:\/\/www.ariasassessors.com\/ca\/despeses-deduibles-per-treballadors-autonoms\/#primaryimage\",\"url\":\"https:\/\/www.ariasassessors.com\/wp-content\/uploads\/2020\/01\/2019-12-28-12-30-07-1200x800-2.jpg\",\"contentUrl\":\"https:\/\/www.ariasassessors.com\/wp-content\/uploads\/2020\/01\/2019-12-28-12-30-07-1200x800-2.jpg\",\"width\":1200,\"height\":800,\"caption\":\"gastos deducibles\"},{\"@type\":\"BreadcrumbList\",\"@id\":\"https:\/\/www.ariasassessors.com\/ca\/despeses-deduibles-per-treballadors-autonoms\/#breadcrumb\",\"itemListElement\":[{\"@type\":\"ListItem\",\"position\":1,\"name\":\"Portada\",\"item\":\"https:\/\/www.ariasassessors.com\/ca\/\"},{\"@type\":\"ListItem\",\"position\":2,\"name\":\"\u00bfQuines s\u00f3n les despeses dedu\u00efbles per a aut\u00f2noms?\"}]},{\"@type\":\"WebSite\",\"@id\":\"https:\/\/www.ariasassessors.com\/#website\",\"url\":\"https:\/\/www.ariasassessors.com\/\",\"name\":\"Arias Assessors\",\"description\":\"Asesor\u00eda para aut\u00f3nomos, profesionales y PYMES\",\"publisher\":{\"@id\":\"https:\/\/www.ariasassessors.com\/#organization\"},\"potentialAction\":[{\"@type\":\"SearchAction\",\"target\":{\"@type\":\"EntryPoint\",\"urlTemplate\":\"https:\/\/www.ariasassessors.com\/?s={search_term_string}\"},\"query-input\":{\"@type\":\"PropertyValueSpecification\",\"valueRequired\":true,\"valueName\":\"search_term_string\"}}],\"inLanguage\":\"ca\"},{\"@type\":\"Organization\",\"@id\":\"https:\/\/www.ariasassessors.com\/#organization\",\"name\":\"Arias Assessors\",\"url\":\"https:\/\/www.ariasassessors.com\/\",\"logo\":{\"@type\":\"ImageObject\",\"inLanguage\":\"ca\",\"@id\":\"https:\/\/www.ariasassessors.com\/#\/schema\/logo\/image\/\",\"url\":\"https:\/\/www.ariasassessors.com\/wp-content\/uploads\/2019\/01\/arias-logo.png\",\"contentUrl\":\"https:\/\/www.ariasassessors.com\/wp-content\/uploads\/2019\/01\/arias-logo.png\",\"width\":349,\"height\":254,\"caption\":\"Arias Assessors\"},\"image\":{\"@id\":\"https:\/\/www.ariasassessors.com\/#\/schema\/logo\/image\/\"},\"sameAs\":[\"https:\/\/www.facebook.com\/ariasassessors\/\",\"https:\/\/x.com\/ariasassessors\",\"https:\/\/www.linkedin.com\/company\/r&amp;amp;r-growing-knowledge\/\"]},{\"@type\":\"Person\",\"@id\":\"https:\/\/www.ariasassessors.com\/#\/schema\/person\/63c6ad1775f0a9413c37932562673cef\",\"name\":\"btorras\",\"image\":{\"@type\":\"ImageObject\",\"inLanguage\":\"ca\",\"@id\":\"https:\/\/www.ariasassessors.com\/#\/schema\/person\/image\/\",\"url\":\"https:\/\/secure.gravatar.com\/avatar\/0531db351fc361fdbfd204c58fa2d6a3?s=96&d=mm&r=g\",\"contentUrl\":\"https:\/\/secure.gravatar.com\/avatar\/0531db351fc361fdbfd204c58fa2d6a3?s=96&d=mm&r=g\",\"caption\":\"btorras\"}}]}<\/script>\n<!-- \/ Yoast SEO plugin. -->","yoast_head_json":{"title":"\u00bfQuines s\u00f3n les despeses dedu\u00efbles per a aut\u00f2noms? | Arias Assessors","description":"Llistat de les despeses fiscalment dedu\u00efbles per als aut\u00f2noms i els seus requisits. Subministraments de llar i dietes, com els \u00faltims despeses dedu\u00efbles.","robots":{"index":"index","follow":"follow","max-snippet":"max-snippet:-1","max-image-preview":"max-image-preview:large","max-video-preview":"max-video-preview:-1"},"canonical":"https:\/\/www.ariasassessors.com\/ca\/despeses-deduibles-per-treballadors-autonoms\/","og_locale":"ca_ES","og_type":"article","og_title":"\u00bfQuines s\u00f3n les despeses dedu\u00efbles per a aut\u00f2noms? | Arias Assessors","og_description":"Llistat de les despeses fiscalment dedu\u00efbles per als aut\u00f2noms i els seus requisits. Subministraments de llar i dietes, com els \u00faltims despeses dedu\u00efbles.","og_url":"https:\/\/www.ariasassessors.com\/ca\/despeses-deduibles-per-treballadors-autonoms\/","og_site_name":"Arias Assessors","article_publisher":"https:\/\/www.facebook.com\/ariasassessors\/","article_published_time":"2020-01-31T10:02:31+00:00","article_modified_time":"2020-01-31T10:55:56+00:00","og_image":[{"width":1200,"height":800,"url":"https:\/\/www.ariasassessors.com\/wp-content\/uploads\/2020\/01\/2019-12-28-12-30-07-1200x800-2.jpg","type":"image\/jpeg"}],"author":"btorras","twitter_card":"summary_large_image","twitter_creator":"@ariasassessors","twitter_site":"@ariasassessors","twitter_misc":{"Escrit per":"btorras","Temps estimat de lectura":"2 minuts"},"schema":{"@context":"https:\/\/schema.org","@graph":[{"@type":"Article","@id":"https:\/\/www.ariasassessors.com\/ca\/despeses-deduibles-per-treballadors-autonoms\/#article","isPartOf":{"@id":"https:\/\/www.ariasassessors.com\/ca\/despeses-deduibles-per-treballadors-autonoms\/"},"author":{"name":"btorras","@id":"https:\/\/www.ariasassessors.com\/#\/schema\/person\/63c6ad1775f0a9413c37932562673cef"},"headline":"\u00bfQuines s\u00f3n les despeses dedu\u00efbles per a aut\u00f2noms?","datePublished":"2020-01-31T10:02:31+00:00","dateModified":"2020-01-31T10:55:56+00:00","mainEntityOfPage":{"@id":"https:\/\/www.ariasassessors.com\/ca\/despeses-deduibles-per-treballadors-autonoms\/"},"wordCount":484,"commentCount":0,"publisher":{"@id":"https:\/\/www.ariasassessors.com\/#organization"},"image":{"@id":"https:\/\/www.ariasassessors.com\/ca\/despeses-deduibles-per-treballadors-autonoms\/#primaryimage"},"thumbnailUrl":"https:\/\/www.ariasassessors.com\/wp-content\/uploads\/2020\/01\/2019-12-28-12-30-07-1200x800-2.jpg","keywords":["aut\u00f2noms","deducibles","dedu\u00efbles","despeses","despeses dedu\u00efbles","gastos"],"articleSection":["noticies"],"inLanguage":"ca","potentialAction":[{"@type":"CommentAction","name":"Comment","target":["https:\/\/www.ariasassessors.com\/ca\/despeses-deduibles-per-treballadors-autonoms\/#respond"]}]},{"@type":"WebPage","@id":"https:\/\/www.ariasassessors.com\/ca\/despeses-deduibles-per-treballadors-autonoms\/","url":"https:\/\/www.ariasassessors.com\/ca\/despeses-deduibles-per-treballadors-autonoms\/","name":"\u00bfQuines s\u00f3n les despeses dedu\u00efbles per a aut\u00f2noms? | Arias Assessors","isPartOf":{"@id":"https:\/\/www.ariasassessors.com\/#website"},"primaryImageOfPage":{"@id":"https:\/\/www.ariasassessors.com\/ca\/despeses-deduibles-per-treballadors-autonoms\/#primaryimage"},"image":{"@id":"https:\/\/www.ariasassessors.com\/ca\/despeses-deduibles-per-treballadors-autonoms\/#primaryimage"},"thumbnailUrl":"https:\/\/www.ariasassessors.com\/wp-content\/uploads\/2020\/01\/2019-12-28-12-30-07-1200x800-2.jpg","datePublished":"2020-01-31T10:02:31+00:00","dateModified":"2020-01-31T10:55:56+00:00","description":"Llistat de les despeses fiscalment dedu\u00efbles per als aut\u00f2noms i els seus requisits. Subministraments de llar i dietes, com els \u00faltims despeses dedu\u00efbles.","breadcrumb":{"@id":"https:\/\/www.ariasassessors.com\/ca\/despeses-deduibles-per-treballadors-autonoms\/#breadcrumb"},"inLanguage":"ca","potentialAction":[{"@type":"ReadAction","target":["https:\/\/www.ariasassessors.com\/ca\/despeses-deduibles-per-treballadors-autonoms\/"]}]},{"@type":"ImageObject","inLanguage":"ca","@id":"https:\/\/www.ariasassessors.com\/ca\/despeses-deduibles-per-treballadors-autonoms\/#primaryimage","url":"https:\/\/www.ariasassessors.com\/wp-content\/uploads\/2020\/01\/2019-12-28-12-30-07-1200x800-2.jpg","contentUrl":"https:\/\/www.ariasassessors.com\/wp-content\/uploads\/2020\/01\/2019-12-28-12-30-07-1200x800-2.jpg","width":1200,"height":800,"caption":"gastos deducibles"},{"@type":"BreadcrumbList","@id":"https:\/\/www.ariasassessors.com\/ca\/despeses-deduibles-per-treballadors-autonoms\/#breadcrumb","itemListElement":[{"@type":"ListItem","position":1,"name":"Portada","item":"https:\/\/www.ariasassessors.com\/ca\/"},{"@type":"ListItem","position":2,"name":"\u00bfQuines s\u00f3n les despeses dedu\u00efbles per a aut\u00f2noms?"}]},{"@type":"WebSite","@id":"https:\/\/www.ariasassessors.com\/#website","url":"https:\/\/www.ariasassessors.com\/","name":"Arias Assessors","description":"Asesor\u00eda para aut\u00f3nomos, profesionales y PYMES","publisher":{"@id":"https:\/\/www.ariasassessors.com\/#organization"},"potentialAction":[{"@type":"SearchAction","target":{"@type":"EntryPoint","urlTemplate":"https:\/\/www.ariasassessors.com\/?s={search_term_string}"},"query-input":{"@type":"PropertyValueSpecification","valueRequired":true,"valueName":"search_term_string"}}],"inLanguage":"ca"},{"@type":"Organization","@id":"https:\/\/www.ariasassessors.com\/#organization","name":"Arias Assessors","url":"https:\/\/www.ariasassessors.com\/","logo":{"@type":"ImageObject","inLanguage":"ca","@id":"https:\/\/www.ariasassessors.com\/#\/schema\/logo\/image\/","url":"https:\/\/www.ariasassessors.com\/wp-content\/uploads\/2019\/01\/arias-logo.png","contentUrl":"https:\/\/www.ariasassessors.com\/wp-content\/uploads\/2019\/01\/arias-logo.png","width":349,"height":254,"caption":"Arias Assessors"},"image":{"@id":"https:\/\/www.ariasassessors.com\/#\/schema\/logo\/image\/"},"sameAs":["https:\/\/www.facebook.com\/ariasassessors\/","https:\/\/x.com\/ariasassessors","https:\/\/www.linkedin.com\/company\/r&amp;amp;r-growing-knowledge\/"]},{"@type":"Person","@id":"https:\/\/www.ariasassessors.com\/#\/schema\/person\/63c6ad1775f0a9413c37932562673cef","name":"btorras","image":{"@type":"ImageObject","inLanguage":"ca","@id":"https:\/\/www.ariasassessors.com\/#\/schema\/person\/image\/","url":"https:\/\/secure.gravatar.com\/avatar\/0531db351fc361fdbfd204c58fa2d6a3?s=96&d=mm&r=g","contentUrl":"https:\/\/secure.gravatar.com\/avatar\/0531db351fc361fdbfd204c58fa2d6a3?s=96&d=mm&r=g","caption":"btorras"}}]}},"_links":{"self":[{"href":"https:\/\/www.ariasassessors.com\/ca\/wp-json\/wp\/v2\/posts\/870","targetHints":{"allow":["GET"]}}],"collection":[{"href":"https:\/\/www.ariasassessors.com\/ca\/wp-json\/wp\/v2\/posts"}],"about":[{"href":"https:\/\/www.ariasassessors.com\/ca\/wp-json\/wp\/v2\/types\/post"}],"author":[{"embeddable":true,"href":"https:\/\/www.ariasassessors.com\/ca\/wp-json\/wp\/v2\/users\/2"}],"replies":[{"embeddable":true,"href":"https:\/\/www.ariasassessors.com\/ca\/wp-json\/wp\/v2\/comments?post=870"}],"version-history":[{"count":2,"href":"https:\/\/www.ariasassessors.com\/ca\/wp-json\/wp\/v2\/posts\/870\/revisions"}],"predecessor-version":[{"id":872,"href":"https:\/\/www.ariasassessors.com\/ca\/wp-json\/wp\/v2\/posts\/870\/revisions\/872"}],"wp:featuredmedia":[{"embeddable":true,"href":"https:\/\/www.ariasassessors.com\/ca\/wp-json\/wp\/v2\/media\/876"}],"wp:attachment":[{"href":"https:\/\/www.ariasassessors.com\/ca\/wp-json\/wp\/v2\/media?parent=870"}],"wp:term":[{"taxonomy":"category","embeddable":true,"href":"https:\/\/www.ariasassessors.com\/ca\/wp-json\/wp\/v2\/categories?post=870"},{"taxonomy":"post_tag","embeddable":true,"href":"https:\/\/www.ariasassessors.com\/ca\/wp-json\/wp\/v2\/tags?post=870"}],"curies":[{"name":"wp","href":"https:\/\/api.w.org\/{rel}","templated":true}]}}