{"id":899,"date":"2020-02-13T11:46:43","date_gmt":"2020-02-13T10:46:43","guid":{"rendered":"https:\/\/www.ariasassessors.com\/?p=899"},"modified":"2020-02-13T11:51:39","modified_gmt":"2020-02-13T10:51:39","slug":"repercussions-de-el-brexit-a-la-facturacio-de-la-nostra-empresa","status":"publish","type":"post","link":"https:\/\/www.ariasassessors.com\/ca\/repercussions-de-el-brexit-a-la-facturacio-de-la-nostra-empresa\/","title":{"rendered":"Repercusions del BREXIT en la facturaci\u00f3 de la nostra empresa"},"content":{"rendered":"<p>El Brexit afectar\u00e0 la facturaci\u00f3 de la seva empresa en cas que vengui b\u00e9ns o serveis al Regne Unit. Tant si compra o rep serveis del Regne Unit com si transporta b\u00e9ns a trav\u00e9s del pa\u00eds.<\/p>\n<p><!--more--><\/p>\n<div id=\"ez-toc-container\" class=\"ez-toc-v2_0_72 counter-hierarchy ez-toc-counter ez-toc-grey ez-toc-container-direction\">\n<div class=\"ez-toc-title-container\">\n<p class=\"ez-toc-title\" style=\"cursor:inherit\">\u00cdndice de Contenidos<\/p>\n<span class=\"ez-toc-title-toggle\"><a href=\"#\" class=\"ez-toc-pull-right ez-toc-btn ez-toc-btn-xs ez-toc-btn-default ez-toc-toggle\" aria-label=\"Toggle Table of Content\"><span class=\"ez-toc-js-icon-con\"><span class=\"\"><span class=\"eztoc-hide\" style=\"display:none;\">Toggle<\/span><span class=\"ez-toc-icon-toggle-span\"><svg style=\"fill: #428bca;color:#428bca\" xmlns=\"http:\/\/www.w3.org\/2000\/svg\" class=\"list-377408\" width=\"20px\" height=\"20px\" viewBox=\"0 0 24 24\" fill=\"none\"><path d=\"M6 6H4v2h2V6zm14 0H8v2h12V6zM4 11h2v2H4v-2zm16 0H8v2h12v-2zM4 16h2v2H4v-2zm16 0H8v2h12v-2z\" fill=\"currentColor\"><\/path><\/svg><svg style=\"fill: #428bca;color:#428bca\" class=\"arrow-unsorted-368013\" xmlns=\"http:\/\/www.w3.org\/2000\/svg\" width=\"10px\" height=\"10px\" viewBox=\"0 0 24 24\" version=\"1.2\" baseProfile=\"tiny\"><path d=\"M18.2 9.3l-6.2-6.3-6.2 6.3c-.2.2-.3.4-.3.7s.1.5.3.7c.2.2.4.3.7.3h11c.3 0 .5-.1.7-.3.2-.2.3-.5.3-.7s-.1-.5-.3-.7zM5.8 14.7l6.2 6.3 6.2-6.3c.2-.2.3-.5.3-.7s-.1-.5-.3-.7c-.2-.2-.4-.3-.7-.3h-11c-.3 0-.5.1-.7.3-.2.2-.3.5-.3.7s.1.5.3.7z\"\/><\/svg><\/span><\/span><\/span><\/a><\/span><\/div>\n<nav><ul class='ez-toc-list ez-toc-list-level-1 eztoc-toggle-hide-by-default' ><li class='ez-toc-page-1 ez-toc-heading-level-2'><a class=\"ez-toc-link ez-toc-heading-1\" href=\"https:\/\/www.ariasassessors.com\/ca\/repercussions-de-el-brexit-a-la-facturacio-de-la-nostra-empresa\/#BREXIT_en_fase_de_negociacio\" title=\"BREXIT en fase de negociaci\u00f3\">BREXIT en fase de negociaci\u00f3<\/a><ul class='ez-toc-list-level-3' ><li class='ez-toc-heading-level-3'><a class=\"ez-toc-link ez-toc-heading-2\" href=\"https:\/\/www.ariasassessors.com\/ca\/repercussions-de-el-brexit-a-la-facturacio-de-la-nostra-empresa\/#El_Brexit_impactara_en_la_facturacio_de_la_seguent_manera\" title=\"El Brexit impactar\u00e0 en la facturaci\u00f3 de la seg\u00fcent manera:\">El Brexit impactar\u00e0 en la facturaci\u00f3 de la seg\u00fcent manera:<\/a><\/li><\/ul><\/li><\/ul><\/nav><\/div>\n<h2><span class=\"ez-toc-section\" id=\"BREXIT_en_fase_de_negociacio\"><\/span>BREXIT en fase de negociaci\u00f3<span class=\"ez-toc-section-end\"><\/span><\/h2>\n<p><img loading=\"lazy\" decoding=\"async\" class=\"alignnone size-medium wp-image-881\" src=\"https:\/\/www.ariasassessors.com\/wp-content\/uploads\/2020\/02\/brexitfacturacion-300x200.png\" alt=\"\" width=\"300\" height=\"200\" srcset=\"https:\/\/www.ariasassessors.com\/wp-content\/uploads\/2020\/02\/brexitfacturacion-300x200.png 300w, https:\/\/www.ariasassessors.com\/wp-content\/uploads\/2020\/02\/brexitfacturacion-768x511.png 768w, https:\/\/www.ariasassessors.com\/wp-content\/uploads\/2020\/02\/brexitfacturacion-1000x669.png 1000w, https:\/\/www.ariasassessors.com\/wp-content\/uploads\/2020\/02\/brexitfacturacion-700x466.png 700w, https:\/\/www.ariasassessors.com\/wp-content\/uploads\/2020\/02\/brexitfacturacion.png 1006w\" sizes=\"auto, (max-width: 300px) 100vw, 300px\" \/><\/p>\n<p>En el cas de professionals aut\u00f2noms o empreses en relacions comercials amb el Regne Unit,\u00a0hauran\u00a0de saber sobre el\u00a0per\u00edode\u00a0de transici\u00f3 del Brexit que afectar\u00e0 la facturaci\u00f3.<\/p>\n<p>Amb la confirmaci\u00f3 del BREXIT, hi ha un per\u00edode de transici\u00f3 fins al 31 de desembre de 2020 per a ciutadans i empreses, per tant, tot seguir\u00e0 igual fins aquesta data.<\/p>\n<p>S&#8217;obre ara un per\u00edode de negociaci\u00f3 amb la finalitat d&#8217;establir un acord de retirada definitiu, que, en cas de que no es produeixi, iniciaria un per\u00edode de transici\u00f3 i es tractaria al Regne Unit com un pa\u00eds tercer a efectes de duanes.<\/p>\n<p>Sense un per\u00edode transitori (com el previst en l&#8217;acord per la sortida ordenada de la UE) o un acord definitiu, les relacions comercials amb el Regne Unit es regiran per les normes generals de la OMC, sense aplicaci\u00f3 de prefer\u00e8ncies, a partir de la data de retirada.<\/p>\n<h3><span class=\"ez-toc-section\" id=\"El_Brexit_impactara_en_la_facturacio_de_la_seguent_manera\"><\/span>El Brexit impactar\u00e0 en la facturaci\u00f3 de la seg\u00fcent manera:<span class=\"ez-toc-section-end\"><\/span><\/h3>\n<p>\u2022 S&#8217;aplicaran\u00a0<strong>formalitats\u00a0<\/strong>duaneres\u00a0per les mercaderies procedents del Regne Unit o amb dest\u00ed a aquest mateix pa\u00eds, havent de presentar-se a tal efecte declaracions\u00a0duaneres\u00a0i\u00a0podent\u00a0les autoritats\u00a0duaneres\u00a0exigir garanties per deutes\u00a0duaneres\u00a0potencials o existents.<br \/>\n\u2022 S&#8217;aplicaran <strong>drets<\/strong> de duana als b\u00e9ns que entrin a la UE procedents del Regne Unit, sense prefer\u00e8ncies.<br \/>\n\u2022 Podran aplicar-se aix\u00ed <strong>prohibicions<\/strong> o restriccions a alguns b\u00e9ns que entrin a la UE procedents del Regne Unit, aix\u00f2 significa que podran exigir-se certificats d&#8217;importaci\u00f3 o exportaci\u00f3.<br \/>\n\u2022 Deixaran de ser leg\u00edtims a la UE (EU27) els <strong>certificats d&#8217;importaci\u00f3 i exportaci\u00f3<\/strong>.<br \/>\n\u2022 No podr\u00e1n aplicar-se a la UE (EU27) les <strong>autoritzacions de simplificacions o procediments duaners<\/strong>, com el dip\u00f2sit de duanes, expedides pel Regne Unit.<br \/>\n\u2022 No estaran permeses a la UE (EU27) les autoritzacions <strong>d&#8217;operador econ\u00f2mic autoritzat<\/strong> (AEO, per les seves sigles en angl\u00e8s).<br \/>\n\u2022 Els Estats membres aplicaran <strong>l&#8217;IVA a la importaci\u00f3<\/strong> dels b\u00e9ns que entrin a la UE procedents del Regne Unit; les exportacions al Regne Unit estaran exemptes d&#8217;IVA.<br \/>\n\u2022\u00a0Canviaran\u00a0les normes sobre la\u00a0declaraci\u00f3\u00a0i\u00a0el pagament de l&#8217;IVA\u00a0(com, per exemple, els serveis electr\u00f2nics i per les devolucions transfrontereres de l&#8217;IVA.<br \/>\n\u2022 El transport de <strong>b\u00e9ns al Regne Unit<\/strong> requerir\u00e0 una declaraci\u00f3 d&#8217;exportaci\u00f3; la circulaci\u00f3 de b\u00e9ns subjectes a impostos especials en el Regne Unit tamb\u00e9 podr\u00e0 requerir un document administratiu electr\u00f2nic (eAD);<br \/>\n\u2022 Els <strong>b\u00e9ns subjectes a impostos<\/strong> especials transportats del Regne Unit a la UE (EU27)\u00a0hauran\u00a0de ser despatxats de\u00a0duana\u00a0abans que\u00a0es pugui\u00a0iniciar\u00a0un moviment\u00a0en el marc del <a href=\"https:\/\/ec.europa.eu\/taxation_customs\/sites\/taxation\/files\/excise-movement-and-control-system-faq_en.pdf\">Sistema Informatitzat per la\u00a0Circulaci\u00f3\u00a0i el Control dels Impostos Especials.<\/a><\/p>\n<p>Necessites assessorament\u00a0comptable? A\u00a0Arias\u00a0Assessors podem ajudar-te. Contacta&#8217;ns <a href=\"https:\/\/www.ariasassessors.com\/ca\/autonoms-i-professionals\/\">aqu\u00ed<\/a>.<\/p>\n<p>&nbsp;<\/p>\n<p>&nbsp;<\/p>\n<p>&nbsp;<\/p>\n<p>&nbsp;<\/p>\n","protected":false},"excerpt":{"rendered":"<p>El Brexit afectar\u00e0 la facturaci\u00f3 de la seva empresa en cas que vengui b\u00e9ns o serveis al Regne Unit. Tant si compra o rep serveis del Regne Unit com si transporta b\u00e9ns a trav\u00e9s del pa\u00eds.<\/p>\n","protected":false},"author":2,"featured_media":884,"comment_status":"open","ping_status":"open","sticky":false,"template":"","format":"standard","meta":{"footnotes":""},"categories":[4],"tags":[225,357,273,356,302],"class_list":["post-899","post","type-post","status-publish","format-standard","has-post-thumbnail","hentry","category-noticies","tag-autonomos-ca","tag-brexit-ca","tag-empreses","tag-facturacio","tag-impostos"],"yoast_head":"<!-- This site is optimized with the Yoast SEO plugin v24.3 - https:\/\/yoast.com\/wordpress\/plugins\/seo\/ -->\n<title>Repercusions del BREXIT en la facturaci\u00f3 de la nostra empresa | Arias Assessors<\/title>\n<meta name=\"description\" content=\"El Brexit afectar\u00e0 la facturaci\u00f3 per aut\u00f2noms i empreses en relacions comercials amb el Regne Unit. S&#039;obre ara un per\u00edode de negociaci\u00f3.\" \/>\n<meta name=\"robots\" content=\"index, follow, max-snippet:-1, max-image-preview:large, max-video-preview:-1\" \/>\n<link rel=\"canonical\" href=\"https:\/\/www.ariasassessors.com\/ca\/repercussions-de-el-brexit-a-la-facturacio-de-la-nostra-empresa\/\" \/>\n<meta property=\"og:locale\" content=\"ca_ES\" \/>\n<meta property=\"og:type\" content=\"article\" \/>\n<meta property=\"og:title\" content=\"Repercusions del BREXIT en la facturaci\u00f3 de la nostra empresa | Arias Assessors\" \/>\n<meta property=\"og:description\" content=\"El Brexit afectar\u00e0 la facturaci\u00f3 per aut\u00f2noms i empreses en relacions comercials amb el Regne Unit. S&#039;obre ara un per\u00edode de negociaci\u00f3.\" \/>\n<meta property=\"og:url\" content=\"https:\/\/www.ariasassessors.com\/ca\/repercussions-de-el-brexit-a-la-facturacio-de-la-nostra-empresa\/\" \/>\n<meta property=\"og:site_name\" content=\"Arias Assessors\" \/>\n<meta property=\"article:publisher\" content=\"https:\/\/www.facebook.com\/ariasassessors\/\" \/>\n<meta property=\"article:published_time\" content=\"2020-02-13T10:46:43+00:00\" \/>\n<meta property=\"article:modified_time\" content=\"2020-02-13T10:51:39+00:00\" \/>\n<meta property=\"og:image\" content=\"https:\/\/www.ariasassessors.com\/wp-content\/uploads\/2020\/02\/brexit-facturaci\u00f3n.jpg\" \/>\n\t<meta property=\"og:image:width\" content=\"960\" \/>\n\t<meta property=\"og:image:height\" content=\"640\" \/>\n\t<meta property=\"og:image:type\" content=\"image\/jpeg\" \/>\n<meta name=\"author\" content=\"btorras\" \/>\n<meta name=\"twitter:card\" content=\"summary_large_image\" \/>\n<meta name=\"twitter:creator\" content=\"@ariasassessors\" \/>\n<meta name=\"twitter:site\" content=\"@ariasassessors\" \/>\n<meta name=\"twitter:label1\" content=\"Escrit per\" \/>\n\t<meta name=\"twitter:data1\" content=\"btorras\" \/>\n\t<meta name=\"twitter:label2\" content=\"Temps estimat de lectura\" \/>\n\t<meta name=\"twitter:data2\" content=\"3 minuts\" \/>\n<script type=\"application\/ld+json\" class=\"yoast-schema-graph\">{\"@context\":\"https:\/\/schema.org\",\"@graph\":[{\"@type\":\"Article\",\"@id\":\"https:\/\/www.ariasassessors.com\/ca\/repercussions-de-el-brexit-a-la-facturacio-de-la-nostra-empresa\/#article\",\"isPartOf\":{\"@id\":\"https:\/\/www.ariasassessors.com\/ca\/repercussions-de-el-brexit-a-la-facturacio-de-la-nostra-empresa\/\"},\"author\":{\"name\":\"btorras\",\"@id\":\"https:\/\/www.ariasassessors.com\/#\/schema\/person\/63c6ad1775f0a9413c37932562673cef\"},\"headline\":\"Repercusions del BREXIT en la facturaci\u00f3 de la nostra empresa\",\"datePublished\":\"2020-02-13T10:46:43+00:00\",\"dateModified\":\"2020-02-13T10:51:39+00:00\",\"mainEntityOfPage\":{\"@id\":\"https:\/\/www.ariasassessors.com\/ca\/repercussions-de-el-brexit-a-la-facturacio-de-la-nostra-empresa\/\"},\"wordCount\":511,\"commentCount\":0,\"publisher\":{\"@id\":\"https:\/\/www.ariasassessors.com\/#organization\"},\"image\":{\"@id\":\"https:\/\/www.ariasassessors.com\/ca\/repercussions-de-el-brexit-a-la-facturacio-de-la-nostra-empresa\/#primaryimage\"},\"thumbnailUrl\":\"https:\/\/www.ariasassessors.com\/wp-content\/uploads\/2020\/02\/brexit-facturaci\u00f3n.jpg\",\"keywords\":[\"aut\u00f2noms\",\"brexit\",\"Empreses\",\"facturaci\u00f3\",\"impostos\"],\"articleSection\":[\"noticies\"],\"inLanguage\":\"ca\",\"potentialAction\":[{\"@type\":\"CommentAction\",\"name\":\"Comment\",\"target\":[\"https:\/\/www.ariasassessors.com\/ca\/repercussions-de-el-brexit-a-la-facturacio-de-la-nostra-empresa\/#respond\"]}]},{\"@type\":\"WebPage\",\"@id\":\"https:\/\/www.ariasassessors.com\/ca\/repercussions-de-el-brexit-a-la-facturacio-de-la-nostra-empresa\/\",\"url\":\"https:\/\/www.ariasassessors.com\/ca\/repercussions-de-el-brexit-a-la-facturacio-de-la-nostra-empresa\/\",\"name\":\"Repercusions del BREXIT en la facturaci\u00f3 de la nostra empresa | Arias Assessors\",\"isPartOf\":{\"@id\":\"https:\/\/www.ariasassessors.com\/#website\"},\"primaryImageOfPage\":{\"@id\":\"https:\/\/www.ariasassessors.com\/ca\/repercussions-de-el-brexit-a-la-facturacio-de-la-nostra-empresa\/#primaryimage\"},\"image\":{\"@id\":\"https:\/\/www.ariasassessors.com\/ca\/repercussions-de-el-brexit-a-la-facturacio-de-la-nostra-empresa\/#primaryimage\"},\"thumbnailUrl\":\"https:\/\/www.ariasassessors.com\/wp-content\/uploads\/2020\/02\/brexit-facturaci\u00f3n.jpg\",\"datePublished\":\"2020-02-13T10:46:43+00:00\",\"dateModified\":\"2020-02-13T10:51:39+00:00\",\"description\":\"El Brexit afectar\u00e0 la facturaci\u00f3 per aut\u00f2noms i empreses en relacions comercials amb el Regne Unit. S'obre ara un per\u00edode de negociaci\u00f3.\",\"breadcrumb\":{\"@id\":\"https:\/\/www.ariasassessors.com\/ca\/repercussions-de-el-brexit-a-la-facturacio-de-la-nostra-empresa\/#breadcrumb\"},\"inLanguage\":\"ca\",\"potentialAction\":[{\"@type\":\"ReadAction\",\"target\":[\"https:\/\/www.ariasassessors.com\/ca\/repercussions-de-el-brexit-a-la-facturacio-de-la-nostra-empresa\/\"]}]},{\"@type\":\"ImageObject\",\"inLanguage\":\"ca\",\"@id\":\"https:\/\/www.ariasassessors.com\/ca\/repercussions-de-el-brexit-a-la-facturacio-de-la-nostra-empresa\/#primaryimage\",\"url\":\"https:\/\/www.ariasassessors.com\/wp-content\/uploads\/2020\/02\/brexit-facturaci\u00f3n.jpg\",\"contentUrl\":\"https:\/\/www.ariasassessors.com\/wp-content\/uploads\/2020\/02\/brexit-facturaci\u00f3n.jpg\",\"width\":960,\"height\":640,\"caption\":\"facturaci\u00f3n brexit\"},{\"@type\":\"BreadcrumbList\",\"@id\":\"https:\/\/www.ariasassessors.com\/ca\/repercussions-de-el-brexit-a-la-facturacio-de-la-nostra-empresa\/#breadcrumb\",\"itemListElement\":[{\"@type\":\"ListItem\",\"position\":1,\"name\":\"Portada\",\"item\":\"https:\/\/www.ariasassessors.com\/ca\/\"},{\"@type\":\"ListItem\",\"position\":2,\"name\":\"Repercusions del BREXIT en la facturaci\u00f3 de la nostra empresa\"}]},{\"@type\":\"WebSite\",\"@id\":\"https:\/\/www.ariasassessors.com\/#website\",\"url\":\"https:\/\/www.ariasassessors.com\/\",\"name\":\"Arias Assessors\",\"description\":\"Asesor\u00eda para aut\u00f3nomos, profesionales y PYMES\",\"publisher\":{\"@id\":\"https:\/\/www.ariasassessors.com\/#organization\"},\"potentialAction\":[{\"@type\":\"SearchAction\",\"target\":{\"@type\":\"EntryPoint\",\"urlTemplate\":\"https:\/\/www.ariasassessors.com\/?s={search_term_string}\"},\"query-input\":{\"@type\":\"PropertyValueSpecification\",\"valueRequired\":true,\"valueName\":\"search_term_string\"}}],\"inLanguage\":\"ca\"},{\"@type\":\"Organization\",\"@id\":\"https:\/\/www.ariasassessors.com\/#organization\",\"name\":\"Arias Assessors\",\"url\":\"https:\/\/www.ariasassessors.com\/\",\"logo\":{\"@type\":\"ImageObject\",\"inLanguage\":\"ca\",\"@id\":\"https:\/\/www.ariasassessors.com\/#\/schema\/logo\/image\/\",\"url\":\"https:\/\/www.ariasassessors.com\/wp-content\/uploads\/2019\/01\/arias-logo.png\",\"contentUrl\":\"https:\/\/www.ariasassessors.com\/wp-content\/uploads\/2019\/01\/arias-logo.png\",\"width\":349,\"height\":254,\"caption\":\"Arias Assessors\"},\"image\":{\"@id\":\"https:\/\/www.ariasassessors.com\/#\/schema\/logo\/image\/\"},\"sameAs\":[\"https:\/\/www.facebook.com\/ariasassessors\/\",\"https:\/\/x.com\/ariasassessors\",\"https:\/\/www.linkedin.com\/company\/r&amp;amp;r-growing-knowledge\/\"]},{\"@type\":\"Person\",\"@id\":\"https:\/\/www.ariasassessors.com\/#\/schema\/person\/63c6ad1775f0a9413c37932562673cef\",\"name\":\"btorras\",\"image\":{\"@type\":\"ImageObject\",\"inLanguage\":\"ca\",\"@id\":\"https:\/\/www.ariasassessors.com\/#\/schema\/person\/image\/\",\"url\":\"https:\/\/secure.gravatar.com\/avatar\/0531db351fc361fdbfd204c58fa2d6a3?s=96&d=mm&r=g\",\"contentUrl\":\"https:\/\/secure.gravatar.com\/avatar\/0531db351fc361fdbfd204c58fa2d6a3?s=96&d=mm&r=g\",\"caption\":\"btorras\"}}]}<\/script>\n<!-- \/ Yoast SEO plugin. -->","yoast_head_json":{"title":"Repercusions del BREXIT en la facturaci\u00f3 de la nostra empresa | Arias Assessors","description":"El Brexit afectar\u00e0 la facturaci\u00f3 per aut\u00f2noms i empreses en relacions comercials amb el Regne Unit. S'obre ara un per\u00edode de negociaci\u00f3.","robots":{"index":"index","follow":"follow","max-snippet":"max-snippet:-1","max-image-preview":"max-image-preview:large","max-video-preview":"max-video-preview:-1"},"canonical":"https:\/\/www.ariasassessors.com\/ca\/repercussions-de-el-brexit-a-la-facturacio-de-la-nostra-empresa\/","og_locale":"ca_ES","og_type":"article","og_title":"Repercusions del BREXIT en la facturaci\u00f3 de la nostra empresa | Arias Assessors","og_description":"El Brexit afectar\u00e0 la facturaci\u00f3 per aut\u00f2noms i empreses en relacions comercials amb el Regne Unit. S'obre ara un per\u00edode de negociaci\u00f3.","og_url":"https:\/\/www.ariasassessors.com\/ca\/repercussions-de-el-brexit-a-la-facturacio-de-la-nostra-empresa\/","og_site_name":"Arias Assessors","article_publisher":"https:\/\/www.facebook.com\/ariasassessors\/","article_published_time":"2020-02-13T10:46:43+00:00","article_modified_time":"2020-02-13T10:51:39+00:00","og_image":[{"width":960,"height":640,"url":"https:\/\/www.ariasassessors.com\/wp-content\/uploads\/2020\/02\/brexit-facturaci\u00f3n.jpg","type":"image\/jpeg"}],"author":"btorras","twitter_card":"summary_large_image","twitter_creator":"@ariasassessors","twitter_site":"@ariasassessors","twitter_misc":{"Escrit per":"btorras","Temps estimat de lectura":"3 minuts"},"schema":{"@context":"https:\/\/schema.org","@graph":[{"@type":"Article","@id":"https:\/\/www.ariasassessors.com\/ca\/repercussions-de-el-brexit-a-la-facturacio-de-la-nostra-empresa\/#article","isPartOf":{"@id":"https:\/\/www.ariasassessors.com\/ca\/repercussions-de-el-brexit-a-la-facturacio-de-la-nostra-empresa\/"},"author":{"name":"btorras","@id":"https:\/\/www.ariasassessors.com\/#\/schema\/person\/63c6ad1775f0a9413c37932562673cef"},"headline":"Repercusions del BREXIT en la facturaci\u00f3 de la nostra empresa","datePublished":"2020-02-13T10:46:43+00:00","dateModified":"2020-02-13T10:51:39+00:00","mainEntityOfPage":{"@id":"https:\/\/www.ariasassessors.com\/ca\/repercussions-de-el-brexit-a-la-facturacio-de-la-nostra-empresa\/"},"wordCount":511,"commentCount":0,"publisher":{"@id":"https:\/\/www.ariasassessors.com\/#organization"},"image":{"@id":"https:\/\/www.ariasassessors.com\/ca\/repercussions-de-el-brexit-a-la-facturacio-de-la-nostra-empresa\/#primaryimage"},"thumbnailUrl":"https:\/\/www.ariasassessors.com\/wp-content\/uploads\/2020\/02\/brexit-facturaci\u00f3n.jpg","keywords":["aut\u00f2noms","brexit","Empreses","facturaci\u00f3","impostos"],"articleSection":["noticies"],"inLanguage":"ca","potentialAction":[{"@type":"CommentAction","name":"Comment","target":["https:\/\/www.ariasassessors.com\/ca\/repercussions-de-el-brexit-a-la-facturacio-de-la-nostra-empresa\/#respond"]}]},{"@type":"WebPage","@id":"https:\/\/www.ariasassessors.com\/ca\/repercussions-de-el-brexit-a-la-facturacio-de-la-nostra-empresa\/","url":"https:\/\/www.ariasassessors.com\/ca\/repercussions-de-el-brexit-a-la-facturacio-de-la-nostra-empresa\/","name":"Repercusions del BREXIT en la facturaci\u00f3 de la nostra empresa | Arias Assessors","isPartOf":{"@id":"https:\/\/www.ariasassessors.com\/#website"},"primaryImageOfPage":{"@id":"https:\/\/www.ariasassessors.com\/ca\/repercussions-de-el-brexit-a-la-facturacio-de-la-nostra-empresa\/#primaryimage"},"image":{"@id":"https:\/\/www.ariasassessors.com\/ca\/repercussions-de-el-brexit-a-la-facturacio-de-la-nostra-empresa\/#primaryimage"},"thumbnailUrl":"https:\/\/www.ariasassessors.com\/wp-content\/uploads\/2020\/02\/brexit-facturaci\u00f3n.jpg","datePublished":"2020-02-13T10:46:43+00:00","dateModified":"2020-02-13T10:51:39+00:00","description":"El Brexit afectar\u00e0 la facturaci\u00f3 per aut\u00f2noms i empreses en relacions comercials amb el Regne Unit. S'obre ara un per\u00edode de negociaci\u00f3.","breadcrumb":{"@id":"https:\/\/www.ariasassessors.com\/ca\/repercussions-de-el-brexit-a-la-facturacio-de-la-nostra-empresa\/#breadcrumb"},"inLanguage":"ca","potentialAction":[{"@type":"ReadAction","target":["https:\/\/www.ariasassessors.com\/ca\/repercussions-de-el-brexit-a-la-facturacio-de-la-nostra-empresa\/"]}]},{"@type":"ImageObject","inLanguage":"ca","@id":"https:\/\/www.ariasassessors.com\/ca\/repercussions-de-el-brexit-a-la-facturacio-de-la-nostra-empresa\/#primaryimage","url":"https:\/\/www.ariasassessors.com\/wp-content\/uploads\/2020\/02\/brexit-facturaci\u00f3n.jpg","contentUrl":"https:\/\/www.ariasassessors.com\/wp-content\/uploads\/2020\/02\/brexit-facturaci\u00f3n.jpg","width":960,"height":640,"caption":"facturaci\u00f3n brexit"},{"@type":"BreadcrumbList","@id":"https:\/\/www.ariasassessors.com\/ca\/repercussions-de-el-brexit-a-la-facturacio-de-la-nostra-empresa\/#breadcrumb","itemListElement":[{"@type":"ListItem","position":1,"name":"Portada","item":"https:\/\/www.ariasassessors.com\/ca\/"},{"@type":"ListItem","position":2,"name":"Repercusions del BREXIT en la facturaci\u00f3 de la nostra empresa"}]},{"@type":"WebSite","@id":"https:\/\/www.ariasassessors.com\/#website","url":"https:\/\/www.ariasassessors.com\/","name":"Arias Assessors","description":"Asesor\u00eda para aut\u00f3nomos, profesionales y PYMES","publisher":{"@id":"https:\/\/www.ariasassessors.com\/#organization"},"potentialAction":[{"@type":"SearchAction","target":{"@type":"EntryPoint","urlTemplate":"https:\/\/www.ariasassessors.com\/?s={search_term_string}"},"query-input":{"@type":"PropertyValueSpecification","valueRequired":true,"valueName":"search_term_string"}}],"inLanguage":"ca"},{"@type":"Organization","@id":"https:\/\/www.ariasassessors.com\/#organization","name":"Arias Assessors","url":"https:\/\/www.ariasassessors.com\/","logo":{"@type":"ImageObject","inLanguage":"ca","@id":"https:\/\/www.ariasassessors.com\/#\/schema\/logo\/image\/","url":"https:\/\/www.ariasassessors.com\/wp-content\/uploads\/2019\/01\/arias-logo.png","contentUrl":"https:\/\/www.ariasassessors.com\/wp-content\/uploads\/2019\/01\/arias-logo.png","width":349,"height":254,"caption":"Arias Assessors"},"image":{"@id":"https:\/\/www.ariasassessors.com\/#\/schema\/logo\/image\/"},"sameAs":["https:\/\/www.facebook.com\/ariasassessors\/","https:\/\/x.com\/ariasassessors","https:\/\/www.linkedin.com\/company\/r&amp;amp;r-growing-knowledge\/"]},{"@type":"Person","@id":"https:\/\/www.ariasassessors.com\/#\/schema\/person\/63c6ad1775f0a9413c37932562673cef","name":"btorras","image":{"@type":"ImageObject","inLanguage":"ca","@id":"https:\/\/www.ariasassessors.com\/#\/schema\/person\/image\/","url":"https:\/\/secure.gravatar.com\/avatar\/0531db351fc361fdbfd204c58fa2d6a3?s=96&d=mm&r=g","contentUrl":"https:\/\/secure.gravatar.com\/avatar\/0531db351fc361fdbfd204c58fa2d6a3?s=96&d=mm&r=g","caption":"btorras"}}]}},"_links":{"self":[{"href":"https:\/\/www.ariasassessors.com\/ca\/wp-json\/wp\/v2\/posts\/899","targetHints":{"allow":["GET"]}}],"collection":[{"href":"https:\/\/www.ariasassessors.com\/ca\/wp-json\/wp\/v2\/posts"}],"about":[{"href":"https:\/\/www.ariasassessors.com\/ca\/wp-json\/wp\/v2\/types\/post"}],"author":[{"embeddable":true,"href":"https:\/\/www.ariasassessors.com\/ca\/wp-json\/wp\/v2\/users\/2"}],"replies":[{"embeddable":true,"href":"https:\/\/www.ariasassessors.com\/ca\/wp-json\/wp\/v2\/comments?post=899"}],"version-history":[{"count":2,"href":"https:\/\/www.ariasassessors.com\/ca\/wp-json\/wp\/v2\/posts\/899\/revisions"}],"predecessor-version":[{"id":902,"href":"https:\/\/www.ariasassessors.com\/ca\/wp-json\/wp\/v2\/posts\/899\/revisions\/902"}],"wp:featuredmedia":[{"embeddable":true,"href":"https:\/\/www.ariasassessors.com\/ca\/wp-json\/wp\/v2\/media\/884"}],"wp:attachment":[{"href":"https:\/\/www.ariasassessors.com\/ca\/wp-json\/wp\/v2\/media?parent=899"}],"wp:term":[{"taxonomy":"category","embeddable":true,"href":"https:\/\/www.ariasassessors.com\/ca\/wp-json\/wp\/v2\/categories?post=899"},{"taxonomy":"post_tag","embeddable":true,"href":"https:\/\/www.ariasassessors.com\/ca\/wp-json\/wp\/v2\/tags?post=899"}],"curies":[{"name":"wp","href":"https:\/\/api.w.org\/{rel}","templated":true}]}}