{"id":904,"date":"2020-02-20T13:21:35","date_gmt":"2020-02-20T12:21:35","guid":{"rendered":"https:\/\/www.ariasassessors.com\/?p=904"},"modified":"2020-03-06T10:43:16","modified_gmt":"2020-03-06T09:43:16","slug":"dret-de-tarifa-plana-per-a-autonoms","status":"publish","type":"post","link":"https:\/\/www.ariasassessors.com\/ca\/dret-de-tarifa-plana-per-a-autonoms\/","title":{"rendered":"Dret de tarifa plana per a aut\u00f2noms societaris"},"content":{"rendered":"<h2>El Tribunal Suprem reconeix als aut\u00f2noms societaris el dret a la tarifa plana de 60 euros a l&#8217;mes<\/h2>\n<p>El Tribunal Suprem declara el dret d&#8217;una treballadora aut\u00f2noma a l&#8217;aplicaci\u00f3 de de la Tarifa Plana de 60 euros per alta. Amb la conseg\u00fcent obligaci\u00f3 de la Tresoreria General de la Seguretat Social reconeix reintegrar a la recurrent aut\u00f2noma les difer\u00e8ncies de cotitzacions realitzades (art. 31.1 LETA).<\/p>\n<p>D&#8217;aquesta manera, no nom\u00e9s es reconeix als aut\u00f2noms societaris els mateixos drets i igualtat de condicions que els aut\u00f2noms persona f\u00edsica per accedir a la tarifa plana. Es possibilita sol\u00b7licitar devolucions de quotes abonades en exc\u00e9s si la Tresoreria General de la Seguretat Social hagu\u00e9s negat en el seu moment l&#8217;acc\u00e9s a la bonificaci\u00f3 a aquest col\u00b7lectiu.<\/p>\n<p>No obstant aix\u00f2, el termini per a sol\u00b7licitar una <a href=\"https:\/\/www.iberley.es\/temas\/devolucion-ingresos-indebidos-materia-seguridad-social-3741\">possible devoluci\u00f3 de la quota d&#8217;aut\u00f2nom societari<\/a>, prescriur\u00e0 als quatre anys des del primer pagament.<\/p>\n<p>L&#8217;acc\u00e9s a la \u00ab<a href=\"https:\/\/www.iberley.es\/temas\/tarifa-plana-nuevos-trabajadores-autonomos-alta-reta-2801\">Tarifa plana 60 euros<\/a>\u00bb per als aut\u00f2noms societaris no es troba regulada legalment. Fins al moment, el criteri restrictiu utilitzat per l&#8217;entitat gestora cap a aquest col\u00b7lectiu implicava la seva exclusi\u00f3 de les bonificacions per a alta en el RETA.<\/p>\n<p>Recents sent\u00e8ncies dels Tribunals de Just\u00edcia havien vingut establint el dret d&#8217;empreses de nova creaci\u00f3 a gaudir d&#8217;aquestes bonificacions.<\/p>\n<p>Seguint la decisi\u00f3 d&#8217;altres procediments que han anat resolent els tribunals de just\u00edcia regionals, per al Tribunal Suprem pesa m\u00e9s la redacci\u00f3 de l&#8217;precepte analitzat. En aquest cas no es limita l&#8217;aplicaci\u00f3 del benefici per a aut\u00f2noms.<\/p>\n<p>La decisi\u00f3 de la Sala del Contenci\u00f3s exposa concretament:<\/p>\n<p>&#8220;Declarem el dret de la recurrent a l&#8217;aplicaci\u00f3 dels beneficis previstos per l&#8217;article <a href=\"https:\/\/www.iberley.es\/legislacion\/estatuto-trabajo-autonomo-ley-20-2007-11-jul-4695550?ancla=9202831#ancla_9202831\">31.1<\/a> de la <a href=\"https:\/\/www.iberley.es\/legislacion\/estatuto-trabajo-autonomo-ley-20-2007-11-jul-4695550\">Llei 20\/2007, de 11 de juliol<\/a>, amb la conseg\u00fcent obligaci\u00f3 de la Tresoreria General de la Seguretat Social de reintegrar a la recurrent les difer\u00e8ncies de cotitzaci\u00f3 conseg\u00fcents. &#8221;<\/p>\n<p>Si ets treballador aut\u00f2nom, freelance o professional independent, en Arias Assessors podem ajudar-te, contacta&#8217;ns <a href=\"https:\/\/www.ariasassessors.com\/ca\/autonoms-i-professionals\/\">aqu\u00ed<\/a>.<\/p>\n","protected":false},"excerpt":{"rendered":"<p>El Tribunal Suprem reconeix als aut\u00f2noms societaris el dret a la tarifa plana de 60 euros a l&#8217;mes El Tribunal Suprem declara el dret d&#8217;una treballadora aut\u00f2noma a l&#8217;aplicaci\u00f3 de de la Tarifa Plana de 60 euros per alta. Amb la conseg\u00fcent obligaci\u00f3 de la&#8230;<\/p>\n","protected":false},"author":2,"featured_media":896,"comment_status":"open","ping_status":"open","sticky":false,"template":"","format":"standard","meta":{"footnotes":""},"categories":[4],"tags":[358,225,302,359,360],"class_list":["post-904","post","type-post","status-publish","format-standard","has-post-thumbnail","hentry","category-noticies","tag-alta-autonoms","tag-autonomos-ca","tag-impostos","tag-tribunal-suprem","tag-tributs"],"yoast_head":"<!-- This site is optimized with the Yoast SEO plugin v24.3 - https:\/\/yoast.com\/wordpress\/plugins\/seo\/ -->\n<title>Dret de tarifa plana per a aut\u00f2noms societaris | Arias Assessors<\/title>\n<meta name=\"description\" content=\"El Tribunal Suprem reconeix als aut\u00f2noms societaris el dret a la tarifa plana de 60 euros a l&#039;mes per l&#039;alta d&#039;aut\u00f2noms.\" \/>\n<meta name=\"robots\" content=\"index, follow, max-snippet:-1, max-image-preview:large, max-video-preview:-1\" \/>\n<link rel=\"canonical\" href=\"https:\/\/www.ariasassessors.com\/ca\/dret-de-tarifa-plana-per-a-autonoms\/\" \/>\n<meta property=\"og:locale\" content=\"ca_ES\" \/>\n<meta property=\"og:type\" content=\"article\" \/>\n<meta property=\"og:title\" content=\"Dret de tarifa plana per a aut\u00f2noms societaris | Arias Assessors\" \/>\n<meta property=\"og:description\" content=\"El Tribunal Suprem reconeix als aut\u00f2noms societaris el dret a la tarifa plana de 60 euros a l&#039;mes per l&#039;alta d&#039;aut\u00f2noms.\" \/>\n<meta property=\"og:url\" content=\"https:\/\/www.ariasassessors.com\/ca\/dret-de-tarifa-plana-per-a-autonoms\/\" \/>\n<meta property=\"og:site_name\" content=\"Arias Assessors\" \/>\n<meta property=\"article:publisher\" content=\"https:\/\/www.facebook.com\/ariasassessors\/\" \/>\n<meta property=\"article:published_time\" content=\"2020-02-20T12:21:35+00:00\" \/>\n<meta property=\"article:modified_time\" content=\"2020-03-06T09:43:16+00:00\" \/>\n<meta property=\"og:image\" content=\"https:\/\/www.ariasassessors.com\/wp-content\/uploads\/2020\/02\/freelance-man-working-on-his-laptop.jpg\" \/>\n\t<meta property=\"og:image:width\" content=\"800\" \/>\n\t<meta property=\"og:image:height\" content=\"533\" \/>\n\t<meta property=\"og:image:type\" content=\"image\/jpeg\" \/>\n<meta name=\"author\" content=\"btorras\" \/>\n<meta name=\"twitter:card\" content=\"summary_large_image\" \/>\n<meta name=\"twitter:creator\" content=\"@ariasassessors\" \/>\n<meta name=\"twitter:site\" content=\"@ariasassessors\" \/>\n<meta name=\"twitter:label1\" content=\"Escrit per\" \/>\n\t<meta name=\"twitter:data1\" content=\"btorras\" \/>\n\t<meta name=\"twitter:label2\" content=\"Temps estimat de lectura\" \/>\n\t<meta name=\"twitter:data2\" content=\"2 minuts\" \/>\n<script type=\"application\/ld+json\" class=\"yoast-schema-graph\">{\"@context\":\"https:\/\/schema.org\",\"@graph\":[{\"@type\":\"Article\",\"@id\":\"https:\/\/www.ariasassessors.com\/ca\/dret-de-tarifa-plana-per-a-autonoms\/#article\",\"isPartOf\":{\"@id\":\"https:\/\/www.ariasassessors.com\/ca\/dret-de-tarifa-plana-per-a-autonoms\/\"},\"author\":{\"name\":\"btorras\",\"@id\":\"https:\/\/www.ariasassessors.com\/#\/schema\/person\/63c6ad1775f0a9413c37932562673cef\"},\"headline\":\"Dret de tarifa plana per a aut\u00f2noms societaris\",\"datePublished\":\"2020-02-20T12:21:35+00:00\",\"dateModified\":\"2020-03-06T09:43:16+00:00\",\"mainEntityOfPage\":{\"@id\":\"https:\/\/www.ariasassessors.com\/ca\/dret-de-tarifa-plana-per-a-autonoms\/\"},\"wordCount\":344,\"commentCount\":0,\"publisher\":{\"@id\":\"https:\/\/www.ariasassessors.com\/#organization\"},\"image\":{\"@id\":\"https:\/\/www.ariasassessors.com\/ca\/dret-de-tarifa-plana-per-a-autonoms\/#primaryimage\"},\"thumbnailUrl\":\"https:\/\/www.ariasassessors.com\/wp-content\/uploads\/2020\/02\/freelance-man-working-on-his-laptop.jpg\",\"keywords\":[\"alta aut\u00f2noms\",\"aut\u00f2noms\",\"impostos\",\"tribunal suprem\",\"tributs\"],\"articleSection\":[\"noticies\"],\"inLanguage\":\"ca\",\"potentialAction\":[{\"@type\":\"CommentAction\",\"name\":\"Comment\",\"target\":[\"https:\/\/www.ariasassessors.com\/ca\/dret-de-tarifa-plana-per-a-autonoms\/#respond\"]}]},{\"@type\":\"WebPage\",\"@id\":\"https:\/\/www.ariasassessors.com\/ca\/dret-de-tarifa-plana-per-a-autonoms\/\",\"url\":\"https:\/\/www.ariasassessors.com\/ca\/dret-de-tarifa-plana-per-a-autonoms\/\",\"name\":\"Dret de tarifa plana per a aut\u00f2noms societaris | Arias Assessors\",\"isPartOf\":{\"@id\":\"https:\/\/www.ariasassessors.com\/#website\"},\"primaryImageOfPage\":{\"@id\":\"https:\/\/www.ariasassessors.com\/ca\/dret-de-tarifa-plana-per-a-autonoms\/#primaryimage\"},\"image\":{\"@id\":\"https:\/\/www.ariasassessors.com\/ca\/dret-de-tarifa-plana-per-a-autonoms\/#primaryimage\"},\"thumbnailUrl\":\"https:\/\/www.ariasassessors.com\/wp-content\/uploads\/2020\/02\/freelance-man-working-on-his-laptop.jpg\",\"datePublished\":\"2020-02-20T12:21:35+00:00\",\"dateModified\":\"2020-03-06T09:43:16+00:00\",\"description\":\"El Tribunal Suprem reconeix als aut\u00f2noms societaris el dret a la tarifa plana de 60 euros a l'mes per l'alta d'aut\u00f2noms.\",\"breadcrumb\":{\"@id\":\"https:\/\/www.ariasassessors.com\/ca\/dret-de-tarifa-plana-per-a-autonoms\/#breadcrumb\"},\"inLanguage\":\"ca\",\"potentialAction\":[{\"@type\":\"ReadAction\",\"target\":[\"https:\/\/www.ariasassessors.com\/ca\/dret-de-tarifa-plana-per-a-autonoms\/\"]}]},{\"@type\":\"ImageObject\",\"inLanguage\":\"ca\",\"@id\":\"https:\/\/www.ariasassessors.com\/ca\/dret-de-tarifa-plana-per-a-autonoms\/#primaryimage\",\"url\":\"https:\/\/www.ariasassessors.com\/wp-content\/uploads\/2020\/02\/freelance-man-working-on-his-laptop.jpg\",\"contentUrl\":\"https:\/\/www.ariasassessors.com\/wp-content\/uploads\/2020\/02\/freelance-man-working-on-his-laptop.jpg\",\"width\":800,\"height\":533,\"caption\":\"AUT\u00d2NOMS\"},{\"@type\":\"BreadcrumbList\",\"@id\":\"https:\/\/www.ariasassessors.com\/ca\/dret-de-tarifa-plana-per-a-autonoms\/#breadcrumb\",\"itemListElement\":[{\"@type\":\"ListItem\",\"position\":1,\"name\":\"Portada\",\"item\":\"https:\/\/www.ariasassessors.com\/ca\/\"},{\"@type\":\"ListItem\",\"position\":2,\"name\":\"Dret de tarifa plana per a aut\u00f2noms societaris\"}]},{\"@type\":\"WebSite\",\"@id\":\"https:\/\/www.ariasassessors.com\/#website\",\"url\":\"https:\/\/www.ariasassessors.com\/\",\"name\":\"Arias Assessors\",\"description\":\"Asesor\u00eda para aut\u00f3nomos, profesionales y PYMES\",\"publisher\":{\"@id\":\"https:\/\/www.ariasassessors.com\/#organization\"},\"potentialAction\":[{\"@type\":\"SearchAction\",\"target\":{\"@type\":\"EntryPoint\",\"urlTemplate\":\"https:\/\/www.ariasassessors.com\/?s={search_term_string}\"},\"query-input\":{\"@type\":\"PropertyValueSpecification\",\"valueRequired\":true,\"valueName\":\"search_term_string\"}}],\"inLanguage\":\"ca\"},{\"@type\":\"Organization\",\"@id\":\"https:\/\/www.ariasassessors.com\/#organization\",\"name\":\"Arias Assessors\",\"url\":\"https:\/\/www.ariasassessors.com\/\",\"logo\":{\"@type\":\"ImageObject\",\"inLanguage\":\"ca\",\"@id\":\"https:\/\/www.ariasassessors.com\/#\/schema\/logo\/image\/\",\"url\":\"https:\/\/www.ariasassessors.com\/wp-content\/uploads\/2019\/01\/arias-logo.png\",\"contentUrl\":\"https:\/\/www.ariasassessors.com\/wp-content\/uploads\/2019\/01\/arias-logo.png\",\"width\":349,\"height\":254,\"caption\":\"Arias Assessors\"},\"image\":{\"@id\":\"https:\/\/www.ariasassessors.com\/#\/schema\/logo\/image\/\"},\"sameAs\":[\"https:\/\/www.facebook.com\/ariasassessors\/\",\"https:\/\/x.com\/ariasassessors\",\"https:\/\/www.linkedin.com\/company\/r&amp;amp;r-growing-knowledge\/\"]},{\"@type\":\"Person\",\"@id\":\"https:\/\/www.ariasassessors.com\/#\/schema\/person\/63c6ad1775f0a9413c37932562673cef\",\"name\":\"btorras\",\"image\":{\"@type\":\"ImageObject\",\"inLanguage\":\"ca\",\"@id\":\"https:\/\/www.ariasassessors.com\/#\/schema\/person\/image\/\",\"url\":\"https:\/\/secure.gravatar.com\/avatar\/0531db351fc361fdbfd204c58fa2d6a3?s=96&d=mm&r=g\",\"contentUrl\":\"https:\/\/secure.gravatar.com\/avatar\/0531db351fc361fdbfd204c58fa2d6a3?s=96&d=mm&r=g\",\"caption\":\"btorras\"}}]}<\/script>\n<!-- \/ Yoast SEO plugin. -->","yoast_head_json":{"title":"Dret de tarifa plana per a aut\u00f2noms societaris | Arias Assessors","description":"El Tribunal Suprem reconeix als aut\u00f2noms societaris el dret a la tarifa plana de 60 euros a l'mes per l'alta d'aut\u00f2noms.","robots":{"index":"index","follow":"follow","max-snippet":"max-snippet:-1","max-image-preview":"max-image-preview:large","max-video-preview":"max-video-preview:-1"},"canonical":"https:\/\/www.ariasassessors.com\/ca\/dret-de-tarifa-plana-per-a-autonoms\/","og_locale":"ca_ES","og_type":"article","og_title":"Dret de tarifa plana per a aut\u00f2noms societaris | Arias Assessors","og_description":"El Tribunal Suprem reconeix als aut\u00f2noms societaris el dret a la tarifa plana de 60 euros a l'mes per l'alta d'aut\u00f2noms.","og_url":"https:\/\/www.ariasassessors.com\/ca\/dret-de-tarifa-plana-per-a-autonoms\/","og_site_name":"Arias Assessors","article_publisher":"https:\/\/www.facebook.com\/ariasassessors\/","article_published_time":"2020-02-20T12:21:35+00:00","article_modified_time":"2020-03-06T09:43:16+00:00","og_image":[{"width":800,"height":533,"url":"https:\/\/www.ariasassessors.com\/wp-content\/uploads\/2020\/02\/freelance-man-working-on-his-laptop.jpg","type":"image\/jpeg"}],"author":"btorras","twitter_card":"summary_large_image","twitter_creator":"@ariasassessors","twitter_site":"@ariasassessors","twitter_misc":{"Escrit per":"btorras","Temps estimat de lectura":"2 minuts"},"schema":{"@context":"https:\/\/schema.org","@graph":[{"@type":"Article","@id":"https:\/\/www.ariasassessors.com\/ca\/dret-de-tarifa-plana-per-a-autonoms\/#article","isPartOf":{"@id":"https:\/\/www.ariasassessors.com\/ca\/dret-de-tarifa-plana-per-a-autonoms\/"},"author":{"name":"btorras","@id":"https:\/\/www.ariasassessors.com\/#\/schema\/person\/63c6ad1775f0a9413c37932562673cef"},"headline":"Dret de tarifa plana per a aut\u00f2noms societaris","datePublished":"2020-02-20T12:21:35+00:00","dateModified":"2020-03-06T09:43:16+00:00","mainEntityOfPage":{"@id":"https:\/\/www.ariasassessors.com\/ca\/dret-de-tarifa-plana-per-a-autonoms\/"},"wordCount":344,"commentCount":0,"publisher":{"@id":"https:\/\/www.ariasassessors.com\/#organization"},"image":{"@id":"https:\/\/www.ariasassessors.com\/ca\/dret-de-tarifa-plana-per-a-autonoms\/#primaryimage"},"thumbnailUrl":"https:\/\/www.ariasassessors.com\/wp-content\/uploads\/2020\/02\/freelance-man-working-on-his-laptop.jpg","keywords":["alta aut\u00f2noms","aut\u00f2noms","impostos","tribunal suprem","tributs"],"articleSection":["noticies"],"inLanguage":"ca","potentialAction":[{"@type":"CommentAction","name":"Comment","target":["https:\/\/www.ariasassessors.com\/ca\/dret-de-tarifa-plana-per-a-autonoms\/#respond"]}]},{"@type":"WebPage","@id":"https:\/\/www.ariasassessors.com\/ca\/dret-de-tarifa-plana-per-a-autonoms\/","url":"https:\/\/www.ariasassessors.com\/ca\/dret-de-tarifa-plana-per-a-autonoms\/","name":"Dret de tarifa plana per a aut\u00f2noms societaris | Arias Assessors","isPartOf":{"@id":"https:\/\/www.ariasassessors.com\/#website"},"primaryImageOfPage":{"@id":"https:\/\/www.ariasassessors.com\/ca\/dret-de-tarifa-plana-per-a-autonoms\/#primaryimage"},"image":{"@id":"https:\/\/www.ariasassessors.com\/ca\/dret-de-tarifa-plana-per-a-autonoms\/#primaryimage"},"thumbnailUrl":"https:\/\/www.ariasassessors.com\/wp-content\/uploads\/2020\/02\/freelance-man-working-on-his-laptop.jpg","datePublished":"2020-02-20T12:21:35+00:00","dateModified":"2020-03-06T09:43:16+00:00","description":"El Tribunal Suprem reconeix als aut\u00f2noms societaris el dret a la tarifa plana de 60 euros a l'mes per l'alta d'aut\u00f2noms.","breadcrumb":{"@id":"https:\/\/www.ariasassessors.com\/ca\/dret-de-tarifa-plana-per-a-autonoms\/#breadcrumb"},"inLanguage":"ca","potentialAction":[{"@type":"ReadAction","target":["https:\/\/www.ariasassessors.com\/ca\/dret-de-tarifa-plana-per-a-autonoms\/"]}]},{"@type":"ImageObject","inLanguage":"ca","@id":"https:\/\/www.ariasassessors.com\/ca\/dret-de-tarifa-plana-per-a-autonoms\/#primaryimage","url":"https:\/\/www.ariasassessors.com\/wp-content\/uploads\/2020\/02\/freelance-man-working-on-his-laptop.jpg","contentUrl":"https:\/\/www.ariasassessors.com\/wp-content\/uploads\/2020\/02\/freelance-man-working-on-his-laptop.jpg","width":800,"height":533,"caption":"AUT\u00d2NOMS"},{"@type":"BreadcrumbList","@id":"https:\/\/www.ariasassessors.com\/ca\/dret-de-tarifa-plana-per-a-autonoms\/#breadcrumb","itemListElement":[{"@type":"ListItem","position":1,"name":"Portada","item":"https:\/\/www.ariasassessors.com\/ca\/"},{"@type":"ListItem","position":2,"name":"Dret de tarifa plana per a aut\u00f2noms societaris"}]},{"@type":"WebSite","@id":"https:\/\/www.ariasassessors.com\/#website","url":"https:\/\/www.ariasassessors.com\/","name":"Arias Assessors","description":"Asesor\u00eda para aut\u00f3nomos, profesionales y PYMES","publisher":{"@id":"https:\/\/www.ariasassessors.com\/#organization"},"potentialAction":[{"@type":"SearchAction","target":{"@type":"EntryPoint","urlTemplate":"https:\/\/www.ariasassessors.com\/?s={search_term_string}"},"query-input":{"@type":"PropertyValueSpecification","valueRequired":true,"valueName":"search_term_string"}}],"inLanguage":"ca"},{"@type":"Organization","@id":"https:\/\/www.ariasassessors.com\/#organization","name":"Arias Assessors","url":"https:\/\/www.ariasassessors.com\/","logo":{"@type":"ImageObject","inLanguage":"ca","@id":"https:\/\/www.ariasassessors.com\/#\/schema\/logo\/image\/","url":"https:\/\/www.ariasassessors.com\/wp-content\/uploads\/2019\/01\/arias-logo.png","contentUrl":"https:\/\/www.ariasassessors.com\/wp-content\/uploads\/2019\/01\/arias-logo.png","width":349,"height":254,"caption":"Arias Assessors"},"image":{"@id":"https:\/\/www.ariasassessors.com\/#\/schema\/logo\/image\/"},"sameAs":["https:\/\/www.facebook.com\/ariasassessors\/","https:\/\/x.com\/ariasassessors","https:\/\/www.linkedin.com\/company\/r&amp;amp;r-growing-knowledge\/"]},{"@type":"Person","@id":"https:\/\/www.ariasassessors.com\/#\/schema\/person\/63c6ad1775f0a9413c37932562673cef","name":"btorras","image":{"@type":"ImageObject","inLanguage":"ca","@id":"https:\/\/www.ariasassessors.com\/#\/schema\/person\/image\/","url":"https:\/\/secure.gravatar.com\/avatar\/0531db351fc361fdbfd204c58fa2d6a3?s=96&d=mm&r=g","contentUrl":"https:\/\/secure.gravatar.com\/avatar\/0531db351fc361fdbfd204c58fa2d6a3?s=96&d=mm&r=g","caption":"btorras"}}]}},"_links":{"self":[{"href":"https:\/\/www.ariasassessors.com\/ca\/wp-json\/wp\/v2\/posts\/904","targetHints":{"allow":["GET"]}}],"collection":[{"href":"https:\/\/www.ariasassessors.com\/ca\/wp-json\/wp\/v2\/posts"}],"about":[{"href":"https:\/\/www.ariasassessors.com\/ca\/wp-json\/wp\/v2\/types\/post"}],"author":[{"embeddable":true,"href":"https:\/\/www.ariasassessors.com\/ca\/wp-json\/wp\/v2\/users\/2"}],"replies":[{"embeddable":true,"href":"https:\/\/www.ariasassessors.com\/ca\/wp-json\/wp\/v2\/comments?post=904"}],"version-history":[{"count":2,"href":"https:\/\/www.ariasassessors.com\/ca\/wp-json\/wp\/v2\/posts\/904\/revisions"}],"predecessor-version":[{"id":952,"href":"https:\/\/www.ariasassessors.com\/ca\/wp-json\/wp\/v2\/posts\/904\/revisions\/952"}],"wp:featuredmedia":[{"embeddable":true,"href":"https:\/\/www.ariasassessors.com\/ca\/wp-json\/wp\/v2\/media\/896"}],"wp:attachment":[{"href":"https:\/\/www.ariasassessors.com\/ca\/wp-json\/wp\/v2\/media?parent=904"}],"wp:term":[{"taxonomy":"category","embeddable":true,"href":"https:\/\/www.ariasassessors.com\/ca\/wp-json\/wp\/v2\/categories?post=904"},{"taxonomy":"post_tag","embeddable":true,"href":"https:\/\/www.ariasassessors.com\/ca\/wp-json\/wp\/v2\/tags?post=904"}],"curies":[{"name":"wp","href":"https:\/\/api.w.org\/{rel}","templated":true}]}}