{"id":931,"date":"2020-03-03T15:00:59","date_gmt":"2020-03-03T14:00:59","guid":{"rendered":"https:\/\/www.ariasassessors.com\/?p=931"},"modified":"2020-03-03T14:45:16","modified_gmt":"2020-03-03T13:45:16","slug":"compliment-dobligacions-legals-a-la-seva-empresa","status":"publish","type":"post","link":"https:\/\/www.ariasassessors.com\/ca\/compliment-dobligacions-legals-a-la-seva-empresa\/","title":{"rendered":"Compliment d&#8217;obligacions legals a la seva empresa"},"content":{"rendered":"<p>En el seg\u00fcent article us explicarem les claus per saber si la seva empresa est\u00e0 a l&#8217;corrents de les obligacions legals amb les diferent administracions i legislaci\u00f3.<\/p>\n<p><!--more--><\/p>\n<div id=\"ez-toc-container\" class=\"ez-toc-v2_0_72 counter-hierarchy ez-toc-counter ez-toc-grey ez-toc-container-direction\">\n<div class=\"ez-toc-title-container\">\n<p class=\"ez-toc-title\" style=\"cursor:inherit\">\u00cdndice de Contenidos<\/p>\n<span class=\"ez-toc-title-toggle\"><a href=\"#\" class=\"ez-toc-pull-right ez-toc-btn ez-toc-btn-xs ez-toc-btn-default ez-toc-toggle\" aria-label=\"Toggle Table of Content\"><span class=\"ez-toc-js-icon-con\"><span class=\"\"><span class=\"eztoc-hide\" style=\"display:none;\">Toggle<\/span><span class=\"ez-toc-icon-toggle-span\"><svg style=\"fill: #428bca;color:#428bca\" xmlns=\"http:\/\/www.w3.org\/2000\/svg\" class=\"list-377408\" width=\"20px\" height=\"20px\" viewBox=\"0 0 24 24\" fill=\"none\"><path d=\"M6 6H4v2h2V6zm14 0H8v2h12V6zM4 11h2v2H4v-2zm16 0H8v2h12v-2zM4 16h2v2H4v-2zm16 0H8v2h12v-2z\" fill=\"currentColor\"><\/path><\/svg><svg style=\"fill: #428bca;color:#428bca\" class=\"arrow-unsorted-368013\" xmlns=\"http:\/\/www.w3.org\/2000\/svg\" width=\"10px\" height=\"10px\" viewBox=\"0 0 24 24\" version=\"1.2\" baseProfile=\"tiny\"><path d=\"M18.2 9.3l-6.2-6.3-6.2 6.3c-.2.2-.3.4-.3.7s.1.5.3.7c.2.2.4.3.7.3h11c.3 0 .5-.1.7-.3.2-.2.3-.5.3-.7s-.1-.5-.3-.7zM5.8 14.7l6.2 6.3 6.2-6.3c.2-.2.3-.5.3-.7s-.1-.5-.3-.7c-.2-.2-.4-.3-.7-.3h-11c-.3 0-.5.1-.7.3-.2.2-.3.5-.3.7s.1.5.3.7z\"\/><\/svg><\/span><\/span><\/span><\/a><\/span><\/div>\n<nav><ul class='ez-toc-list ez-toc-list-level-1 eztoc-toggle-hide-by-default' ><li class='ez-toc-page-1 ez-toc-heading-level-2'><a class=\"ez-toc-link ez-toc-heading-1\" href=\"https:\/\/www.ariasassessors.com\/ca\/compliment-dobligacions-legals-a-la-seva-empresa\/#Conegui_les_obligacions_legals_i_normatives_que_ha_de_complir_tenir_cobertura_de_qualsevol_responsabilitat_i_incompliment_dobligacions\" title=\"Conegui les obligacions legals i normatives que ha de complir tenir cobertura de qualsevol responsabilitat i incompliment d&#8217;obligacions:\">Conegui les obligacions legals i normatives que ha de complir tenir cobertura de qualsevol responsabilitat i incompliment d&#8217;obligacions:<\/a><ul class='ez-toc-list-level-3' ><li class='ez-toc-heading-level-3'><a class=\"ez-toc-link ez-toc-heading-2\" href=\"https:\/\/www.ariasassessors.com\/ca\/compliment-dobligacions-legals-a-la-seva-empresa\/#OBLIGACIONS_COMPTABLES\" title=\"OBLIGACIONS COMPTABLES\">OBLIGACIONS COMPTABLES<\/a><\/li><li class='ez-toc-page-1 ez-toc-heading-level-3'><a class=\"ez-toc-link ez-toc-heading-3\" href=\"https:\/\/www.ariasassessors.com\/ca\/compliment-dobligacions-legals-a-la-seva-empresa\/#OBLIGACIONS_DE_TRIBUTACIO\" title=\"OBLIGACIONS DE TRIBUTACI\u00d3\">OBLIGACIONS DE TRIBUTACI\u00d3<\/a><\/li><li class='ez-toc-page-1 ez-toc-heading-level-3'><a class=\"ez-toc-link ez-toc-heading-4\" href=\"https:\/\/www.ariasassessors.com\/ca\/compliment-dobligacions-legals-a-la-seva-empresa\/#OBLIGACIONS_DE_COTITZACIO\" title=\"OBLIGACIONS DE COTITZACI\u00d3\">OBLIGACIONS DE COTITZACI\u00d3<\/a><\/li><li class='ez-toc-page-1 ez-toc-heading-level-3'><a class=\"ez-toc-link ez-toc-heading-5\" href=\"https:\/\/www.ariasassessors.com\/ca\/compliment-dobligacions-legals-a-la-seva-empresa\/#OBLIGACIONS_ADMINISTRATIVES\" title=\"OBLIGACIONS ADMINISTRATIVES\">OBLIGACIONS ADMINISTRATIVES<\/a><\/li><li class='ez-toc-page-1 ez-toc-heading-level-3'><a class=\"ez-toc-link ez-toc-heading-6\" href=\"https:\/\/www.ariasassessors.com\/ca\/compliment-dobligacions-legals-a-la-seva-empresa\/#COBERTURA_DASSEGURANCES\" title=\"COBERTURA D&#8217;ASSEGURANCES\">COBERTURA D&#8217;ASSEGURANCES<\/a><\/li><li class='ez-toc-page-1 ez-toc-heading-level-3'><a class=\"ez-toc-link ez-toc-heading-7\" href=\"https:\/\/www.ariasassessors.com\/ca\/compliment-dobligacions-legals-a-la-seva-empresa\/#ADAPTACIO_A_LA_LLEI_DE_PROTECCIO_DE_DADES\" title=\"ADAPTACI\u00d3 A LA LLEI DE PROTECCI\u00d3 DE DADES\">ADAPTACI\u00d3 A LA LLEI DE PROTECCI\u00d3 DE DADES<\/a><\/li><li class='ez-toc-page-1 ez-toc-heading-level-3'><a class=\"ez-toc-link ez-toc-heading-8\" href=\"https:\/\/www.ariasassessors.com\/ca\/compliment-dobligacions-legals-a-la-seva-empresa\/#PREVENCIO_DE_RISCOS_LABORALS\" title=\"PREVENCI\u00d3 DE RISCOS LABORALS\">PREVENCI\u00d3 DE RISCOS LABORALS<\/a><\/li><\/ul><\/li><\/ul><\/nav><\/div>\n<h2><span class=\"ez-toc-section\" id=\"Conegui_les_obligacions_legals_i_normatives_que_ha_de_complir_tenir_cobertura_de_qualsevol_responsabilitat_i_incompliment_dobligacions\"><\/span>Conegui les obligacions legals i normatives que ha de complir tenir cobertura de qualsevol responsabilitat i incompliment d&#8217;obligacions:<span class=\"ez-toc-section-end\"><\/span><\/h2>\n<ul>\n<li>\u00c9s vost\u00e8 membre d&#8217;una societat mercantil amb activitat econ\u00f2mica?<\/li>\n<li>Est\u00e0 donat d&#8217;alta com a aut\u00f2nom o freelance professional?<\/li>\n<li>Es pregunta quines s\u00f3n les obligacions legals i normatives que ha de complir tenir cobertura de qualsevol responsabilitat i incompliment?<\/li>\n<\/ul>\n<p><img loading=\"lazy\" decoding=\"async\" class=\"alignnone wp-image-926 size-large\" src=\"https:\/\/www.ariasassessors.com\/wp-content\/uploads\/2020\/03\/obligacioneslegalesempresa-1024x682.jpg\" alt=\"obligacioneslegalesempresa\" width=\"1024\" height=\"682\" srcset=\"https:\/\/www.ariasassessors.com\/wp-content\/uploads\/2020\/03\/obligacioneslegalesempresa-1024x682.jpg 1024w, https:\/\/www.ariasassessors.com\/wp-content\/uploads\/2020\/03\/obligacioneslegalesempresa-300x200.jpg 300w, https:\/\/www.ariasassessors.com\/wp-content\/uploads\/2020\/03\/obligacioneslegalesempresa-768x511.jpg 768w, https:\/\/www.ariasassessors.com\/wp-content\/uploads\/2020\/03\/obligacioneslegalesempresa-700x466.jpg 700w, https:\/\/www.ariasassessors.com\/wp-content\/uploads\/2020\/03\/obligacioneslegalesempresa.jpg 1200w\" sizes=\"auto, (max-width: 1024px) 100vw, 1024px\" \/><\/p>\n<p>Des Arias Assessors li fem un petit resum per a la seva tranquil\u00b7litat i la del seu negoci:<\/p>\n<h3><span class=\"ez-toc-section\" id=\"OBLIGACIONS_COMPTABLES\"><\/span>OBLIGACIONS COMPTABLES<span class=\"ez-toc-section-end\"><\/span><\/h3>\n<p>Tota empresa o professional ha de portar una comptabilitat conforme a el <a href=\"https:\/\/www.boe.es\/buscar\/act.php?id=BOE-A-1885-6627\">Codi de Comer\u00e7<\/a>. Les obligacions legals dependran de l&#8217;tipus de tributaci\u00f3 i volum de facturaci\u00f3, segons la normativa vigent.<\/p>\n<p>Parlem b\u00e0sicament de:<\/p>\n<ul>\n<li>Llibre diari,<\/li>\n<li>Balan\u00e7os de situaci\u00f3<\/li>\n<li>Compte de p\u00e8rdues i guanys,<\/li>\n<li>Conciliaci\u00f3 banc\u00e0ria,<\/li>\n<li>Llibres registre d&#8217;ingressos,<\/li>\n<li>Despeses,<\/li>\n<li>B\u00e9ns d&#8217;inversi\u00f3,<\/li>\n<li>Despeses i bestretes,<\/li>\n<li>Llibre d&#8217;IVA.<\/li>\n<\/ul>\n<p>Tots ells segons cada cas i contribuent.<\/p>\n<h3><span class=\"ez-toc-section\" id=\"OBLIGACIONS_DE_TRIBUTACIO\"><\/span>OBLIGACIONS DE TRIBUTACI\u00d3<span class=\"ez-toc-section-end\"><\/span><\/h3>\n<p>Sempre en funci\u00f3 de el tipus de persona f\u00edsica o jur\u00eddica, de la facturaci\u00f3 i activitat econ\u00f2mica, s&#8217;ha de complir amb l&#8217;Ag\u00e8ncia Tribut\u00e0ria tributant pels beneficis obtinguts en l&#8217;explotaci\u00f3 de l&#8217;activitat empresarial \/ professional, b\u00e9 sigui amb el pagament d&#8217;Impost de Societats o IRPF, i el pagament d&#8217;impostos indirectes com l&#8217;IVA.<\/p>\n<h3><span class=\"ez-toc-section\" id=\"OBLIGACIONS_DE_COTITZACIO\"><\/span>OBLIGACIONS DE COTITZACI\u00d3<span class=\"ez-toc-section-end\"><\/span><\/h3>\n<p>Obligaci\u00f3 de cotitzar a la Seguretat Social (aut\u00f2noms) per exercir una activitat econ\u00f2mica, en nom propi o com a membre d&#8217;una societat (aut\u00f2noms societaris), a m\u00e9s de cotitzar pels empleats contractats per &#8220;compte d&#8217;altri&#8221; a nom de l&#8217;empresa, la qual cosa tradicionalment hem conegut com &#8220;assegurances socials&#8221;.<\/p>\n<h3><span class=\"ez-toc-section\" id=\"OBLIGACIONS_ADMINISTRATIVES\"><\/span>OBLIGACIONS ADMINISTRATIVES<span class=\"ez-toc-section-end\"><\/span><\/h3>\n<p>En funci\u00f3 de l&#8217;activitat, local on s&#8217;exerceix etc &#8230; caldr\u00e0 estar a l&#8217;corrent de la llic\u00e8ncia d&#8217;activitats amb l&#8217;entitat local pertinent, pagament de tributs municipals, etc &#8230;<\/p>\n<h3><span class=\"ez-toc-section\" id=\"COBERTURA_DASSEGURANCES\"><\/span>COBERTURA D&#8217;ASSEGURANCES<span class=\"ez-toc-section-end\"><\/span><\/h3>\n<p>\u00c9s important cobrir qualsevol eventualitat o indemnitzaci\u00f3 que hagi de suportar en l&#8217;exercici d&#8217;una activitat econ\u00f2mica, independentment que algunes d&#8217;aquestes cobertures ja siguin exigides per les empreses amb les que es relacionen.<\/p>\n<p>Asseguran\u00e7a de Responsabilitat Civil, asseguran\u00e7a d&#8217;Accidents de Conveni, asseguran\u00e7a de comer\u00e7 \/ local, assegurances de vehicles, cobertures espec\u00edfiques per a treballadors aut\u00f2noms com l&#8217;asseguran\u00e7a de vida o subsidi de baixa di\u00e0ria &#8230;<\/p>\n<h3><span class=\"ez-toc-section\" id=\"ADAPTACIO_A_LA_LLEI_DE_PROTECCIO_DE_DADES\"><\/span>ADAPTACI\u00d3 A LA LLEI DE PROTECCI\u00d3 DE DADES<span class=\"ez-toc-section-end\"><\/span><\/h3>\n<p>La confidencialitat de dades, la seguretat de la informaci\u00f3, la responsabilitat davant de tercers de les dades personals que obren en poder de l&#8217;empresa, la gesti\u00f3 d&#8217;aquests i els circuits de seguretat implementats a l&#8217;empresa &#8230; tot segons el Reglament Europeu de Protecci\u00f3 de dades a el qual s&#8217;han de regular i adaptar tota empresa o professional que exerceixi una activitat econ\u00f2mica i disposi de dades de tercers.<\/p>\n<h3><span class=\"ez-toc-section\" id=\"PREVENCIO_DE_RISCOS_LABORALS\"><\/span>PREVENCI\u00d3 DE RISCOS LABORALS<span class=\"ez-toc-section-end\"><\/span><\/h3>\n<p>Especialment rellevant i molt perseguit per la Inspecci\u00f3 de Treball de la Seguretat Social en cas de tenir treballadors contractats per compte ali\u00e8, tota empresa ha de disposar d&#8217;un pla de prevenci\u00f3 per garantir la seguretat en el treball.<\/p>\n<p>En Arias Assessors disposem d&#8217;excel\u00b7lents professionals per als diferents \u00e0mbits de cobertura legal de la seva empresa, des del nostre propi equip per a les obligacions legals, comptables, fiscals, cotitzaci\u00f3 o administratives, per\u00f2 tamb\u00e9 amb destacades col\u00b7laboracions amb empreses dels diferents sectors:<\/p>\n<ul>\n<li>ALLIANZ LLAR LIFE (assegurances)<\/li>\n<li>Adaptalia CORPORACI\u00d3 (protecci\u00f3 de dades)<\/li>\n<li>PREVINTEGRAL (prevenci\u00f3 de riscos laborals)<\/li>\n<li>ENGINYERA MASCLANS (llic\u00e8ncies d&#8217;activitat i efici\u00e8ncia energ\u00e8tica)<\/li>\n<li>i un excel\u00b7lent gabinet jur\u00eddic independent format per professionals de l&#8217;despatx de Gonz\u00e1lez &#8211; Lle\u00f3 o De Vargas Mir &amp; Lazu\u00e9n a Barcelona.<\/li>\n<\/ul>\n<p>Contacta&#8217;ns <a href=\"https:\/\/www.ariasassessors.com\/ca\/contacte\/\">aqu\u00ed<\/a>.<\/p>\n<p>&nbsp;<\/p>\n<p>&nbsp;<\/p>\n","protected":false},"excerpt":{"rendered":"<p>En el seg\u00fcent article us explicarem les claus per saber si la seva empresa est\u00e0 a l&#8217;corrents de les obligacions legals amb les diferent administracions i legislaci\u00f3.<\/p>\n","protected":false},"author":2,"featured_media":925,"comment_status":"open","ping_status":"open","sticky":false,"template":"","format":"standard","meta":{"footnotes":""},"categories":[4],"tags":[408,225,398,399,333,402],"class_list":["post-931","post","type-post","status-publish","format-standard","has-post-thumbnail","hentry","category-noticies","tag-autonomos-ca-2","tag-autonomos-ca","tag-codigo-de-comercio-ca","tag-consultoria-juridica-ca","tag-freelance-ca","tag-obligaciones-ca"],"yoast_head":"<!-- This site is optimized with the Yoast SEO plugin v24.3 - https:\/\/yoast.com\/wordpress\/plugins\/seo\/ -->\n<title>Compliment d&#039;obligacions legals a la seva empresa | Arias Assessors<\/title>\n<meta name=\"description\" content=\"Conegui les obligacions legals i normatives que ha de complir tenir cobertura de qualsevol responsabilitat i incompliment d&#039;obligacions\" \/>\n<meta name=\"robots\" content=\"index, follow, max-snippet:-1, max-image-preview:large, max-video-preview:-1\" \/>\n<link rel=\"canonical\" href=\"https:\/\/www.ariasassessors.com\/ca\/compliment-dobligacions-legals-a-la-seva-empresa\/\" \/>\n<meta property=\"og:locale\" content=\"ca_ES\" \/>\n<meta property=\"og:type\" content=\"article\" \/>\n<meta property=\"og:title\" content=\"Compliment d&#039;obligacions legals a la seva empresa | Arias Assessors\" \/>\n<meta property=\"og:description\" content=\"Conegui les obligacions legals i normatives que ha de complir tenir cobertura de qualsevol responsabilitat i incompliment d&#039;obligacions\" \/>\n<meta property=\"og:url\" content=\"https:\/\/www.ariasassessors.com\/ca\/compliment-dobligacions-legals-a-la-seva-empresa\/\" \/>\n<meta property=\"og:site_name\" content=\"Arias Assessors\" \/>\n<meta property=\"article:publisher\" content=\"https:\/\/www.facebook.com\/ariasassessors\/\" \/>\n<meta property=\"article:published_time\" content=\"2020-03-03T14:00:59+00:00\" \/>\n<meta property=\"article:modified_time\" content=\"2020-03-03T13:45:16+00:00\" \/>\n<meta property=\"og:image\" content=\"https:\/\/www.ariasassessors.com\/wp-content\/uploads\/2020\/03\/obligacioneslegales.jpg\" \/>\n\t<meta property=\"og:image:width\" content=\"728\" \/>\n\t<meta property=\"og:image:height\" content=\"485\" \/>\n\t<meta property=\"og:image:type\" content=\"image\/jpeg\" \/>\n<meta name=\"author\" content=\"btorras\" \/>\n<meta name=\"twitter:card\" content=\"summary_large_image\" \/>\n<meta name=\"twitter:creator\" content=\"@ariasassessors\" \/>\n<meta name=\"twitter:site\" content=\"@ariasassessors\" \/>\n<meta name=\"twitter:label1\" content=\"Escrit per\" \/>\n\t<meta name=\"twitter:data1\" content=\"btorras\" \/>\n\t<meta name=\"twitter:label2\" content=\"Temps estimat de lectura\" \/>\n\t<meta name=\"twitter:data2\" content=\"3 minuts\" \/>\n<script type=\"application\/ld+json\" class=\"yoast-schema-graph\">{\"@context\":\"https:\/\/schema.org\",\"@graph\":[{\"@type\":\"Article\",\"@id\":\"https:\/\/www.ariasassessors.com\/ca\/compliment-dobligacions-legals-a-la-seva-empresa\/#article\",\"isPartOf\":{\"@id\":\"https:\/\/www.ariasassessors.com\/ca\/compliment-dobligacions-legals-a-la-seva-empresa\/\"},\"author\":{\"name\":\"btorras\",\"@id\":\"https:\/\/www.ariasassessors.com\/#\/schema\/person\/63c6ad1775f0a9413c37932562673cef\"},\"headline\":\"Compliment d&#8217;obligacions legals a la seva empresa\",\"datePublished\":\"2020-03-03T14:00:59+00:00\",\"dateModified\":\"2020-03-03T13:45:16+00:00\",\"mainEntityOfPage\":{\"@id\":\"https:\/\/www.ariasassessors.com\/ca\/compliment-dobligacions-legals-a-la-seva-empresa\/\"},\"wordCount\":614,\"commentCount\":0,\"publisher\":{\"@id\":\"https:\/\/www.ariasassessors.com\/#organization\"},\"image\":{\"@id\":\"https:\/\/www.ariasassessors.com\/ca\/compliment-dobligacions-legals-a-la-seva-empresa\/#primaryimage\"},\"thumbnailUrl\":\"https:\/\/www.ariasassessors.com\/wp-content\/uploads\/2020\/03\/obligacioneslegales.jpg\",\"keywords\":[\"aut\u00f3nomos\",\"aut\u00f2noms\",\"c\u00f3digo de comercio\",\"consultor\u00eda jur\u00eddica\",\"freelance\",\"obligaciones\"],\"articleSection\":[\"noticies\"],\"inLanguage\":\"ca\",\"potentialAction\":[{\"@type\":\"CommentAction\",\"name\":\"Comment\",\"target\":[\"https:\/\/www.ariasassessors.com\/ca\/compliment-dobligacions-legals-a-la-seva-empresa\/#respond\"]}]},{\"@type\":\"WebPage\",\"@id\":\"https:\/\/www.ariasassessors.com\/ca\/compliment-dobligacions-legals-a-la-seva-empresa\/\",\"url\":\"https:\/\/www.ariasassessors.com\/ca\/compliment-dobligacions-legals-a-la-seva-empresa\/\",\"name\":\"Compliment d'obligacions legals a la seva empresa | Arias Assessors\",\"isPartOf\":{\"@id\":\"https:\/\/www.ariasassessors.com\/#website\"},\"primaryImageOfPage\":{\"@id\":\"https:\/\/www.ariasassessors.com\/ca\/compliment-dobligacions-legals-a-la-seva-empresa\/#primaryimage\"},\"image\":{\"@id\":\"https:\/\/www.ariasassessors.com\/ca\/compliment-dobligacions-legals-a-la-seva-empresa\/#primaryimage\"},\"thumbnailUrl\":\"https:\/\/www.ariasassessors.com\/wp-content\/uploads\/2020\/03\/obligacioneslegales.jpg\",\"datePublished\":\"2020-03-03T14:00:59+00:00\",\"dateModified\":\"2020-03-03T13:45:16+00:00\",\"description\":\"Conegui les obligacions legals i normatives que ha de complir tenir cobertura de qualsevol responsabilitat i incompliment d'obligacions\",\"breadcrumb\":{\"@id\":\"https:\/\/www.ariasassessors.com\/ca\/compliment-dobligacions-legals-a-la-seva-empresa\/#breadcrumb\"},\"inLanguage\":\"ca\",\"potentialAction\":[{\"@type\":\"ReadAction\",\"target\":[\"https:\/\/www.ariasassessors.com\/ca\/compliment-dobligacions-legals-a-la-seva-empresa\/\"]}]},{\"@type\":\"ImageObject\",\"inLanguage\":\"ca\",\"@id\":\"https:\/\/www.ariasassessors.com\/ca\/compliment-dobligacions-legals-a-la-seva-empresa\/#primaryimage\",\"url\":\"https:\/\/www.ariasassessors.com\/wp-content\/uploads\/2020\/03\/obligacioneslegales.jpg\",\"contentUrl\":\"https:\/\/www.ariasassessors.com\/wp-content\/uploads\/2020\/03\/obligacioneslegales.jpg\",\"width\":728,\"height\":485,\"caption\":\"obligacioneslegales\"},{\"@type\":\"BreadcrumbList\",\"@id\":\"https:\/\/www.ariasassessors.com\/ca\/compliment-dobligacions-legals-a-la-seva-empresa\/#breadcrumb\",\"itemListElement\":[{\"@type\":\"ListItem\",\"position\":1,\"name\":\"Portada\",\"item\":\"https:\/\/www.ariasassessors.com\/ca\/\"},{\"@type\":\"ListItem\",\"position\":2,\"name\":\"Compliment d&#8217;obligacions legals a la seva empresa\"}]},{\"@type\":\"WebSite\",\"@id\":\"https:\/\/www.ariasassessors.com\/#website\",\"url\":\"https:\/\/www.ariasassessors.com\/\",\"name\":\"Arias Assessors\",\"description\":\"Asesor\u00eda para aut\u00f3nomos, profesionales y PYMES\",\"publisher\":{\"@id\":\"https:\/\/www.ariasassessors.com\/#organization\"},\"potentialAction\":[{\"@type\":\"SearchAction\",\"target\":{\"@type\":\"EntryPoint\",\"urlTemplate\":\"https:\/\/www.ariasassessors.com\/?s={search_term_string}\"},\"query-input\":{\"@type\":\"PropertyValueSpecification\",\"valueRequired\":true,\"valueName\":\"search_term_string\"}}],\"inLanguage\":\"ca\"},{\"@type\":\"Organization\",\"@id\":\"https:\/\/www.ariasassessors.com\/#organization\",\"name\":\"Arias Assessors\",\"url\":\"https:\/\/www.ariasassessors.com\/\",\"logo\":{\"@type\":\"ImageObject\",\"inLanguage\":\"ca\",\"@id\":\"https:\/\/www.ariasassessors.com\/#\/schema\/logo\/image\/\",\"url\":\"https:\/\/www.ariasassessors.com\/wp-content\/uploads\/2019\/01\/arias-logo.png\",\"contentUrl\":\"https:\/\/www.ariasassessors.com\/wp-content\/uploads\/2019\/01\/arias-logo.png\",\"width\":349,\"height\":254,\"caption\":\"Arias Assessors\"},\"image\":{\"@id\":\"https:\/\/www.ariasassessors.com\/#\/schema\/logo\/image\/\"},\"sameAs\":[\"https:\/\/www.facebook.com\/ariasassessors\/\",\"https:\/\/x.com\/ariasassessors\",\"https:\/\/www.linkedin.com\/company\/r&amp;amp;r-growing-knowledge\/\"]},{\"@type\":\"Person\",\"@id\":\"https:\/\/www.ariasassessors.com\/#\/schema\/person\/63c6ad1775f0a9413c37932562673cef\",\"name\":\"btorras\",\"image\":{\"@type\":\"ImageObject\",\"inLanguage\":\"ca\",\"@id\":\"https:\/\/www.ariasassessors.com\/#\/schema\/person\/image\/\",\"url\":\"https:\/\/secure.gravatar.com\/avatar\/0531db351fc361fdbfd204c58fa2d6a3?s=96&d=mm&r=g\",\"contentUrl\":\"https:\/\/secure.gravatar.com\/avatar\/0531db351fc361fdbfd204c58fa2d6a3?s=96&d=mm&r=g\",\"caption\":\"btorras\"}}]}<\/script>\n<!-- \/ Yoast SEO plugin. -->","yoast_head_json":{"title":"Compliment d'obligacions legals a la seva empresa | Arias Assessors","description":"Conegui les obligacions legals i normatives que ha de complir tenir cobertura de qualsevol responsabilitat i incompliment d'obligacions","robots":{"index":"index","follow":"follow","max-snippet":"max-snippet:-1","max-image-preview":"max-image-preview:large","max-video-preview":"max-video-preview:-1"},"canonical":"https:\/\/www.ariasassessors.com\/ca\/compliment-dobligacions-legals-a-la-seva-empresa\/","og_locale":"ca_ES","og_type":"article","og_title":"Compliment d'obligacions legals a la seva empresa | Arias Assessors","og_description":"Conegui les obligacions legals i normatives que ha de complir tenir cobertura de qualsevol responsabilitat i incompliment d'obligacions","og_url":"https:\/\/www.ariasassessors.com\/ca\/compliment-dobligacions-legals-a-la-seva-empresa\/","og_site_name":"Arias Assessors","article_publisher":"https:\/\/www.facebook.com\/ariasassessors\/","article_published_time":"2020-03-03T14:00:59+00:00","article_modified_time":"2020-03-03T13:45:16+00:00","og_image":[{"width":728,"height":485,"url":"https:\/\/www.ariasassessors.com\/wp-content\/uploads\/2020\/03\/obligacioneslegales.jpg","type":"image\/jpeg"}],"author":"btorras","twitter_card":"summary_large_image","twitter_creator":"@ariasassessors","twitter_site":"@ariasassessors","twitter_misc":{"Escrit per":"btorras","Temps estimat de lectura":"3 minuts"},"schema":{"@context":"https:\/\/schema.org","@graph":[{"@type":"Article","@id":"https:\/\/www.ariasassessors.com\/ca\/compliment-dobligacions-legals-a-la-seva-empresa\/#article","isPartOf":{"@id":"https:\/\/www.ariasassessors.com\/ca\/compliment-dobligacions-legals-a-la-seva-empresa\/"},"author":{"name":"btorras","@id":"https:\/\/www.ariasassessors.com\/#\/schema\/person\/63c6ad1775f0a9413c37932562673cef"},"headline":"Compliment d&#8217;obligacions legals a la seva empresa","datePublished":"2020-03-03T14:00:59+00:00","dateModified":"2020-03-03T13:45:16+00:00","mainEntityOfPage":{"@id":"https:\/\/www.ariasassessors.com\/ca\/compliment-dobligacions-legals-a-la-seva-empresa\/"},"wordCount":614,"commentCount":0,"publisher":{"@id":"https:\/\/www.ariasassessors.com\/#organization"},"image":{"@id":"https:\/\/www.ariasassessors.com\/ca\/compliment-dobligacions-legals-a-la-seva-empresa\/#primaryimage"},"thumbnailUrl":"https:\/\/www.ariasassessors.com\/wp-content\/uploads\/2020\/03\/obligacioneslegales.jpg","keywords":["aut\u00f3nomos","aut\u00f2noms","c\u00f3digo de comercio","consultor\u00eda jur\u00eddica","freelance","obligaciones"],"articleSection":["noticies"],"inLanguage":"ca","potentialAction":[{"@type":"CommentAction","name":"Comment","target":["https:\/\/www.ariasassessors.com\/ca\/compliment-dobligacions-legals-a-la-seva-empresa\/#respond"]}]},{"@type":"WebPage","@id":"https:\/\/www.ariasassessors.com\/ca\/compliment-dobligacions-legals-a-la-seva-empresa\/","url":"https:\/\/www.ariasassessors.com\/ca\/compliment-dobligacions-legals-a-la-seva-empresa\/","name":"Compliment d'obligacions legals a la seva empresa | Arias Assessors","isPartOf":{"@id":"https:\/\/www.ariasassessors.com\/#website"},"primaryImageOfPage":{"@id":"https:\/\/www.ariasassessors.com\/ca\/compliment-dobligacions-legals-a-la-seva-empresa\/#primaryimage"},"image":{"@id":"https:\/\/www.ariasassessors.com\/ca\/compliment-dobligacions-legals-a-la-seva-empresa\/#primaryimage"},"thumbnailUrl":"https:\/\/www.ariasassessors.com\/wp-content\/uploads\/2020\/03\/obligacioneslegales.jpg","datePublished":"2020-03-03T14:00:59+00:00","dateModified":"2020-03-03T13:45:16+00:00","description":"Conegui les obligacions legals i normatives que ha de complir tenir cobertura de qualsevol responsabilitat i incompliment d'obligacions","breadcrumb":{"@id":"https:\/\/www.ariasassessors.com\/ca\/compliment-dobligacions-legals-a-la-seva-empresa\/#breadcrumb"},"inLanguage":"ca","potentialAction":[{"@type":"ReadAction","target":["https:\/\/www.ariasassessors.com\/ca\/compliment-dobligacions-legals-a-la-seva-empresa\/"]}]},{"@type":"ImageObject","inLanguage":"ca","@id":"https:\/\/www.ariasassessors.com\/ca\/compliment-dobligacions-legals-a-la-seva-empresa\/#primaryimage","url":"https:\/\/www.ariasassessors.com\/wp-content\/uploads\/2020\/03\/obligacioneslegales.jpg","contentUrl":"https:\/\/www.ariasassessors.com\/wp-content\/uploads\/2020\/03\/obligacioneslegales.jpg","width":728,"height":485,"caption":"obligacioneslegales"},{"@type":"BreadcrumbList","@id":"https:\/\/www.ariasassessors.com\/ca\/compliment-dobligacions-legals-a-la-seva-empresa\/#breadcrumb","itemListElement":[{"@type":"ListItem","position":1,"name":"Portada","item":"https:\/\/www.ariasassessors.com\/ca\/"},{"@type":"ListItem","position":2,"name":"Compliment d&#8217;obligacions legals a la seva empresa"}]},{"@type":"WebSite","@id":"https:\/\/www.ariasassessors.com\/#website","url":"https:\/\/www.ariasassessors.com\/","name":"Arias Assessors","description":"Asesor\u00eda para aut\u00f3nomos, profesionales y PYMES","publisher":{"@id":"https:\/\/www.ariasassessors.com\/#organization"},"potentialAction":[{"@type":"SearchAction","target":{"@type":"EntryPoint","urlTemplate":"https:\/\/www.ariasassessors.com\/?s={search_term_string}"},"query-input":{"@type":"PropertyValueSpecification","valueRequired":true,"valueName":"search_term_string"}}],"inLanguage":"ca"},{"@type":"Organization","@id":"https:\/\/www.ariasassessors.com\/#organization","name":"Arias Assessors","url":"https:\/\/www.ariasassessors.com\/","logo":{"@type":"ImageObject","inLanguage":"ca","@id":"https:\/\/www.ariasassessors.com\/#\/schema\/logo\/image\/","url":"https:\/\/www.ariasassessors.com\/wp-content\/uploads\/2019\/01\/arias-logo.png","contentUrl":"https:\/\/www.ariasassessors.com\/wp-content\/uploads\/2019\/01\/arias-logo.png","width":349,"height":254,"caption":"Arias Assessors"},"image":{"@id":"https:\/\/www.ariasassessors.com\/#\/schema\/logo\/image\/"},"sameAs":["https:\/\/www.facebook.com\/ariasassessors\/","https:\/\/x.com\/ariasassessors","https:\/\/www.linkedin.com\/company\/r&amp;amp;r-growing-knowledge\/"]},{"@type":"Person","@id":"https:\/\/www.ariasassessors.com\/#\/schema\/person\/63c6ad1775f0a9413c37932562673cef","name":"btorras","image":{"@type":"ImageObject","inLanguage":"ca","@id":"https:\/\/www.ariasassessors.com\/#\/schema\/person\/image\/","url":"https:\/\/secure.gravatar.com\/avatar\/0531db351fc361fdbfd204c58fa2d6a3?s=96&d=mm&r=g","contentUrl":"https:\/\/secure.gravatar.com\/avatar\/0531db351fc361fdbfd204c58fa2d6a3?s=96&d=mm&r=g","caption":"btorras"}}]}},"_links":{"self":[{"href":"https:\/\/www.ariasassessors.com\/ca\/wp-json\/wp\/v2\/posts\/931","targetHints":{"allow":["GET"]}}],"collection":[{"href":"https:\/\/www.ariasassessors.com\/ca\/wp-json\/wp\/v2\/posts"}],"about":[{"href":"https:\/\/www.ariasassessors.com\/ca\/wp-json\/wp\/v2\/types\/post"}],"author":[{"embeddable":true,"href":"https:\/\/www.ariasassessors.com\/ca\/wp-json\/wp\/v2\/users\/2"}],"replies":[{"embeddable":true,"href":"https:\/\/www.ariasassessors.com\/ca\/wp-json\/wp\/v2\/comments?post=931"}],"version-history":[{"count":1,"href":"https:\/\/www.ariasassessors.com\/ca\/wp-json\/wp\/v2\/posts\/931\/revisions"}],"predecessor-version":[{"id":932,"href":"https:\/\/www.ariasassessors.com\/ca\/wp-json\/wp\/v2\/posts\/931\/revisions\/932"}],"wp:featuredmedia":[{"embeddable":true,"href":"https:\/\/www.ariasassessors.com\/ca\/wp-json\/wp\/v2\/media\/925"}],"wp:attachment":[{"href":"https:\/\/www.ariasassessors.com\/ca\/wp-json\/wp\/v2\/media?parent=931"}],"wp:term":[{"taxonomy":"category","embeddable":true,"href":"https:\/\/www.ariasassessors.com\/ca\/wp-json\/wp\/v2\/categories?post=931"},{"taxonomy":"post_tag","embeddable":true,"href":"https:\/\/www.ariasassessors.com\/ca\/wp-json\/wp\/v2\/tags?post=931"}],"curies":[{"name":"wp","href":"https:\/\/api.w.org\/{rel}","templated":true}]}}