{"id":938,"date":"2020-03-04T10:07:12","date_gmt":"2020-03-04T09:07:12","guid":{"rendered":"https:\/\/www.ariasassessors.com\/?p=938"},"modified":"2020-03-04T10:07:44","modified_gmt":"2020-03-04T09:07:44","slug":"el-valor-afegit-de-la-teva-gestoria","status":"publish","type":"post","link":"https:\/\/www.ariasassessors.com\/ca\/el-valor-afegit-de-la-teva-gestoria\/","title":{"rendered":"El valor afegit de la teva gestoria"},"content":{"rendered":"<p>Despr\u00e9s de m\u00e9s de 15 anys d&#8217;experi\u00e8ncia com gestoria d&#8217;empreses i clients, hem anat detectant els criteris de satisfacci\u00f3 dels nostres clients.<\/p>\n<p>Les experi\u00e8ncies anteriors ens han motivat per elaborar el seg\u00fcent llistat de punts a tenir en compte per valorar la gesti\u00f3 del teu assessoria.<\/p>\n<p><!--more--><\/p>\n<div id=\"ez-toc-container\" class=\"ez-toc-v2_0_72 counter-hierarchy ez-toc-counter ez-toc-grey ez-toc-container-direction\">\n<div class=\"ez-toc-title-container\">\n<p class=\"ez-toc-title\" style=\"cursor:inherit\">\u00cdndice de Contenidos<\/p>\n<span class=\"ez-toc-title-toggle\"><a href=\"#\" class=\"ez-toc-pull-right ez-toc-btn ez-toc-btn-xs ez-toc-btn-default ez-toc-toggle\" aria-label=\"Toggle Table of Content\"><span class=\"ez-toc-js-icon-con\"><span class=\"\"><span class=\"eztoc-hide\" style=\"display:none;\">Toggle<\/span><span class=\"ez-toc-icon-toggle-span\"><svg style=\"fill: #428bca;color:#428bca\" xmlns=\"http:\/\/www.w3.org\/2000\/svg\" class=\"list-377408\" width=\"20px\" height=\"20px\" viewBox=\"0 0 24 24\" fill=\"none\"><path d=\"M6 6H4v2h2V6zm14 0H8v2h12V6zM4 11h2v2H4v-2zm16 0H8v2h12v-2zM4 16h2v2H4v-2zm16 0H8v2h12v-2z\" fill=\"currentColor\"><\/path><\/svg><svg style=\"fill: #428bca;color:#428bca\" class=\"arrow-unsorted-368013\" xmlns=\"http:\/\/www.w3.org\/2000\/svg\" width=\"10px\" height=\"10px\" viewBox=\"0 0 24 24\" version=\"1.2\" baseProfile=\"tiny\"><path d=\"M18.2 9.3l-6.2-6.3-6.2 6.3c-.2.2-.3.4-.3.7s.1.5.3.7c.2.2.4.3.7.3h11c.3 0 .5-.1.7-.3.2-.2.3-.5.3-.7s-.1-.5-.3-.7zM5.8 14.7l6.2 6.3 6.2-6.3c.2-.2.3-.5.3-.7s-.1-.5-.3-.7c-.2-.2-.4-.3-.7-.3h-11c-.3 0-.5.1-.7.3-.2.2-.3.5-.3.7s.1.5.3.7z\"\/><\/svg><\/span><\/span><\/span><\/a><\/span><\/div>\n<nav><ul class='ez-toc-list ez-toc-list-level-1 eztoc-toggle-hide-by-default' ><li class='ez-toc-page-1 ez-toc-heading-level-2'><a class=\"ez-toc-link ez-toc-heading-1\" href=\"https:\/\/www.ariasassessors.com\/ca\/el-valor-afegit-de-la-teva-gestoria\/#Valores_la_gestio_del_teu_assessoria\" title=\"Valores la gesti\u00f3 del teu assessoria?\">Valores la gesti\u00f3 del teu assessoria?<\/a><ul class='ez-toc-list-level-3' ><li class='ez-toc-heading-level-3'><a class=\"ez-toc-link ez-toc-heading-2\" href=\"https:\/\/www.ariasassessors.com\/ca\/el-valor-afegit-de-la-teva-gestoria\/#Valora_si_estas_amb_la_gestoria_adequada_quan\" title=\"Valora si est\u00e0s amb la gestoria adequada quan:\">Valora si est\u00e0s amb la gestoria adequada quan:<\/a><\/li><\/ul><\/li><\/ul><\/nav><\/div>\n<h2><span class=\"ez-toc-section\" id=\"Valores_la_gestio_del_teu_assessoria\"><\/span>Valores la gesti\u00f3 del teu assessoria?<span class=\"ez-toc-section-end\"><\/span><\/h2>\n<p>Partim de la base que ning\u00fa \u00e9s perfecte, que els errors humans poden produir-se sempre, sigui en l&#8217;\u00e0mbit laboral que sigui, i que la gran virtut d&#8217;una assessoria ha de ser l&#8217;assessorament personal i adequat, el seguiment constant i la interacci\u00f3 assessoria &#8211; client.<\/p>\n<p>A m\u00e9s \u00e9s clar de la minimitzaci\u00f3 d&#8217;errors i el reconeixement d&#8217;aquests en cas de produir-se.<\/p>\n<h3><span class=\"ez-toc-section\" id=\"Valora_si_estas_amb_la_gestoria_adequada_quan\"><\/span>Valora si est\u00e0s amb la gestoria adequada quan:<span class=\"ez-toc-section-end\"><\/span><\/h3>\n<ol>\n<li>No et informen personalment o mitjan\u00e7ant un butllet\u00ed de not\u00edcies \/ mailing peri\u00f2dic de les novetats importants, i has de preguntar-los sempre si les not\u00edcies que has llegit o escoltat t&#8217;afecten o no.<\/li>\n<li>No t&#8217;informa sobre subvencions o ajudes que puguin beneficiar al teu negoci.<\/li>\n<li>Tens la sensaci\u00f3 que les expectatives inicials no s&#8217;estan complint.<\/li>\n<li>Les consultes es fan impossibles, triguen molt temps a tornar trucades o no contesten als teus correus electr\u00f2nics fins passats uns dies.<\/li>\n<li>Els preus s\u00f3n molt elevats per al servei que ofereixen.<\/li>\n<li>La comptabilitat \u00e9s molt lenta, \u00e9s dif\u00edcil con\u00e8ixer la situaci\u00f3 de la teva empresa perqu\u00e8 sempre esperen a \u00faltima hora i \u00e9s dif\u00edcil qualsevol planificaci\u00f3 comptable i \/ o fiscal.<\/li>\n<li>No et avisen de terminis, dels pagaments pendents a realitzar i les dates, tot \u00e9s precipitat i no d\u00f3na marge a preveure els diners que necessites en cada moment per cobrir assegurances socials, impostos, etc.<\/li>\n<li>Has perdut confian\u00e7a en el teu despatx perqu\u00e8 tenen errors lleus constantment que et fan dubtar de la seva gesti\u00f3.<\/li>\n<li>Has de caminar constantment darrere de l&#8217;assessoria perqu\u00e8 et facilitin dades o documentaci\u00f3 de la teva empresa.<\/li>\n<li>No t&#8217;informa ni t&#8217;ajuda, simplement s\u00f3n uns mers tramitadors d&#8217;impostos, n\u00f2mines i <a href=\"http:\/\/www.seg-social.es\/wps\/portal\/wss\/internet\/Inicio?changeLanguage=ca\">Seguretat Social<\/a>.<\/li>\n<li>No hi ha interacci\u00f3 ni comprom\u00eds assessoria &#8211; client, sembles un nombre m\u00e9s i de vegades et sents molt distant de qui gestiona les teves n\u00fameros i obligacions fiscals i de cotitzaci\u00f3, no detectes comprom\u00eds amb tu ni amb el teu negoci.<\/li>\n<li>Mai reconeixen un error, han com\u00e8s algun i t&#8217;has hagut de fer c\u00e0rrec tu d&#8217;interessos i sancions.<\/li>\n<\/ol>\n<p>Si ets aut\u00f2nom o est\u00e0s a l&#8217;capdavant d&#8217;una organitzaci\u00f3, en Arias Assessors podem ajudar-te, contacta&#8217;ns <a href=\"https:\/\/www.ariasassessors.com\/ca\/sobre-nosaltres\/\">aqu\u00ed<\/a>.<\/p>\n","protected":false},"excerpt":{"rendered":"<p>Despr\u00e9s de m\u00e9s de 15 anys d&#8217;experi\u00e8ncia com gestoria d&#8217;empreses i clients, hem anat detectant els criteris de satisfacci\u00f3 dels nostres clients. Les experi\u00e8ncies anteriors ens han motivat per elaborar el seg\u00fcent llistat de punts a tenir en compte per valorar la gesti\u00f3 del teu&#8230;<\/p>\n","protected":false},"author":2,"featured_media":936,"comment_status":"open","ping_status":"open","sticky":false,"template":"","format":"standard","meta":{"footnotes":""},"categories":[4],"tags":[424,425,426,440,441,225,427,442,273,443,428,429,430,444],"class_list":["post-938","post","type-post","status-publish","format-standard","has-post-thumbnail","hentry","category-noticies","tag-arias-assessors-ca","tag-asesoramiento-ca","tag-asesoria-ca","tag-assessorament","tag-assessoria","tag-autonomos-ca","tag-despacho-ca","tag-despatx","tag-empreses","tag-gestio","tag-gestion-ca","tag-gestoria-ca","tag-sociedades-ca","tag-societats"],"yoast_head":"<!-- This site is optimized with the Yoast SEO plugin v24.3 - https:\/\/yoast.com\/wordpress\/plugins\/seo\/ -->\n<title>El valor afegit de la teva gestoria | Arias Assessors<\/title>\n<meta name=\"description\" content=\"Despu\u00e9s de m\u00e1s de 15 a\u00f1os de experiencia como gestor\u00eda de varias empresas, hemos ido detectando los criterios de satisfacci\u00f3n de nuestros clientes.\" \/>\n<meta name=\"robots\" content=\"index, follow, max-snippet:-1, max-image-preview:large, max-video-preview:-1\" \/>\n<link rel=\"canonical\" href=\"https:\/\/www.ariasassessors.com\/ca\/el-valor-afegit-de-la-teva-gestoria\/\" \/>\n<meta property=\"og:locale\" content=\"ca_ES\" \/>\n<meta property=\"og:type\" content=\"article\" \/>\n<meta property=\"og:title\" content=\"El valor afegit de la teva gestoria | Arias Assessors\" \/>\n<meta property=\"og:description\" content=\"Despu\u00e9s de m\u00e1s de 15 a\u00f1os de experiencia como gestor\u00eda de varias empresas, hemos ido detectando los criterios de satisfacci\u00f3n de nuestros clientes.\" \/>\n<meta property=\"og:url\" content=\"https:\/\/www.ariasassessors.com\/ca\/el-valor-afegit-de-la-teva-gestoria\/\" \/>\n<meta property=\"og:site_name\" content=\"Arias Assessors\" \/>\n<meta property=\"article:publisher\" content=\"https:\/\/www.facebook.com\/ariasassessors\/\" \/>\n<meta property=\"article:published_time\" content=\"2020-03-04T09:07:12+00:00\" \/>\n<meta property=\"article:modified_time\" content=\"2020-03-04T09:07:44+00:00\" \/>\n<meta property=\"og:image\" content=\"https:\/\/www.ariasassessors.com\/wp-content\/uploads\/2020\/03\/gestoria.png\" \/>\n\t<meta property=\"og:image:width\" content=\"957\" \/>\n\t<meta property=\"og:image:height\" content=\"604\" \/>\n\t<meta property=\"og:image:type\" content=\"image\/png\" \/>\n<meta name=\"author\" content=\"btorras\" \/>\n<meta name=\"twitter:card\" content=\"summary_large_image\" \/>\n<meta name=\"twitter:creator\" content=\"@ariasassessors\" \/>\n<meta name=\"twitter:site\" content=\"@ariasassessors\" \/>\n<meta name=\"twitter:label1\" content=\"Escrit per\" \/>\n\t<meta name=\"twitter:data1\" content=\"btorras\" \/>\n\t<meta name=\"twitter:label2\" content=\"Temps estimat de lectura\" \/>\n\t<meta name=\"twitter:data2\" content=\"2 minuts\" \/>\n<script type=\"application\/ld+json\" class=\"yoast-schema-graph\">{\"@context\":\"https:\/\/schema.org\",\"@graph\":[{\"@type\":\"Article\",\"@id\":\"https:\/\/www.ariasassessors.com\/ca\/el-valor-afegit-de-la-teva-gestoria\/#article\",\"isPartOf\":{\"@id\":\"https:\/\/www.ariasassessors.com\/ca\/el-valor-afegit-de-la-teva-gestoria\/\"},\"author\":{\"name\":\"btorras\",\"@id\":\"https:\/\/www.ariasassessors.com\/#\/schema\/person\/63c6ad1775f0a9413c37932562673cef\"},\"headline\":\"El valor afegit de la teva gestoria\",\"datePublished\":\"2020-03-04T09:07:12+00:00\",\"dateModified\":\"2020-03-04T09:07:44+00:00\",\"mainEntityOfPage\":{\"@id\":\"https:\/\/www.ariasassessors.com\/ca\/el-valor-afegit-de-la-teva-gestoria\/\"},\"wordCount\":431,\"commentCount\":0,\"publisher\":{\"@id\":\"https:\/\/www.ariasassessors.com\/#organization\"},\"image\":{\"@id\":\"https:\/\/www.ariasassessors.com\/ca\/el-valor-afegit-de-la-teva-gestoria\/#primaryimage\"},\"thumbnailUrl\":\"https:\/\/www.ariasassessors.com\/wp-content\/uploads\/2020\/03\/gestoria.png\",\"keywords\":[\"arias assessors\",\"asesoramiento\",\"asesor\u00eda\",\"assessorament\",\"assessoria\",\"aut\u00f2noms\",\"despacho\",\"despatx\",\"Empreses\",\"gesti\u00f3\",\"gesti\u00f3n\",\"gestor\u00eda\",\"sociedades\",\"societats\"],\"articleSection\":[\"noticies\"],\"inLanguage\":\"ca\",\"potentialAction\":[{\"@type\":\"CommentAction\",\"name\":\"Comment\",\"target\":[\"https:\/\/www.ariasassessors.com\/ca\/el-valor-afegit-de-la-teva-gestoria\/#respond\"]}]},{\"@type\":\"WebPage\",\"@id\":\"https:\/\/www.ariasassessors.com\/ca\/el-valor-afegit-de-la-teva-gestoria\/\",\"url\":\"https:\/\/www.ariasassessors.com\/ca\/el-valor-afegit-de-la-teva-gestoria\/\",\"name\":\"El valor afegit de la teva gestoria | Arias Assessors\",\"isPartOf\":{\"@id\":\"https:\/\/www.ariasassessors.com\/#website\"},\"primaryImageOfPage\":{\"@id\":\"https:\/\/www.ariasassessors.com\/ca\/el-valor-afegit-de-la-teva-gestoria\/#primaryimage\"},\"image\":{\"@id\":\"https:\/\/www.ariasassessors.com\/ca\/el-valor-afegit-de-la-teva-gestoria\/#primaryimage\"},\"thumbnailUrl\":\"https:\/\/www.ariasassessors.com\/wp-content\/uploads\/2020\/03\/gestoria.png\",\"datePublished\":\"2020-03-04T09:07:12+00:00\",\"dateModified\":\"2020-03-04T09:07:44+00:00\",\"description\":\"Despu\u00e9s de m\u00e1s de 15 a\u00f1os de experiencia como gestor\u00eda de varias empresas, hemos ido detectando los criterios de satisfacci\u00f3n de nuestros clientes.\",\"breadcrumb\":{\"@id\":\"https:\/\/www.ariasassessors.com\/ca\/el-valor-afegit-de-la-teva-gestoria\/#breadcrumb\"},\"inLanguage\":\"ca\",\"potentialAction\":[{\"@type\":\"ReadAction\",\"target\":[\"https:\/\/www.ariasassessors.com\/ca\/el-valor-afegit-de-la-teva-gestoria\/\"]}]},{\"@type\":\"ImageObject\",\"inLanguage\":\"ca\",\"@id\":\"https:\/\/www.ariasassessors.com\/ca\/el-valor-afegit-de-la-teva-gestoria\/#primaryimage\",\"url\":\"https:\/\/www.ariasassessors.com\/wp-content\/uploads\/2020\/03\/gestoria.png\",\"contentUrl\":\"https:\/\/www.ariasassessors.com\/wp-content\/uploads\/2020\/03\/gestoria.png\",\"width\":957,\"height\":604,\"caption\":\"gestor\u00eda\"},{\"@type\":\"BreadcrumbList\",\"@id\":\"https:\/\/www.ariasassessors.com\/ca\/el-valor-afegit-de-la-teva-gestoria\/#breadcrumb\",\"itemListElement\":[{\"@type\":\"ListItem\",\"position\":1,\"name\":\"Portada\",\"item\":\"https:\/\/www.ariasassessors.com\/ca\/\"},{\"@type\":\"ListItem\",\"position\":2,\"name\":\"El valor afegit de la teva gestoria\"}]},{\"@type\":\"WebSite\",\"@id\":\"https:\/\/www.ariasassessors.com\/#website\",\"url\":\"https:\/\/www.ariasassessors.com\/\",\"name\":\"Arias Assessors\",\"description\":\"Asesor\u00eda para aut\u00f3nomos, profesionales y PYMES\",\"publisher\":{\"@id\":\"https:\/\/www.ariasassessors.com\/#organization\"},\"potentialAction\":[{\"@type\":\"SearchAction\",\"target\":{\"@type\":\"EntryPoint\",\"urlTemplate\":\"https:\/\/www.ariasassessors.com\/?s={search_term_string}\"},\"query-input\":{\"@type\":\"PropertyValueSpecification\",\"valueRequired\":true,\"valueName\":\"search_term_string\"}}],\"inLanguage\":\"ca\"},{\"@type\":\"Organization\",\"@id\":\"https:\/\/www.ariasassessors.com\/#organization\",\"name\":\"Arias Assessors\",\"url\":\"https:\/\/www.ariasassessors.com\/\",\"logo\":{\"@type\":\"ImageObject\",\"inLanguage\":\"ca\",\"@id\":\"https:\/\/www.ariasassessors.com\/#\/schema\/logo\/image\/\",\"url\":\"https:\/\/www.ariasassessors.com\/wp-content\/uploads\/2019\/01\/arias-logo.png\",\"contentUrl\":\"https:\/\/www.ariasassessors.com\/wp-content\/uploads\/2019\/01\/arias-logo.png\",\"width\":349,\"height\":254,\"caption\":\"Arias Assessors\"},\"image\":{\"@id\":\"https:\/\/www.ariasassessors.com\/#\/schema\/logo\/image\/\"},\"sameAs\":[\"https:\/\/www.facebook.com\/ariasassessors\/\",\"https:\/\/x.com\/ariasassessors\",\"https:\/\/www.linkedin.com\/company\/r&amp;amp;r-growing-knowledge\/\"]},{\"@type\":\"Person\",\"@id\":\"https:\/\/www.ariasassessors.com\/#\/schema\/person\/63c6ad1775f0a9413c37932562673cef\",\"name\":\"btorras\",\"image\":{\"@type\":\"ImageObject\",\"inLanguage\":\"ca\",\"@id\":\"https:\/\/www.ariasassessors.com\/#\/schema\/person\/image\/\",\"url\":\"https:\/\/secure.gravatar.com\/avatar\/0531db351fc361fdbfd204c58fa2d6a3?s=96&d=mm&r=g\",\"contentUrl\":\"https:\/\/secure.gravatar.com\/avatar\/0531db351fc361fdbfd204c58fa2d6a3?s=96&d=mm&r=g\",\"caption\":\"btorras\"}}]}<\/script>\n<!-- \/ Yoast SEO plugin. -->","yoast_head_json":{"title":"El valor afegit de la teva gestoria | Arias Assessors","description":"Despu\u00e9s de m\u00e1s de 15 a\u00f1os de experiencia como gestor\u00eda de varias empresas, hemos ido detectando los criterios de satisfacci\u00f3n de nuestros clientes.","robots":{"index":"index","follow":"follow","max-snippet":"max-snippet:-1","max-image-preview":"max-image-preview:large","max-video-preview":"max-video-preview:-1"},"canonical":"https:\/\/www.ariasassessors.com\/ca\/el-valor-afegit-de-la-teva-gestoria\/","og_locale":"ca_ES","og_type":"article","og_title":"El valor afegit de la teva gestoria | Arias Assessors","og_description":"Despu\u00e9s de m\u00e1s de 15 a\u00f1os de experiencia como gestor\u00eda de varias empresas, hemos ido detectando los criterios de satisfacci\u00f3n de nuestros clientes.","og_url":"https:\/\/www.ariasassessors.com\/ca\/el-valor-afegit-de-la-teva-gestoria\/","og_site_name":"Arias Assessors","article_publisher":"https:\/\/www.facebook.com\/ariasassessors\/","article_published_time":"2020-03-04T09:07:12+00:00","article_modified_time":"2020-03-04T09:07:44+00:00","og_image":[{"width":957,"height":604,"url":"https:\/\/www.ariasassessors.com\/wp-content\/uploads\/2020\/03\/gestoria.png","type":"image\/png"}],"author":"btorras","twitter_card":"summary_large_image","twitter_creator":"@ariasassessors","twitter_site":"@ariasassessors","twitter_misc":{"Escrit per":"btorras","Temps estimat de lectura":"2 minuts"},"schema":{"@context":"https:\/\/schema.org","@graph":[{"@type":"Article","@id":"https:\/\/www.ariasassessors.com\/ca\/el-valor-afegit-de-la-teva-gestoria\/#article","isPartOf":{"@id":"https:\/\/www.ariasassessors.com\/ca\/el-valor-afegit-de-la-teva-gestoria\/"},"author":{"name":"btorras","@id":"https:\/\/www.ariasassessors.com\/#\/schema\/person\/63c6ad1775f0a9413c37932562673cef"},"headline":"El valor afegit de la teva gestoria","datePublished":"2020-03-04T09:07:12+00:00","dateModified":"2020-03-04T09:07:44+00:00","mainEntityOfPage":{"@id":"https:\/\/www.ariasassessors.com\/ca\/el-valor-afegit-de-la-teva-gestoria\/"},"wordCount":431,"commentCount":0,"publisher":{"@id":"https:\/\/www.ariasassessors.com\/#organization"},"image":{"@id":"https:\/\/www.ariasassessors.com\/ca\/el-valor-afegit-de-la-teva-gestoria\/#primaryimage"},"thumbnailUrl":"https:\/\/www.ariasassessors.com\/wp-content\/uploads\/2020\/03\/gestoria.png","keywords":["arias assessors","asesoramiento","asesor\u00eda","assessorament","assessoria","aut\u00f2noms","despacho","despatx","Empreses","gesti\u00f3","gesti\u00f3n","gestor\u00eda","sociedades","societats"],"articleSection":["noticies"],"inLanguage":"ca","potentialAction":[{"@type":"CommentAction","name":"Comment","target":["https:\/\/www.ariasassessors.com\/ca\/el-valor-afegit-de-la-teva-gestoria\/#respond"]}]},{"@type":"WebPage","@id":"https:\/\/www.ariasassessors.com\/ca\/el-valor-afegit-de-la-teva-gestoria\/","url":"https:\/\/www.ariasassessors.com\/ca\/el-valor-afegit-de-la-teva-gestoria\/","name":"El valor afegit de la teva gestoria | Arias Assessors","isPartOf":{"@id":"https:\/\/www.ariasassessors.com\/#website"},"primaryImageOfPage":{"@id":"https:\/\/www.ariasassessors.com\/ca\/el-valor-afegit-de-la-teva-gestoria\/#primaryimage"},"image":{"@id":"https:\/\/www.ariasassessors.com\/ca\/el-valor-afegit-de-la-teva-gestoria\/#primaryimage"},"thumbnailUrl":"https:\/\/www.ariasassessors.com\/wp-content\/uploads\/2020\/03\/gestoria.png","datePublished":"2020-03-04T09:07:12+00:00","dateModified":"2020-03-04T09:07:44+00:00","description":"Despu\u00e9s de m\u00e1s de 15 a\u00f1os de experiencia como gestor\u00eda de varias empresas, hemos ido detectando los criterios de satisfacci\u00f3n de nuestros clientes.","breadcrumb":{"@id":"https:\/\/www.ariasassessors.com\/ca\/el-valor-afegit-de-la-teva-gestoria\/#breadcrumb"},"inLanguage":"ca","potentialAction":[{"@type":"ReadAction","target":["https:\/\/www.ariasassessors.com\/ca\/el-valor-afegit-de-la-teva-gestoria\/"]}]},{"@type":"ImageObject","inLanguage":"ca","@id":"https:\/\/www.ariasassessors.com\/ca\/el-valor-afegit-de-la-teva-gestoria\/#primaryimage","url":"https:\/\/www.ariasassessors.com\/wp-content\/uploads\/2020\/03\/gestoria.png","contentUrl":"https:\/\/www.ariasassessors.com\/wp-content\/uploads\/2020\/03\/gestoria.png","width":957,"height":604,"caption":"gestor\u00eda"},{"@type":"BreadcrumbList","@id":"https:\/\/www.ariasassessors.com\/ca\/el-valor-afegit-de-la-teva-gestoria\/#breadcrumb","itemListElement":[{"@type":"ListItem","position":1,"name":"Portada","item":"https:\/\/www.ariasassessors.com\/ca\/"},{"@type":"ListItem","position":2,"name":"El valor afegit de la teva gestoria"}]},{"@type":"WebSite","@id":"https:\/\/www.ariasassessors.com\/#website","url":"https:\/\/www.ariasassessors.com\/","name":"Arias Assessors","description":"Asesor\u00eda para aut\u00f3nomos, profesionales y PYMES","publisher":{"@id":"https:\/\/www.ariasassessors.com\/#organization"},"potentialAction":[{"@type":"SearchAction","target":{"@type":"EntryPoint","urlTemplate":"https:\/\/www.ariasassessors.com\/?s={search_term_string}"},"query-input":{"@type":"PropertyValueSpecification","valueRequired":true,"valueName":"search_term_string"}}],"inLanguage":"ca"},{"@type":"Organization","@id":"https:\/\/www.ariasassessors.com\/#organization","name":"Arias Assessors","url":"https:\/\/www.ariasassessors.com\/","logo":{"@type":"ImageObject","inLanguage":"ca","@id":"https:\/\/www.ariasassessors.com\/#\/schema\/logo\/image\/","url":"https:\/\/www.ariasassessors.com\/wp-content\/uploads\/2019\/01\/arias-logo.png","contentUrl":"https:\/\/www.ariasassessors.com\/wp-content\/uploads\/2019\/01\/arias-logo.png","width":349,"height":254,"caption":"Arias Assessors"},"image":{"@id":"https:\/\/www.ariasassessors.com\/#\/schema\/logo\/image\/"},"sameAs":["https:\/\/www.facebook.com\/ariasassessors\/","https:\/\/x.com\/ariasassessors","https:\/\/www.linkedin.com\/company\/r&amp;amp;r-growing-knowledge\/"]},{"@type":"Person","@id":"https:\/\/www.ariasassessors.com\/#\/schema\/person\/63c6ad1775f0a9413c37932562673cef","name":"btorras","image":{"@type":"ImageObject","inLanguage":"ca","@id":"https:\/\/www.ariasassessors.com\/#\/schema\/person\/image\/","url":"https:\/\/secure.gravatar.com\/avatar\/0531db351fc361fdbfd204c58fa2d6a3?s=96&d=mm&r=g","contentUrl":"https:\/\/secure.gravatar.com\/avatar\/0531db351fc361fdbfd204c58fa2d6a3?s=96&d=mm&r=g","caption":"btorras"}}]}},"_links":{"self":[{"href":"https:\/\/www.ariasassessors.com\/ca\/wp-json\/wp\/v2\/posts\/938","targetHints":{"allow":["GET"]}}],"collection":[{"href":"https:\/\/www.ariasassessors.com\/ca\/wp-json\/wp\/v2\/posts"}],"about":[{"href":"https:\/\/www.ariasassessors.com\/ca\/wp-json\/wp\/v2\/types\/post"}],"author":[{"embeddable":true,"href":"https:\/\/www.ariasassessors.com\/ca\/wp-json\/wp\/v2\/users\/2"}],"replies":[{"embeddable":true,"href":"https:\/\/www.ariasassessors.com\/ca\/wp-json\/wp\/v2\/comments?post=938"}],"version-history":[{"count":5,"href":"https:\/\/www.ariasassessors.com\/ca\/wp-json\/wp\/v2\/posts\/938\/revisions"}],"predecessor-version":[{"id":949,"href":"https:\/\/www.ariasassessors.com\/ca\/wp-json\/wp\/v2\/posts\/938\/revisions\/949"}],"wp:featuredmedia":[{"embeddable":true,"href":"https:\/\/www.ariasassessors.com\/ca\/wp-json\/wp\/v2\/media\/936"}],"wp:attachment":[{"href":"https:\/\/www.ariasassessors.com\/ca\/wp-json\/wp\/v2\/media?parent=938"}],"wp:term":[{"taxonomy":"category","embeddable":true,"href":"https:\/\/www.ariasassessors.com\/ca\/wp-json\/wp\/v2\/categories?post=938"},{"taxonomy":"post_tag","embeddable":true,"href":"https:\/\/www.ariasassessors.com\/ca\/wp-json\/wp\/v2\/tags?post=938"}],"curies":[{"name":"wp","href":"https:\/\/api.w.org\/{rel}","templated":true}]}}