{"id":980,"date":"2020-03-12T13:17:54","date_gmt":"2020-03-12T12:17:54","guid":{"rendered":"https:\/\/www.ariasassessors.com\/medidas-previstas-y-actuaciones-en-casos-concretos-frente-al-coronavirus\/"},"modified":"2020-03-12T13:34:42","modified_gmt":"2020-03-12T12:34:42","slug":"mesures-previstes-i-actuacions-en-casos-concrets-davant-al-coronavirus","status":"publish","type":"post","link":"https:\/\/www.ariasassessors.com\/ca\/mesures-previstes-i-actuacions-en-casos-concrets-davant-al-coronavirus\/","title":{"rendered":"Mesures previstes i actuacions en casos concrets davant el coronavirus"},"content":{"rendered":"<p>Com que no hi ha decretat cap confinament ni aturada en l&#8217;activitat laboral a Catalunya. Una de les mesures m\u00e9s utilitzades com a prevenci\u00f3 \u00e9s el teletreball, en cas que es pugui i log\u00edsticament sigui viable.<\/p>\n<p><!--more--><\/p>\n<div id=\"ez-toc-container\" class=\"ez-toc-v2_0_72 counter-hierarchy ez-toc-counter ez-toc-grey ez-toc-container-direction\">\n<div class=\"ez-toc-title-container\">\n<p class=\"ez-toc-title\" style=\"cursor:inherit\">\u00cdndice de Contenidos<\/p>\n<span class=\"ez-toc-title-toggle\"><a href=\"#\" class=\"ez-toc-pull-right ez-toc-btn ez-toc-btn-xs ez-toc-btn-default ez-toc-toggle\" aria-label=\"Toggle Table of Content\"><span class=\"ez-toc-js-icon-con\"><span class=\"\"><span class=\"eztoc-hide\" style=\"display:none;\">Toggle<\/span><span class=\"ez-toc-icon-toggle-span\"><svg style=\"fill: #428bca;color:#428bca\" xmlns=\"http:\/\/www.w3.org\/2000\/svg\" class=\"list-377408\" width=\"20px\" height=\"20px\" viewBox=\"0 0 24 24\" fill=\"none\"><path d=\"M6 6H4v2h2V6zm14 0H8v2h12V6zM4 11h2v2H4v-2zm16 0H8v2h12v-2zM4 16h2v2H4v-2zm16 0H8v2h12v-2z\" fill=\"currentColor\"><\/path><\/svg><svg style=\"fill: #428bca;color:#428bca\" class=\"arrow-unsorted-368013\" xmlns=\"http:\/\/www.w3.org\/2000\/svg\" width=\"10px\" height=\"10px\" viewBox=\"0 0 24 24\" version=\"1.2\" baseProfile=\"tiny\"><path d=\"M18.2 9.3l-6.2-6.3-6.2 6.3c-.2.2-.3.4-.3.7s.1.5.3.7c.2.2.4.3.7.3h11c.3 0 .5-.1.7-.3.2-.2.3-.5.3-.7s-.1-.5-.3-.7zM5.8 14.7l6.2 6.3 6.2-6.3c.2-.2.3-.5.3-.7s-.1-.5-.3-.7c-.2-.2-.4-.3-.7-.3h-11c-.3 0-.5.1-.7.3-.2.2-.3.5-.3.7s.1.5.3.7z\"\/><\/svg><\/span><\/span><\/span><\/a><\/span><\/div>\n<nav><ul class='ez-toc-list ez-toc-list-level-1 eztoc-toggle-hide-by-default' ><li class='ez-toc-page-1 ez-toc-heading-level-2'><a class=\"ez-toc-link ez-toc-heading-1\" href=\"https:\/\/www.ariasassessors.com\/ca\/mesures-previstes-i-actuacions-en-casos-concrets-davant-al-coronavirus\/#Mesures_adoptades_mesures_previstes_i_actuacions_en_casos_concrets_en_relacio_a_lcoronavirus\" title=\"Mesures adoptades, mesures previstes i actuacions en casos concrets en relaci\u00f3 a l&#8217;coronavirus.\">Mesures adoptades, mesures previstes i actuacions en casos concrets en relaci\u00f3 a l&#8217;coronavirus.<\/a><ul class='ez-toc-list-level-3' ><li class='ez-toc-heading-level-3'><a class=\"ez-toc-link ez-toc-heading-2\" href=\"https:\/\/www.ariasassessors.com\/ca\/mesures-previstes-i-actuacions-en-casos-concrets-davant-al-coronavirus\/#En_tot_cas_la_decisio_dimplantar_el_teletreball_com_a_mesura_organitzativa_requereix\" title=\"En tot cas, la decisi\u00f3 d&#8217;implantar el teletreball com a mesura organitzativa requereix:\">En tot cas, la decisi\u00f3 d&#8217;implantar el teletreball com a mesura organitzativa requereix:<\/a><\/li><\/ul><\/li><\/ul><\/nav><\/div>\n<h2><span class=\"ez-toc-section\" id=\"Mesures_adoptades_mesures_previstes_i_actuacions_en_casos_concrets_en_relacio_a_lcoronavirus\"><\/span>Mesures adoptades, mesures previstes i actuacions en casos concrets en relaci\u00f3 a l&#8217;coronavirus.<span class=\"ez-toc-section-end\"><\/span><\/h2>\n<p>1. Els treballadors que aix\u00ed puguin per la seva activitat s&#8217;organitzin el treball a dist\u00e0ncia des de casa. En aquest sentit pot implementar el teletreball com a mesura organitzativa.<\/p>\n<p>En aquells sup\u00f2sits en qu\u00e8 no es prevegi inicialment en el contracte de treball com una mesura temporal que impliqui la prestaci\u00f3 de serveis fora de centre de treball habitual, el teletreball podria adoptar per acord col\u00b7lectiu o individual, amb un car\u00e0cter excepcional a causa de el risc de coronavirus, per al desenvolupament de tasques imprescindibles que no puguin desenvolupar-se en el centre f\u00edsic habitual, un cop s&#8217;hagin establert els ajustos o precaucions necess\u00e0ries de tipus sanitari i preventiu, i d&#8217;acord amb els procediments regulats en l&#8217;Estatut dels Treballadors.<\/p>\n<h3><span class=\"ez-toc-section\" id=\"En_tot_cas_la_decisio_dimplantar_el_teletreball_com_a_mesura_organitzativa_requereix\"><\/span>En tot cas, la decisi\u00f3 d&#8217;implantar el teletreball com a mesura organitzativa requereix:<span class=\"ez-toc-section-end\"><\/span><\/h3>\n<p>\u2022 Adequaci\u00f3 a la legislaci\u00f3 laboral i a l&#8217;conveni col\u00b7lectiu aplicable.<br \/>\n\u2022 Que es configuri com una mesura de car\u00e0cter temporal i extraordin\u00e0ria, que haur\u00e0 de revertir en el moment en qu\u00e8 deixin de conc\u00f3rrer aquelles circumst\u00e0ncies<br \/>\nexcepcionals.<br \/>\n\u2022 Evitar una reducci\u00f3 de drets en mat\u00e8ria de seguretat i salut ni un minvament de drets professionals (salari, jornada -incl\u00f2s el registre de la mateixa-, descansos, etc.).<br \/>\n\u2022 Si es preveu la disponibilitat de mitjans tecnol\u00f2gics a utilitzar per part de les persones treballadores, aix\u00f2 no suposi cap cost.<\/p>\n<p>M\u00e9s informaci\u00f3 sobre el teletreball, en la nostra secci\u00f3 <a href=\"https:\/\/www.ariasassessors.com\/ca\/actualitat\/\">d&#8217;Actualitat<\/a>.<\/p>\n<p>2. La possibilitat que l&#8217;empresa presenti un ERTO (Suspensi\u00f3 total o parcial de l&#8217;activitat per expedient de regulaci\u00f3 d&#8217;Ocupaci\u00f3) ara mateix encara no \u00e9s possible ja que no est\u00e0 decretada la situaci\u00f3 d&#8217;excepcionalitat que aix\u00ed ho prevegi. Arribats a moment, si l&#8217;empresa es vei\u00e9s en la necessitat de suspendre la seva activitat de manera total o parcial, ja sigui per decisi\u00f3 de les autoritats sanit\u00e0ries o b\u00e9 de manera indirecta per l&#8217;efecte de l&#8217;coronavirus en l&#8217;exercici normal la seva activitat, podr\u00e0 fer-ho d&#8217;acord als mecanismes previstos a la normativa laboral vigent i per les causes previstes en la mateixa -article 47 de l&#8217;Estatut dels Treballadors i Real Decret 1483\/2012, de 29 d&#8217;octubre, pel qual s&#8217;aprova el Reglament dels procediments d&#8217;acomiadament col\u00b7lectiu i de suspensi\u00f3 de contractes i reducci\u00f3 de jornada-. (ERTO) En aquesta l\u00ednia, sembla ser que el Govern establir\u00e0 potser mesures per facilitar la tramitaci\u00f3 d&#8217;aquests expedients; si b\u00e9 tot aix\u00f2 no est\u00e0 concretat. Quant es pugui donar aquesta possibilitat real us mantindrem informats.<\/p>\n<p>3. En cas que un treballador decideixi unilateralment, per por de l&#8217;contagi etc. no presentar-se al seu lloc de treball, en l&#8217;actual situaci\u00f3 es consideraria una baixa injustificada d&#8217;el lloc de treball ja que no hi ha decretades ni s&#8217;han adoptat decisions per part de les autoritats sanit\u00e0ries en aquest sentit. Qualsevol opci\u00f3 que no sigui pactada i negociada amb l&#8217;empresa, per exemple, el canvi de les vacances aprofitant la conjuntura actual, es considerar\u00e0 baixa laboral injustificada ja que hi ha d&#8217;haver el consentiment de l&#8217;empresa per aquestes abs\u00e8ncies. Insistim, aquesta \u00e9s la situaci\u00f3 i plantejament a dia d&#8217;avui.<\/p>\n<p>4. Tot i que no estigui decretat oficialment el &#8220;confinament&#8221; en domicilis per coronavirus, i per tant la suspensi\u00f3 de l&#8217;activitat laboral, si hi ha una excepci\u00f3 a l&#8217;anterior punt 3. Davant la imminent clausura d&#8217;escoles (casos que ja es produeixen en Comunitat Madrid \/ Rioja i comen\u00e7a a haver-hi a Catalunya ..), i el treballador \/ a hagu\u00e9s absentar-se per aquesta causa per a la cura dels fills es considerar\u00e0 absentisme &#8220;justificat&#8221;. L\u00f2gicament caldr\u00e0 acreditar-ho mitjan\u00e7ant l&#8217;acreditaci\u00f3 d&#8217;el tancament de l&#8217;escola del seu fill, etc .. Aix\u00f2 vol dir que no es podr\u00e0 acomiadar ni sancionar per aquesta causa. Pel que fa a el salari, en circumst\u00e0ncies &#8220;normals&#8221; s&#8217;hauria descomptar. Ull doncs, parlem de que el treballador pot no acudir a treballar per aquest motiu, sense sancions ni acomiadaments per baixes injustificades, per\u00f2 no cobra. No obstant aix\u00f2, poguessin decretar mesures excepcionals per ajudar les empreses a pal\u00b7liar aquesta situaci\u00f3 en un altre sentit. Per\u00f2 en aquest sentit, encara estem tamb\u00e9 a l&#8217;espera.<\/p>\n<p>5. Algunes d&#8217;aquestes mesures pot ser l&#8217;exoneraci\u00f3 de pagaments de les cotitzacions socials a la Seguretat Social dels empleats, aix\u00ed com tamb\u00e9 de les quotes d&#8217;aut\u00f2noms per als treballadors en aquest r\u00e8gim. Per\u00f2 encara a dia d&#8217;avui no hi ha res definitiu previst en aquest sentit.<\/p>\n<p>6. Si est\u00e0 aprovat, de cara a l&#8217;treballador, el Reial decret llei 6\/2020, pel qual es determinen mesures urgents en l&#8217;\u00e0mbit econ\u00f2mic i per a la protecci\u00f3 de la salut p\u00fablica. Excepcionalment, el per\u00edode d&#8217;a\u00efllament o contagi de les persones treballadores com a conseq\u00fc\u00e8ncia de virus de coronavirus COVID-19 es considerar\u00e0, nom\u00e9s als efectes de la prestaci\u00f3 econ\u00f2mica per incapacitat temporal, com a situaci\u00f3 assimilada a accident de treball. Podr\u00e0 tenir dret a aquesta prestaci\u00f3 la persona treballadora per compte propi o ali\u00e8 que es trobi en la data de l&#8217;fet causant en situaci\u00f3 d&#8217;alta en qualsevol dels r\u00e8gims de Seguretat Social. La data de l&#8217;fet causant ser\u00e0 la data en qu\u00e8 s&#8217;acordi l&#8217;a\u00efllament o malaltia de l&#8217;treballador, sense perjudici que l&#8217;informe de baixa s&#8217;expedeixi amb posterioritat a aquesta data.<\/p>\n<p>Estigues dia de les \u00faltimes not\u00edcies al nostre <a href=\"https:\/\/twitter.com\/AriasAssessors\">Twitter<\/a>.<\/p>\n","protected":false},"excerpt":{"rendered":"<p>Com que no hi ha decretat cap confinament ni aturada en l&#8217;activitat laboral a Catalunya. Una de les mesures m\u00e9s utilitzades com a prevenci\u00f3 \u00e9s el teletreball, en cas que es pugui i log\u00edsticament sigui viable.<\/p>\n","protected":false},"author":2,"featured_media":974,"comment_status":"open","ping_status":"open","sticky":false,"template":"","format":"standard","meta":{"footnotes":""},"categories":[4],"tags":[472,453,471],"class_list":["post-980","post","type-post","status-publish","format-standard","has-post-thumbnail","hentry","category-noticies","tag-actuacions-previstes-coronavirus","tag-coronavirus-ca","tag-mesures-coronavirus"],"yoast_head":"<!-- This site is optimized with the Yoast SEO plugin v24.3 - https:\/\/yoast.com\/wordpress\/plugins\/seo\/ -->\n<title>Mesures previstes i actuacions en casos concrets davant el coronavirus | Arias Assessors<\/title>\n<meta name=\"description\" content=\"Mesures adoptades, mesures previstes i actuacions en casos concrets per a empreses i treballadors davant el coronavirus.\" \/>\n<meta name=\"robots\" content=\"index, follow, max-snippet:-1, max-image-preview:large, max-video-preview:-1\" \/>\n<link rel=\"canonical\" href=\"https:\/\/www.ariasassessors.com\/ca\/mesures-previstes-i-actuacions-en-casos-concrets-davant-al-coronavirus\/\" \/>\n<meta property=\"og:locale\" content=\"ca_ES\" \/>\n<meta property=\"og:type\" content=\"article\" \/>\n<meta property=\"og:title\" content=\"Mesures previstes i actuacions en casos concrets davant el coronavirus | Arias Assessors\" \/>\n<meta property=\"og:description\" content=\"Mesures adoptades, mesures previstes i actuacions en casos concrets per a empreses i treballadors davant el coronavirus.\" \/>\n<meta property=\"og:url\" content=\"https:\/\/www.ariasassessors.com\/ca\/mesures-previstes-i-actuacions-en-casos-concrets-davant-al-coronavirus\/\" \/>\n<meta property=\"og:site_name\" content=\"Arias Assessors\" \/>\n<meta property=\"article:publisher\" content=\"https:\/\/www.facebook.com\/ariasassessors\/\" \/>\n<meta property=\"article:published_time\" content=\"2020-03-12T12:17:54+00:00\" \/>\n<meta property=\"article:modified_time\" content=\"2020-03-12T12:34:42+00:00\" \/>\n<meta property=\"og:image\" content=\"https:\/\/www.ariasassessors.com\/wp-content\/uploads\/2020\/03\/coronavirus-1.jpg\" \/>\n\t<meta property=\"og:image:width\" content=\"720\" \/>\n\t<meta property=\"og:image:height\" content=\"407\" \/>\n\t<meta property=\"og:image:type\" content=\"image\/jpeg\" \/>\n<meta name=\"author\" content=\"btorras\" \/>\n<meta name=\"twitter:card\" content=\"summary_large_image\" \/>\n<meta name=\"twitter:creator\" content=\"@ariasassessors\" \/>\n<meta name=\"twitter:site\" content=\"@ariasassessors\" \/>\n<meta name=\"twitter:label1\" content=\"Escrit per\" \/>\n\t<meta name=\"twitter:data1\" content=\"btorras\" \/>\n\t<meta name=\"twitter:label2\" content=\"Temps estimat de lectura\" \/>\n\t<meta name=\"twitter:data2\" content=\"5 minuts\" \/>\n<script type=\"application\/ld+json\" class=\"yoast-schema-graph\">{\"@context\":\"https:\/\/schema.org\",\"@graph\":[{\"@type\":\"Article\",\"@id\":\"https:\/\/www.ariasassessors.com\/ca\/mesures-previstes-i-actuacions-en-casos-concrets-davant-al-coronavirus\/#article\",\"isPartOf\":{\"@id\":\"https:\/\/www.ariasassessors.com\/ca\/mesures-previstes-i-actuacions-en-casos-concrets-davant-al-coronavirus\/\"},\"author\":{\"name\":\"btorras\",\"@id\":\"https:\/\/www.ariasassessors.com\/#\/schema\/person\/63c6ad1775f0a9413c37932562673cef\"},\"headline\":\"Mesures previstes i actuacions en casos concrets davant el coronavirus\",\"datePublished\":\"2020-03-12T12:17:54+00:00\",\"dateModified\":\"2020-03-12T12:34:42+00:00\",\"mainEntityOfPage\":{\"@id\":\"https:\/\/www.ariasassessors.com\/ca\/mesures-previstes-i-actuacions-en-casos-concrets-davant-al-coronavirus\/\"},\"wordCount\":924,\"commentCount\":0,\"publisher\":{\"@id\":\"https:\/\/www.ariasassessors.com\/#organization\"},\"image\":{\"@id\":\"https:\/\/www.ariasassessors.com\/ca\/mesures-previstes-i-actuacions-en-casos-concrets-davant-al-coronavirus\/#primaryimage\"},\"thumbnailUrl\":\"https:\/\/www.ariasassessors.com\/wp-content\/uploads\/2020\/03\/coronavirus-1.jpg\",\"keywords\":[\"actuacions previstes coronavirus\",\"COVID\",\"mesures coronavirus\"],\"articleSection\":[\"noticies\"],\"inLanguage\":\"ca\",\"potentialAction\":[{\"@type\":\"CommentAction\",\"name\":\"Comment\",\"target\":[\"https:\/\/www.ariasassessors.com\/ca\/mesures-previstes-i-actuacions-en-casos-concrets-davant-al-coronavirus\/#respond\"]}]},{\"@type\":\"WebPage\",\"@id\":\"https:\/\/www.ariasassessors.com\/ca\/mesures-previstes-i-actuacions-en-casos-concrets-davant-al-coronavirus\/\",\"url\":\"https:\/\/www.ariasassessors.com\/ca\/mesures-previstes-i-actuacions-en-casos-concrets-davant-al-coronavirus\/\",\"name\":\"Mesures previstes i actuacions en casos concrets davant el coronavirus | Arias Assessors\",\"isPartOf\":{\"@id\":\"https:\/\/www.ariasassessors.com\/#website\"},\"primaryImageOfPage\":{\"@id\":\"https:\/\/www.ariasassessors.com\/ca\/mesures-previstes-i-actuacions-en-casos-concrets-davant-al-coronavirus\/#primaryimage\"},\"image\":{\"@id\":\"https:\/\/www.ariasassessors.com\/ca\/mesures-previstes-i-actuacions-en-casos-concrets-davant-al-coronavirus\/#primaryimage\"},\"thumbnailUrl\":\"https:\/\/www.ariasassessors.com\/wp-content\/uploads\/2020\/03\/coronavirus-1.jpg\",\"datePublished\":\"2020-03-12T12:17:54+00:00\",\"dateModified\":\"2020-03-12T12:34:42+00:00\",\"description\":\"Mesures adoptades, mesures previstes i actuacions en casos concrets per a empreses i treballadors davant el coronavirus.\",\"breadcrumb\":{\"@id\":\"https:\/\/www.ariasassessors.com\/ca\/mesures-previstes-i-actuacions-en-casos-concrets-davant-al-coronavirus\/#breadcrumb\"},\"inLanguage\":\"ca\",\"potentialAction\":[{\"@type\":\"ReadAction\",\"target\":[\"https:\/\/www.ariasassessors.com\/ca\/mesures-previstes-i-actuacions-en-casos-concrets-davant-al-coronavirus\/\"]}]},{\"@type\":\"ImageObject\",\"inLanguage\":\"ca\",\"@id\":\"https:\/\/www.ariasassessors.com\/ca\/mesures-previstes-i-actuacions-en-casos-concrets-davant-al-coronavirus\/#primaryimage\",\"url\":\"https:\/\/www.ariasassessors.com\/wp-content\/uploads\/2020\/03\/coronavirus-1.jpg\",\"contentUrl\":\"https:\/\/www.ariasassessors.com\/wp-content\/uploads\/2020\/03\/coronavirus-1.jpg\",\"width\":720,\"height\":407,\"caption\":\"coronavirus\"},{\"@type\":\"BreadcrumbList\",\"@id\":\"https:\/\/www.ariasassessors.com\/ca\/mesures-previstes-i-actuacions-en-casos-concrets-davant-al-coronavirus\/#breadcrumb\",\"itemListElement\":[{\"@type\":\"ListItem\",\"position\":1,\"name\":\"Portada\",\"item\":\"https:\/\/www.ariasassessors.com\/ca\/\"},{\"@type\":\"ListItem\",\"position\":2,\"name\":\"Mesures previstes i actuacions en casos concrets davant el coronavirus\"}]},{\"@type\":\"WebSite\",\"@id\":\"https:\/\/www.ariasassessors.com\/#website\",\"url\":\"https:\/\/www.ariasassessors.com\/\",\"name\":\"Arias Assessors\",\"description\":\"Asesor\u00eda para aut\u00f3nomos, profesionales y PYMES\",\"publisher\":{\"@id\":\"https:\/\/www.ariasassessors.com\/#organization\"},\"potentialAction\":[{\"@type\":\"SearchAction\",\"target\":{\"@type\":\"EntryPoint\",\"urlTemplate\":\"https:\/\/www.ariasassessors.com\/?s={search_term_string}\"},\"query-input\":{\"@type\":\"PropertyValueSpecification\",\"valueRequired\":true,\"valueName\":\"search_term_string\"}}],\"inLanguage\":\"ca\"},{\"@type\":\"Organization\",\"@id\":\"https:\/\/www.ariasassessors.com\/#organization\",\"name\":\"Arias Assessors\",\"url\":\"https:\/\/www.ariasassessors.com\/\",\"logo\":{\"@type\":\"ImageObject\",\"inLanguage\":\"ca\",\"@id\":\"https:\/\/www.ariasassessors.com\/#\/schema\/logo\/image\/\",\"url\":\"https:\/\/www.ariasassessors.com\/wp-content\/uploads\/2019\/01\/arias-logo.png\",\"contentUrl\":\"https:\/\/www.ariasassessors.com\/wp-content\/uploads\/2019\/01\/arias-logo.png\",\"width\":349,\"height\":254,\"caption\":\"Arias Assessors\"},\"image\":{\"@id\":\"https:\/\/www.ariasassessors.com\/#\/schema\/logo\/image\/\"},\"sameAs\":[\"https:\/\/www.facebook.com\/ariasassessors\/\",\"https:\/\/x.com\/ariasassessors\",\"https:\/\/www.linkedin.com\/company\/r&amp;amp;r-growing-knowledge\/\"]},{\"@type\":\"Person\",\"@id\":\"https:\/\/www.ariasassessors.com\/#\/schema\/person\/63c6ad1775f0a9413c37932562673cef\",\"name\":\"btorras\",\"image\":{\"@type\":\"ImageObject\",\"inLanguage\":\"ca\",\"@id\":\"https:\/\/www.ariasassessors.com\/#\/schema\/person\/image\/\",\"url\":\"https:\/\/secure.gravatar.com\/avatar\/0531db351fc361fdbfd204c58fa2d6a3?s=96&d=mm&r=g\",\"contentUrl\":\"https:\/\/secure.gravatar.com\/avatar\/0531db351fc361fdbfd204c58fa2d6a3?s=96&d=mm&r=g\",\"caption\":\"btorras\"}}]}<\/script>\n<!-- \/ Yoast SEO plugin. -->","yoast_head_json":{"title":"Mesures previstes i actuacions en casos concrets davant el coronavirus | Arias Assessors","description":"Mesures adoptades, mesures previstes i actuacions en casos concrets per a empreses i treballadors davant el coronavirus.","robots":{"index":"index","follow":"follow","max-snippet":"max-snippet:-1","max-image-preview":"max-image-preview:large","max-video-preview":"max-video-preview:-1"},"canonical":"https:\/\/www.ariasassessors.com\/ca\/mesures-previstes-i-actuacions-en-casos-concrets-davant-al-coronavirus\/","og_locale":"ca_ES","og_type":"article","og_title":"Mesures previstes i actuacions en casos concrets davant el coronavirus | Arias Assessors","og_description":"Mesures adoptades, mesures previstes i actuacions en casos concrets per a empreses i treballadors davant el coronavirus.","og_url":"https:\/\/www.ariasassessors.com\/ca\/mesures-previstes-i-actuacions-en-casos-concrets-davant-al-coronavirus\/","og_site_name":"Arias Assessors","article_publisher":"https:\/\/www.facebook.com\/ariasassessors\/","article_published_time":"2020-03-12T12:17:54+00:00","article_modified_time":"2020-03-12T12:34:42+00:00","og_image":[{"width":720,"height":407,"url":"https:\/\/www.ariasassessors.com\/wp-content\/uploads\/2020\/03\/coronavirus-1.jpg","type":"image\/jpeg"}],"author":"btorras","twitter_card":"summary_large_image","twitter_creator":"@ariasassessors","twitter_site":"@ariasassessors","twitter_misc":{"Escrit per":"btorras","Temps estimat de lectura":"5 minuts"},"schema":{"@context":"https:\/\/schema.org","@graph":[{"@type":"Article","@id":"https:\/\/www.ariasassessors.com\/ca\/mesures-previstes-i-actuacions-en-casos-concrets-davant-al-coronavirus\/#article","isPartOf":{"@id":"https:\/\/www.ariasassessors.com\/ca\/mesures-previstes-i-actuacions-en-casos-concrets-davant-al-coronavirus\/"},"author":{"name":"btorras","@id":"https:\/\/www.ariasassessors.com\/#\/schema\/person\/63c6ad1775f0a9413c37932562673cef"},"headline":"Mesures previstes i actuacions en casos concrets davant el coronavirus","datePublished":"2020-03-12T12:17:54+00:00","dateModified":"2020-03-12T12:34:42+00:00","mainEntityOfPage":{"@id":"https:\/\/www.ariasassessors.com\/ca\/mesures-previstes-i-actuacions-en-casos-concrets-davant-al-coronavirus\/"},"wordCount":924,"commentCount":0,"publisher":{"@id":"https:\/\/www.ariasassessors.com\/#organization"},"image":{"@id":"https:\/\/www.ariasassessors.com\/ca\/mesures-previstes-i-actuacions-en-casos-concrets-davant-al-coronavirus\/#primaryimage"},"thumbnailUrl":"https:\/\/www.ariasassessors.com\/wp-content\/uploads\/2020\/03\/coronavirus-1.jpg","keywords":["actuacions previstes coronavirus","COVID","mesures coronavirus"],"articleSection":["noticies"],"inLanguage":"ca","potentialAction":[{"@type":"CommentAction","name":"Comment","target":["https:\/\/www.ariasassessors.com\/ca\/mesures-previstes-i-actuacions-en-casos-concrets-davant-al-coronavirus\/#respond"]}]},{"@type":"WebPage","@id":"https:\/\/www.ariasassessors.com\/ca\/mesures-previstes-i-actuacions-en-casos-concrets-davant-al-coronavirus\/","url":"https:\/\/www.ariasassessors.com\/ca\/mesures-previstes-i-actuacions-en-casos-concrets-davant-al-coronavirus\/","name":"Mesures previstes i actuacions en casos concrets davant el coronavirus | Arias Assessors","isPartOf":{"@id":"https:\/\/www.ariasassessors.com\/#website"},"primaryImageOfPage":{"@id":"https:\/\/www.ariasassessors.com\/ca\/mesures-previstes-i-actuacions-en-casos-concrets-davant-al-coronavirus\/#primaryimage"},"image":{"@id":"https:\/\/www.ariasassessors.com\/ca\/mesures-previstes-i-actuacions-en-casos-concrets-davant-al-coronavirus\/#primaryimage"},"thumbnailUrl":"https:\/\/www.ariasassessors.com\/wp-content\/uploads\/2020\/03\/coronavirus-1.jpg","datePublished":"2020-03-12T12:17:54+00:00","dateModified":"2020-03-12T12:34:42+00:00","description":"Mesures adoptades, mesures previstes i actuacions en casos concrets per a empreses i treballadors davant el coronavirus.","breadcrumb":{"@id":"https:\/\/www.ariasassessors.com\/ca\/mesures-previstes-i-actuacions-en-casos-concrets-davant-al-coronavirus\/#breadcrumb"},"inLanguage":"ca","potentialAction":[{"@type":"ReadAction","target":["https:\/\/www.ariasassessors.com\/ca\/mesures-previstes-i-actuacions-en-casos-concrets-davant-al-coronavirus\/"]}]},{"@type":"ImageObject","inLanguage":"ca","@id":"https:\/\/www.ariasassessors.com\/ca\/mesures-previstes-i-actuacions-en-casos-concrets-davant-al-coronavirus\/#primaryimage","url":"https:\/\/www.ariasassessors.com\/wp-content\/uploads\/2020\/03\/coronavirus-1.jpg","contentUrl":"https:\/\/www.ariasassessors.com\/wp-content\/uploads\/2020\/03\/coronavirus-1.jpg","width":720,"height":407,"caption":"coronavirus"},{"@type":"BreadcrumbList","@id":"https:\/\/www.ariasassessors.com\/ca\/mesures-previstes-i-actuacions-en-casos-concrets-davant-al-coronavirus\/#breadcrumb","itemListElement":[{"@type":"ListItem","position":1,"name":"Portada","item":"https:\/\/www.ariasassessors.com\/ca\/"},{"@type":"ListItem","position":2,"name":"Mesures previstes i actuacions en casos concrets davant el coronavirus"}]},{"@type":"WebSite","@id":"https:\/\/www.ariasassessors.com\/#website","url":"https:\/\/www.ariasassessors.com\/","name":"Arias Assessors","description":"Asesor\u00eda para aut\u00f3nomos, profesionales y PYMES","publisher":{"@id":"https:\/\/www.ariasassessors.com\/#organization"},"potentialAction":[{"@type":"SearchAction","target":{"@type":"EntryPoint","urlTemplate":"https:\/\/www.ariasassessors.com\/?s={search_term_string}"},"query-input":{"@type":"PropertyValueSpecification","valueRequired":true,"valueName":"search_term_string"}}],"inLanguage":"ca"},{"@type":"Organization","@id":"https:\/\/www.ariasassessors.com\/#organization","name":"Arias Assessors","url":"https:\/\/www.ariasassessors.com\/","logo":{"@type":"ImageObject","inLanguage":"ca","@id":"https:\/\/www.ariasassessors.com\/#\/schema\/logo\/image\/","url":"https:\/\/www.ariasassessors.com\/wp-content\/uploads\/2019\/01\/arias-logo.png","contentUrl":"https:\/\/www.ariasassessors.com\/wp-content\/uploads\/2019\/01\/arias-logo.png","width":349,"height":254,"caption":"Arias Assessors"},"image":{"@id":"https:\/\/www.ariasassessors.com\/#\/schema\/logo\/image\/"},"sameAs":["https:\/\/www.facebook.com\/ariasassessors\/","https:\/\/x.com\/ariasassessors","https:\/\/www.linkedin.com\/company\/r&amp;amp;r-growing-knowledge\/"]},{"@type":"Person","@id":"https:\/\/www.ariasassessors.com\/#\/schema\/person\/63c6ad1775f0a9413c37932562673cef","name":"btorras","image":{"@type":"ImageObject","inLanguage":"ca","@id":"https:\/\/www.ariasassessors.com\/#\/schema\/person\/image\/","url":"https:\/\/secure.gravatar.com\/avatar\/0531db351fc361fdbfd204c58fa2d6a3?s=96&d=mm&r=g","contentUrl":"https:\/\/secure.gravatar.com\/avatar\/0531db351fc361fdbfd204c58fa2d6a3?s=96&d=mm&r=g","caption":"btorras"}}]}},"_links":{"self":[{"href":"https:\/\/www.ariasassessors.com\/ca\/wp-json\/wp\/v2\/posts\/980","targetHints":{"allow":["GET"]}}],"collection":[{"href":"https:\/\/www.ariasassessors.com\/ca\/wp-json\/wp\/v2\/posts"}],"about":[{"href":"https:\/\/www.ariasassessors.com\/ca\/wp-json\/wp\/v2\/types\/post"}],"author":[{"embeddable":true,"href":"https:\/\/www.ariasassessors.com\/ca\/wp-json\/wp\/v2\/users\/2"}],"replies":[{"embeddable":true,"href":"https:\/\/www.ariasassessors.com\/ca\/wp-json\/wp\/v2\/comments?post=980"}],"version-history":[{"count":2,"href":"https:\/\/www.ariasassessors.com\/ca\/wp-json\/wp\/v2\/posts\/980\/revisions"}],"predecessor-version":[{"id":982,"href":"https:\/\/www.ariasassessors.com\/ca\/wp-json\/wp\/v2\/posts\/980\/revisions\/982"}],"wp:featuredmedia":[{"embeddable":true,"href":"https:\/\/www.ariasassessors.com\/ca\/wp-json\/wp\/v2\/media\/974"}],"wp:attachment":[{"href":"https:\/\/www.ariasassessors.com\/ca\/wp-json\/wp\/v2\/media?parent=980"}],"wp:term":[{"taxonomy":"category","embeddable":true,"href":"https:\/\/www.ariasassessors.com\/ca\/wp-json\/wp\/v2\/categories?post=980"},{"taxonomy":"post_tag","embeddable":true,"href":"https:\/\/www.ariasassessors.com\/ca\/wp-json\/wp\/v2\/tags?post=980"}],"curies":[{"name":"wp","href":"https:\/\/api.w.org\/{rel}","templated":true}]}}