{"id":989,"date":"2020-03-16T15:23:41","date_gmt":"2020-03-16T14:23:41","guid":{"rendered":"https:\/\/www.ariasassessors.com\/16-03-actualitzacio-sobre-lactuacio-laboral-de-les-empreses-davant-el-coronavirus\/"},"modified":"2020-03-16T15:27:19","modified_gmt":"2020-03-16T14:27:19","slug":"16-03-actualitzacio-sobre-lactuacio-laboral-de-les-empreses-davant-el-coronavirus","status":"publish","type":"post","link":"https:\/\/www.ariasassessors.com\/ca\/16-03-actualitzacio-sobre-lactuacio-laboral-de-les-empreses-davant-el-coronavirus\/","title":{"rendered":"16\/03 Actualitzaci\u00f3 sobre l&#8217;actuaci\u00f3 laboral de les empreses davant el coronavirus"},"content":{"rendered":"<p>Com tractem de fer cada dia, els informem de com est\u00e0 la situaci\u00f3 i mesures aplicables a dia d&#8217;avui dilluns 16 de mar\u00e7 de 2020:<br \/>\nLABORAL:<\/p>\n<p>1. ERTE (Expedient de regulaci\u00f3 temporal d&#8217;ocupaci\u00f3): podem iniciar els tr\u00e0mits, entenent ERTE\u00a0 per for\u00e7a major (en alguns sectors ho estan cridant &#8220;expr\u00e9s&#8221;) aquells negocis \/ activitats que apareixen espec\u00edficament suspesa la seva activitat \/ obertura a p\u00fablic en l&#8217;article 10 de Reial Decret 463\/2020, de 14 de Mar\u00e7, en el qual es declara l&#8217;estat d&#8217;alarma. Evidentment el motiu a al\u00b7legar en aquests procediments \u00e9s el de for\u00e7a major, \u00e9s a dir, haver de tancar perqu\u00e8 aix\u00ed ve recollit en el Reial Decret, b\u00e9 directament, per suspensi\u00f3 de l&#8217;activitat, o b\u00e9 indirectament, perqu\u00e8 els teus clients (la totalitat) hagin tancar per aquesta for\u00e7a major. Per\u00f2 tot aix\u00f2 caldr\u00e0 acreditar-ho correctament, \u00e9s clar. Aquelles activitats que entenem que ja poden iniciar aquests tr\u00e0mits s\u00f3n:<\/p>\n<p>&#8211; Locals i establiments minoristes de venda a el p\u00fablic (a excepci\u00f3 dels que preveu l&#8217;article 10.1 (alimentaci\u00f3, articles primera necessitat, metges, \u00f2ptiques i productes ortop\u00e8dics, estancs, mascotes, tintoreries, equips tecnol\u00f2gics i telecomunicacions &#8230;)<br \/>\n&#8211; Museus, arxius, biblioteques, monuments, locals d&#8217;espectacles esportius, locals i centres d&#8217;activitats esportius i oci.<br \/>\n&#8211; Tota activitat d&#8217;hostaleria i restauraci\u00f3 (excepte serveis de lliurament a domicili)<\/p>\n<p>&#8211; \u00daNICAMENT AQUESTES ACTIVITATS PODEN INICIAR AMB SEGURETAT EL ERTE PER FOR\u00c7A MAJOR, si b\u00e9 no podem garantir com seguir\u00e0 el tr\u00e0mit i quants d&#8217;aquests expedients seran definitivament aprovats. A la nostra consulta directa amb funcionaris de la Generalitat, aquestes s\u00f3n les seves indicacions. Que ja poden presentar, per\u00f2 que despr\u00e9s anirem veient com van els tr\u00e0mits. Tal qual ho sabem, tal qual els informem.<\/p>\n<p>&#8211; La TRANQUIL\u00b7LITAT que ens han donat \u00e9s que aquests expedients, en cas d&#8217;aprovar, tindran car\u00e0cter retroactiu, cosa que ha de tranquil\u00b7litzar empreses i treballadors temporalment, ja que encara que la seva tramitaci\u00f3 i aprovaci\u00f3 no sigui tan r\u00e0pida com a tots ens agradaria, a el menys sabem que tindr\u00e0 aquest car\u00e0cter retroactiu.<\/p>\n<p>2. En tota la resta de casos, activitats, negocis, aut\u00f2noms etc &#8230; no acollits en aquest article 10 de Reial Decret 463\/2020 i que acabem d&#8217;anunciar, la possibilitat d&#8217;optar per un ERTE ara mateix \u00e9s complicada. Estem tractant de valorar opcions de ERTE per temes organitzatius, t\u00e8cnics o productius, com pot ser un notable descens en la facturaci\u00f3 a causa d&#8217;aquesta situaci\u00f3, per\u00f2 en aquest cas ning\u00fa ens garanteix que aquest tipus de ERTE QUE NO \u00c9S de for\u00e7a major sigui aprovat, i per tant, demanem paci\u00e8ncia i m\u00e9s temps per prendre decisions a l&#8217;respecte.<\/p>\n<p>3. Per a tot aquest col\u00b7lectiu, que en realitat s\u00f3n la totalitat d&#8217;empreses i professionals als quals no se&#8217;ls ha obligat espec\u00edficament a tancar per decret, mai millor dit, hem d&#8217;esperar altres opcions les quals es posaran creiem en coneixement de tots a partir de dem\u00e0 dimarts, 17 de mar\u00e7. Mesures com suspensions de quotes d&#8217;aut\u00f2noms, exoneraci\u00f3 de pagaments d&#8217;empreses de cotitzacions socials, etc &#8230; s&#8217;aniran veient a partir esperem de dem\u00e0, i llavors tindrem m\u00e9s eines a la m\u00e0 per poder valorar si optar per iniciar un expedient de regulaci\u00f3 d&#8217;ocupaci\u00f3 per temes productius o organitzatius, o b\u00e9 s&#8217;opta per la mediaci\u00f3 i negociaci\u00f3 entre empresa i treballadors aprofitant algunes de les mesures adoptades.<\/p>\n<p>4. Algunes mesures ja aprovades, com la situaci\u00f3 de baixa m\u00e8dica pel virus que ser\u00e0 tractada com a accident de treball, etc .. ja han estat comentades per nosaltres en comunicats anteriors.<\/p>\n<p>FISCAL:<\/p>\n<p>1. Tenim de moment la possibilitat que ja es va publicar el passat dia 13 de Mar\u00e7 en el Reial Decret 7\/2020 de l&#8217;ajornament de deutes tributaris en 6 mesos sense rec\u00e0rrecs ni interessos. Aquestes deutes tributaris es refereixen a impostos des del per\u00edode de 13 de Mar\u00e7 2020 a 30 de Maig 2020, incloent doncs entre altres el per\u00edode de presentaci\u00f3 d&#8217;impostos del primer trimestre del 2020. S&#8217;inclouen dins d&#8217;aquests ajornaments deutes tributaris com els pagaments a compte d&#8217;IRPF, models 111, 115 o 123 de les quals en circumst\u00e0ncies normals no s&#8217;admet ajornament.<\/p>\n<p>2. Catalunya: model 950 pagament taxa tur\u00edstica &#8211; establiments d&#8217;\u00fas tur\u00edstic que havia de fer-se en Abril (per\u00edode 1 octubre 2019 a 31 mar\u00e7 2020), passa a Octubre 2020, segon termini previst per al pagament d&#8217;aquesta taxa.<\/p>\n<p>FINANCERES:<\/p>\n<p>1. Mesures de suport a l&#8217;turisme. Ampliaci\u00f3 de la l\u00ednia de finan\u00e7ament Thomas Cook per a les empreses que tinguin CNAE de sector tur\u00edstic<\/p>\n<p>2. En el marc de les bases per a la concessi\u00f3 de suport financer a la inversi\u00f3 industrial en el marc de la pol\u00edtica p\u00fablica de reindustrialitzaci\u00f3 i foment de la competitivitat industrial, respecte dels Pr\u00e9stecs<\/p>\n","protected":false},"excerpt":{"rendered":"<p>Com tractem de fer cada dia, els informem de com est\u00e0 la situaci\u00f3 i mesures aplicables a dia d&#8217;avui dilluns 16 de mar\u00e7 de 2020: LABORAL: 1. ERTE (Expedient de regulaci\u00f3 temporal d&#8217;ocupaci\u00f3): podem iniciar els tr\u00e0mits, entenent ERTE\u00a0 per for\u00e7a major (en alguns sectors&#8230;<\/p>\n","protected":false},"author":2,"featured_media":994,"comment_status":"open","ping_status":"open","sticky":false,"template":"","format":"standard","meta":{"footnotes":""},"categories":[4],"tags":[453],"class_list":["post-989","post","type-post","status-publish","format-standard","has-post-thumbnail","hentry","category-noticies","tag-coronavirus-ca"],"yoast_head":"<!-- This site is optimized with the Yoast SEO plugin v24.3 - https:\/\/yoast.com\/wordpress\/plugins\/seo\/ -->\n<title>16\/03 Actualitzaci\u00f3 sobre l&#039;actuaci\u00f3 laboral de les empreses davant el coronavirus | Arias Assessors<\/title>\n<meta name=\"description\" content=\"Actualitzaci\u00f3 sobre l&#039;actuaci\u00f3 laboral de les empreses enfront de l&#039;coronavirus. L&#039;actualitzaci\u00f3 fa front a les mesures laborals, fiscal i financera.\" \/>\n<meta name=\"robots\" content=\"index, follow, max-snippet:-1, max-image-preview:large, max-video-preview:-1\" \/>\n<link rel=\"canonical\" href=\"https:\/\/www.ariasassessors.com\/ca\/16-03-actualitzacio-sobre-lactuacio-laboral-de-les-empreses-davant-el-coronavirus\/\" \/>\n<meta property=\"og:locale\" content=\"ca_ES\" \/>\n<meta property=\"og:type\" content=\"article\" \/>\n<meta property=\"og:title\" content=\"16\/03 Actualitzaci\u00f3 sobre l&#039;actuaci\u00f3 laboral de les empreses davant el coronavirus | Arias Assessors\" \/>\n<meta property=\"og:description\" content=\"Actualitzaci\u00f3 sobre l&#039;actuaci\u00f3 laboral de les empreses enfront de l&#039;coronavirus. L&#039;actualitzaci\u00f3 fa front a les mesures laborals, fiscal i financera.\" \/>\n<meta property=\"og:url\" content=\"https:\/\/www.ariasassessors.com\/ca\/16-03-actualitzacio-sobre-lactuacio-laboral-de-les-empreses-davant-el-coronavirus\/\" \/>\n<meta property=\"og:site_name\" content=\"Arias Assessors\" \/>\n<meta property=\"article:publisher\" content=\"https:\/\/www.facebook.com\/ariasassessors\/\" \/>\n<meta property=\"article:published_time\" content=\"2020-03-16T14:23:41+00:00\" \/>\n<meta property=\"article:modified_time\" content=\"2020-03-16T14:27:19+00:00\" \/>\n<meta property=\"og:image\" content=\"https:\/\/www.ariasassessors.com\/wp-content\/uploads\/2020\/03\/unnamed.png\" \/>\n\t<meta property=\"og:image:width\" content=\"512\" \/>\n\t<meta property=\"og:image:height\" content=\"288\" \/>\n\t<meta property=\"og:image:type\" content=\"image\/png\" \/>\n<meta name=\"author\" content=\"btorras\" \/>\n<meta name=\"twitter:card\" content=\"summary_large_image\" \/>\n<meta name=\"twitter:creator\" content=\"@ariasassessors\" \/>\n<meta name=\"twitter:site\" content=\"@ariasassessors\" \/>\n<meta name=\"twitter:label1\" content=\"Escrit per\" \/>\n\t<meta name=\"twitter:data1\" content=\"btorras\" \/>\n\t<meta name=\"twitter:label2\" content=\"Temps estimat de lectura\" \/>\n\t<meta name=\"twitter:data2\" content=\"4 minuts\" \/>\n<script type=\"application\/ld+json\" class=\"yoast-schema-graph\">{\"@context\":\"https:\/\/schema.org\",\"@graph\":[{\"@type\":\"Article\",\"@id\":\"https:\/\/www.ariasassessors.com\/ca\/16-03-actualitzacio-sobre-lactuacio-laboral-de-les-empreses-davant-el-coronavirus\/#article\",\"isPartOf\":{\"@id\":\"https:\/\/www.ariasassessors.com\/ca\/16-03-actualitzacio-sobre-lactuacio-laboral-de-les-empreses-davant-el-coronavirus\/\"},\"author\":{\"name\":\"btorras\",\"@id\":\"https:\/\/www.ariasassessors.com\/#\/schema\/person\/63c6ad1775f0a9413c37932562673cef\"},\"headline\":\"16\/03 Actualitzaci\u00f3 sobre l&#8217;actuaci\u00f3 laboral de les empreses davant el coronavirus\",\"datePublished\":\"2020-03-16T14:23:41+00:00\",\"dateModified\":\"2020-03-16T14:27:19+00:00\",\"mainEntityOfPage\":{\"@id\":\"https:\/\/www.ariasassessors.com\/ca\/16-03-actualitzacio-sobre-lactuacio-laboral-de-les-empreses-davant-el-coronavirus\/\"},\"wordCount\":781,\"commentCount\":0,\"publisher\":{\"@id\":\"https:\/\/www.ariasassessors.com\/#organization\"},\"image\":{\"@id\":\"https:\/\/www.ariasassessors.com\/ca\/16-03-actualitzacio-sobre-lactuacio-laboral-de-les-empreses-davant-el-coronavirus\/#primaryimage\"},\"thumbnailUrl\":\"https:\/\/www.ariasassessors.com\/wp-content\/uploads\/2020\/03\/unnamed.png\",\"keywords\":[\"COVID\"],\"articleSection\":[\"noticies\"],\"inLanguage\":\"ca\",\"potentialAction\":[{\"@type\":\"CommentAction\",\"name\":\"Comment\",\"target\":[\"https:\/\/www.ariasassessors.com\/ca\/16-03-actualitzacio-sobre-lactuacio-laboral-de-les-empreses-davant-el-coronavirus\/#respond\"]}]},{\"@type\":\"WebPage\",\"@id\":\"https:\/\/www.ariasassessors.com\/ca\/16-03-actualitzacio-sobre-lactuacio-laboral-de-les-empreses-davant-el-coronavirus\/\",\"url\":\"https:\/\/www.ariasassessors.com\/ca\/16-03-actualitzacio-sobre-lactuacio-laboral-de-les-empreses-davant-el-coronavirus\/\",\"name\":\"16\/03 Actualitzaci\u00f3 sobre l'actuaci\u00f3 laboral de les empreses davant el coronavirus | Arias Assessors\",\"isPartOf\":{\"@id\":\"https:\/\/www.ariasassessors.com\/#website\"},\"primaryImageOfPage\":{\"@id\":\"https:\/\/www.ariasassessors.com\/ca\/16-03-actualitzacio-sobre-lactuacio-laboral-de-les-empreses-davant-el-coronavirus\/#primaryimage\"},\"image\":{\"@id\":\"https:\/\/www.ariasassessors.com\/ca\/16-03-actualitzacio-sobre-lactuacio-laboral-de-les-empreses-davant-el-coronavirus\/#primaryimage\"},\"thumbnailUrl\":\"https:\/\/www.ariasassessors.com\/wp-content\/uploads\/2020\/03\/unnamed.png\",\"datePublished\":\"2020-03-16T14:23:41+00:00\",\"dateModified\":\"2020-03-16T14:27:19+00:00\",\"description\":\"Actualitzaci\u00f3 sobre l'actuaci\u00f3 laboral de les empreses enfront de l'coronavirus. L'actualitzaci\u00f3 fa front a les mesures laborals, fiscal i financera.\",\"breadcrumb\":{\"@id\":\"https:\/\/www.ariasassessors.com\/ca\/16-03-actualitzacio-sobre-lactuacio-laboral-de-les-empreses-davant-el-coronavirus\/#breadcrumb\"},\"inLanguage\":\"ca\",\"potentialAction\":[{\"@type\":\"ReadAction\",\"target\":[\"https:\/\/www.ariasassessors.com\/ca\/16-03-actualitzacio-sobre-lactuacio-laboral-de-les-empreses-davant-el-coronavirus\/\"]}]},{\"@type\":\"ImageObject\",\"inLanguage\":\"ca\",\"@id\":\"https:\/\/www.ariasassessors.com\/ca\/16-03-actualitzacio-sobre-lactuacio-laboral-de-les-empreses-davant-el-coronavirus\/#primaryimage\",\"url\":\"https:\/\/www.ariasassessors.com\/wp-content\/uploads\/2020\/03\/unnamed.png\",\"contentUrl\":\"https:\/\/www.ariasassessors.com\/wp-content\/uploads\/2020\/03\/unnamed.png\",\"width\":512,\"height\":288},{\"@type\":\"BreadcrumbList\",\"@id\":\"https:\/\/www.ariasassessors.com\/ca\/16-03-actualitzacio-sobre-lactuacio-laboral-de-les-empreses-davant-el-coronavirus\/#breadcrumb\",\"itemListElement\":[{\"@type\":\"ListItem\",\"position\":1,\"name\":\"Portada\",\"item\":\"https:\/\/www.ariasassessors.com\/ca\/\"},{\"@type\":\"ListItem\",\"position\":2,\"name\":\"16\/03 Actualitzaci\u00f3 sobre l&#8217;actuaci\u00f3 laboral de les empreses davant el coronavirus\"}]},{\"@type\":\"WebSite\",\"@id\":\"https:\/\/www.ariasassessors.com\/#website\",\"url\":\"https:\/\/www.ariasassessors.com\/\",\"name\":\"Arias Assessors\",\"description\":\"Asesor\u00eda para aut\u00f3nomos, profesionales y PYMES\",\"publisher\":{\"@id\":\"https:\/\/www.ariasassessors.com\/#organization\"},\"potentialAction\":[{\"@type\":\"SearchAction\",\"target\":{\"@type\":\"EntryPoint\",\"urlTemplate\":\"https:\/\/www.ariasassessors.com\/?s={search_term_string}\"},\"query-input\":{\"@type\":\"PropertyValueSpecification\",\"valueRequired\":true,\"valueName\":\"search_term_string\"}}],\"inLanguage\":\"ca\"},{\"@type\":\"Organization\",\"@id\":\"https:\/\/www.ariasassessors.com\/#organization\",\"name\":\"Arias Assessors\",\"url\":\"https:\/\/www.ariasassessors.com\/\",\"logo\":{\"@type\":\"ImageObject\",\"inLanguage\":\"ca\",\"@id\":\"https:\/\/www.ariasassessors.com\/#\/schema\/logo\/image\/\",\"url\":\"https:\/\/www.ariasassessors.com\/wp-content\/uploads\/2019\/01\/arias-logo.png\",\"contentUrl\":\"https:\/\/www.ariasassessors.com\/wp-content\/uploads\/2019\/01\/arias-logo.png\",\"width\":349,\"height\":254,\"caption\":\"Arias Assessors\"},\"image\":{\"@id\":\"https:\/\/www.ariasassessors.com\/#\/schema\/logo\/image\/\"},\"sameAs\":[\"https:\/\/www.facebook.com\/ariasassessors\/\",\"https:\/\/x.com\/ariasassessors\",\"https:\/\/www.linkedin.com\/company\/r&amp;amp;r-growing-knowledge\/\"]},{\"@type\":\"Person\",\"@id\":\"https:\/\/www.ariasassessors.com\/#\/schema\/person\/63c6ad1775f0a9413c37932562673cef\",\"name\":\"btorras\",\"image\":{\"@type\":\"ImageObject\",\"inLanguage\":\"ca\",\"@id\":\"https:\/\/www.ariasassessors.com\/#\/schema\/person\/image\/\",\"url\":\"https:\/\/secure.gravatar.com\/avatar\/0531db351fc361fdbfd204c58fa2d6a3?s=96&d=mm&r=g\",\"contentUrl\":\"https:\/\/secure.gravatar.com\/avatar\/0531db351fc361fdbfd204c58fa2d6a3?s=96&d=mm&r=g\",\"caption\":\"btorras\"}}]}<\/script>\n<!-- \/ Yoast SEO plugin. -->","yoast_head_json":{"title":"16\/03 Actualitzaci\u00f3 sobre l'actuaci\u00f3 laboral de les empreses davant el coronavirus | Arias Assessors","description":"Actualitzaci\u00f3 sobre l'actuaci\u00f3 laboral de les empreses enfront de l'coronavirus. L'actualitzaci\u00f3 fa front a les mesures laborals, fiscal i financera.","robots":{"index":"index","follow":"follow","max-snippet":"max-snippet:-1","max-image-preview":"max-image-preview:large","max-video-preview":"max-video-preview:-1"},"canonical":"https:\/\/www.ariasassessors.com\/ca\/16-03-actualitzacio-sobre-lactuacio-laboral-de-les-empreses-davant-el-coronavirus\/","og_locale":"ca_ES","og_type":"article","og_title":"16\/03 Actualitzaci\u00f3 sobre l'actuaci\u00f3 laboral de les empreses davant el coronavirus | Arias Assessors","og_description":"Actualitzaci\u00f3 sobre l'actuaci\u00f3 laboral de les empreses enfront de l'coronavirus. L'actualitzaci\u00f3 fa front a les mesures laborals, fiscal i financera.","og_url":"https:\/\/www.ariasassessors.com\/ca\/16-03-actualitzacio-sobre-lactuacio-laboral-de-les-empreses-davant-el-coronavirus\/","og_site_name":"Arias Assessors","article_publisher":"https:\/\/www.facebook.com\/ariasassessors\/","article_published_time":"2020-03-16T14:23:41+00:00","article_modified_time":"2020-03-16T14:27:19+00:00","og_image":[{"width":512,"height":288,"url":"https:\/\/www.ariasassessors.com\/wp-content\/uploads\/2020\/03\/unnamed.png","type":"image\/png"}],"author":"btorras","twitter_card":"summary_large_image","twitter_creator":"@ariasassessors","twitter_site":"@ariasassessors","twitter_misc":{"Escrit per":"btorras","Temps estimat de lectura":"4 minuts"},"schema":{"@context":"https:\/\/schema.org","@graph":[{"@type":"Article","@id":"https:\/\/www.ariasassessors.com\/ca\/16-03-actualitzacio-sobre-lactuacio-laboral-de-les-empreses-davant-el-coronavirus\/#article","isPartOf":{"@id":"https:\/\/www.ariasassessors.com\/ca\/16-03-actualitzacio-sobre-lactuacio-laboral-de-les-empreses-davant-el-coronavirus\/"},"author":{"name":"btorras","@id":"https:\/\/www.ariasassessors.com\/#\/schema\/person\/63c6ad1775f0a9413c37932562673cef"},"headline":"16\/03 Actualitzaci\u00f3 sobre l&#8217;actuaci\u00f3 laboral de les empreses davant el coronavirus","datePublished":"2020-03-16T14:23:41+00:00","dateModified":"2020-03-16T14:27:19+00:00","mainEntityOfPage":{"@id":"https:\/\/www.ariasassessors.com\/ca\/16-03-actualitzacio-sobre-lactuacio-laboral-de-les-empreses-davant-el-coronavirus\/"},"wordCount":781,"commentCount":0,"publisher":{"@id":"https:\/\/www.ariasassessors.com\/#organization"},"image":{"@id":"https:\/\/www.ariasassessors.com\/ca\/16-03-actualitzacio-sobre-lactuacio-laboral-de-les-empreses-davant-el-coronavirus\/#primaryimage"},"thumbnailUrl":"https:\/\/www.ariasassessors.com\/wp-content\/uploads\/2020\/03\/unnamed.png","keywords":["COVID"],"articleSection":["noticies"],"inLanguage":"ca","potentialAction":[{"@type":"CommentAction","name":"Comment","target":["https:\/\/www.ariasassessors.com\/ca\/16-03-actualitzacio-sobre-lactuacio-laboral-de-les-empreses-davant-el-coronavirus\/#respond"]}]},{"@type":"WebPage","@id":"https:\/\/www.ariasassessors.com\/ca\/16-03-actualitzacio-sobre-lactuacio-laboral-de-les-empreses-davant-el-coronavirus\/","url":"https:\/\/www.ariasassessors.com\/ca\/16-03-actualitzacio-sobre-lactuacio-laboral-de-les-empreses-davant-el-coronavirus\/","name":"16\/03 Actualitzaci\u00f3 sobre l'actuaci\u00f3 laboral de les empreses davant el coronavirus | Arias Assessors","isPartOf":{"@id":"https:\/\/www.ariasassessors.com\/#website"},"primaryImageOfPage":{"@id":"https:\/\/www.ariasassessors.com\/ca\/16-03-actualitzacio-sobre-lactuacio-laboral-de-les-empreses-davant-el-coronavirus\/#primaryimage"},"image":{"@id":"https:\/\/www.ariasassessors.com\/ca\/16-03-actualitzacio-sobre-lactuacio-laboral-de-les-empreses-davant-el-coronavirus\/#primaryimage"},"thumbnailUrl":"https:\/\/www.ariasassessors.com\/wp-content\/uploads\/2020\/03\/unnamed.png","datePublished":"2020-03-16T14:23:41+00:00","dateModified":"2020-03-16T14:27:19+00:00","description":"Actualitzaci\u00f3 sobre l'actuaci\u00f3 laboral de les empreses enfront de l'coronavirus. L'actualitzaci\u00f3 fa front a les mesures laborals, fiscal i financera.","breadcrumb":{"@id":"https:\/\/www.ariasassessors.com\/ca\/16-03-actualitzacio-sobre-lactuacio-laboral-de-les-empreses-davant-el-coronavirus\/#breadcrumb"},"inLanguage":"ca","potentialAction":[{"@type":"ReadAction","target":["https:\/\/www.ariasassessors.com\/ca\/16-03-actualitzacio-sobre-lactuacio-laboral-de-les-empreses-davant-el-coronavirus\/"]}]},{"@type":"ImageObject","inLanguage":"ca","@id":"https:\/\/www.ariasassessors.com\/ca\/16-03-actualitzacio-sobre-lactuacio-laboral-de-les-empreses-davant-el-coronavirus\/#primaryimage","url":"https:\/\/www.ariasassessors.com\/wp-content\/uploads\/2020\/03\/unnamed.png","contentUrl":"https:\/\/www.ariasassessors.com\/wp-content\/uploads\/2020\/03\/unnamed.png","width":512,"height":288},{"@type":"BreadcrumbList","@id":"https:\/\/www.ariasassessors.com\/ca\/16-03-actualitzacio-sobre-lactuacio-laboral-de-les-empreses-davant-el-coronavirus\/#breadcrumb","itemListElement":[{"@type":"ListItem","position":1,"name":"Portada","item":"https:\/\/www.ariasassessors.com\/ca\/"},{"@type":"ListItem","position":2,"name":"16\/03 Actualitzaci\u00f3 sobre l&#8217;actuaci\u00f3 laboral de les empreses davant el coronavirus"}]},{"@type":"WebSite","@id":"https:\/\/www.ariasassessors.com\/#website","url":"https:\/\/www.ariasassessors.com\/","name":"Arias Assessors","description":"Asesor\u00eda para aut\u00f3nomos, profesionales y PYMES","publisher":{"@id":"https:\/\/www.ariasassessors.com\/#organization"},"potentialAction":[{"@type":"SearchAction","target":{"@type":"EntryPoint","urlTemplate":"https:\/\/www.ariasassessors.com\/?s={search_term_string}"},"query-input":{"@type":"PropertyValueSpecification","valueRequired":true,"valueName":"search_term_string"}}],"inLanguage":"ca"},{"@type":"Organization","@id":"https:\/\/www.ariasassessors.com\/#organization","name":"Arias Assessors","url":"https:\/\/www.ariasassessors.com\/","logo":{"@type":"ImageObject","inLanguage":"ca","@id":"https:\/\/www.ariasassessors.com\/#\/schema\/logo\/image\/","url":"https:\/\/www.ariasassessors.com\/wp-content\/uploads\/2019\/01\/arias-logo.png","contentUrl":"https:\/\/www.ariasassessors.com\/wp-content\/uploads\/2019\/01\/arias-logo.png","width":349,"height":254,"caption":"Arias Assessors"},"image":{"@id":"https:\/\/www.ariasassessors.com\/#\/schema\/logo\/image\/"},"sameAs":["https:\/\/www.facebook.com\/ariasassessors\/","https:\/\/x.com\/ariasassessors","https:\/\/www.linkedin.com\/company\/r&amp;amp;r-growing-knowledge\/"]},{"@type":"Person","@id":"https:\/\/www.ariasassessors.com\/#\/schema\/person\/63c6ad1775f0a9413c37932562673cef","name":"btorras","image":{"@type":"ImageObject","inLanguage":"ca","@id":"https:\/\/www.ariasassessors.com\/#\/schema\/person\/image\/","url":"https:\/\/secure.gravatar.com\/avatar\/0531db351fc361fdbfd204c58fa2d6a3?s=96&d=mm&r=g","contentUrl":"https:\/\/secure.gravatar.com\/avatar\/0531db351fc361fdbfd204c58fa2d6a3?s=96&d=mm&r=g","caption":"btorras"}}]}},"_links":{"self":[{"href":"https:\/\/www.ariasassessors.com\/ca\/wp-json\/wp\/v2\/posts\/989","targetHints":{"allow":["GET"]}}],"collection":[{"href":"https:\/\/www.ariasassessors.com\/ca\/wp-json\/wp\/v2\/posts"}],"about":[{"href":"https:\/\/www.ariasassessors.com\/ca\/wp-json\/wp\/v2\/types\/post"}],"author":[{"embeddable":true,"href":"https:\/\/www.ariasassessors.com\/ca\/wp-json\/wp\/v2\/users\/2"}],"replies":[{"embeddable":true,"href":"https:\/\/www.ariasassessors.com\/ca\/wp-json\/wp\/v2\/comments?post=989"}],"version-history":[{"count":2,"href":"https:\/\/www.ariasassessors.com\/ca\/wp-json\/wp\/v2\/posts\/989\/revisions"}],"predecessor-version":[{"id":992,"href":"https:\/\/www.ariasassessors.com\/ca\/wp-json\/wp\/v2\/posts\/989\/revisions\/992"}],"wp:featuredmedia":[{"embeddable":true,"href":"https:\/\/www.ariasassessors.com\/ca\/wp-json\/wp\/v2\/media\/994"}],"wp:attachment":[{"href":"https:\/\/www.ariasassessors.com\/ca\/wp-json\/wp\/v2\/media?parent=989"}],"wp:term":[{"taxonomy":"category","embeddable":true,"href":"https:\/\/www.ariasassessors.com\/ca\/wp-json\/wp\/v2\/categories?post=989"},{"taxonomy":"post_tag","embeddable":true,"href":"https:\/\/www.ariasassessors.com\/ca\/wp-json\/wp\/v2\/tags?post=989"}],"curies":[{"name":"wp","href":"https:\/\/api.w.org\/{rel}","templated":true}]}}