{"id":999,"date":"2020-03-18T14:09:01","date_gmt":"2020-03-18T13:09:01","guid":{"rendered":"https:\/\/www.ariasassessors.com\/important-noves-mesures-economiques-i-ajudes-adoptades-per-a-empreses-i-autonoms-publicades-avui-dimecres-18-marc-2020-covid19\/"},"modified":"2020-03-18T15:38:00","modified_gmt":"2020-03-18T14:38:00","slug":"important-noves-mesures-economiques-i-ajudes-adoptades-per-a-empreses-i-autonoms-publicades-avui-dimecres-18-marc-2020-covid19","status":"publish","type":"post","link":"https:\/\/www.ariasassessors.com\/ca\/important-noves-mesures-economiques-i-ajudes-adoptades-per-a-empreses-i-autonoms-publicades-avui-dimecres-18-marc-2020-covid19\/","title":{"rendered":"IMPORTANT: NOVES MESURES ECON\u00d2MIQUES I AJUDES ADOPTADES PER A EMPRESES I AUT\u00d2NOMS PUBLICADES AVUI DIMECRES 18 MAR\u00c7 2020 &#8211; COVID19"},"content":{"rendered":"<p>Bona tarda a tothom,<\/p>\n<p>Com molts de vosaltres ja coneixeu avui ve publicat al BOE de 18 de Mar\u00e7 2020 les noves mesures adoptades pel Govern per a ajudes a empreses i aut\u00f2noms en relaci\u00f3 amb la crisi del Coronavirus, aqu\u00ed us detallem els principals canvis i novetats:<\/p>\n<p>AUT\u00d2NOMS:<\/p>\n<ol>\n<li>Comencem per aclarir que la possibilitat de &#8220;suspendre&#8221; la quota \/ pagament d&#8217;aut\u00f2noms mentre duri l&#8217;estat d&#8217;alarma, que molts han valorat com una de les mesures que es podrien adoptar, no ser\u00e0 aix\u00ed, de manera que els treballadors aut\u00f2noms que continu\u00efn amb l&#8217;activitat, en major o menor mesura o productivitat, hauran de seguir pagant la quota, com fins ara.<\/li>\n<li>Ara b\u00e9, i aqu\u00ed la gran novetat i mesura adoptada, aquells treballadors aut\u00f2noms que puguin acreditar que la seva activitat ha estat suspesa i els seus treballs cancel\u00b7lats, podran donar-se de baixa de l&#8217;activitat i aut\u00f2noms i accedir a la prestaci\u00f3 per atur mentre duri la crisi. \u00d2bviament aix\u00f2 implicar\u00e0 que, un cop tramitada la baixa, el mes seg\u00fcent ja no es pagar\u00e0 quota d&#8217;aut\u00f2noms, fins reactivar l&#8217;activitat i nova alta. Els aut\u00f2noms podran tramitar la baixa i posterior cobrament de la prestaci\u00f3 en 2 situacions:<\/li>\n<li>Si la seva activitat ha estat suspesa (obligats a tancar), com \u00e9s el cas de bars, restaurants, perruqueries, centres d&#8217;est\u00e8tica, comer\u00e7os minoristes, etc&#8230; (les activitats de el Real Decreto 463\/2020 de 14 de Marzo)<\/li>\n<li>Puguin acreditar que en l&#8217;\u00faltim mes (per aix\u00f2 entenem que caldr\u00e0 esperar a final de mar\u00e7) la seva facturaci\u00f3 s&#8217;ha redu\u00eft dr\u00e0sticament, fet que suposa en concret un 75% de facturaci\u00f3 respecte a la mitjana de l&#8217;semestre anterior.<\/li>\n<li>Subvenci\u00f3 Generalitat de Catalunya per a aut\u00f2noms: El Govern de la Generalitat ha aprovat aquest dimarts una subvenci\u00f3 per als aut\u00f2noms que s&#8217;han quedat sense activitat. Si b\u00e9 aquest dilluns es discutia que la prestaci\u00f3 podia ser d&#8217;entre 1.500 i 2.500 euros, a la fin el vicepresident de la Generalitat, Pere Aragon\u00e8s, i el conseller de Treball ha confirmat que ser\u00e0 de com a m\u00e0xim 2.000 euros. \u00c9s un dels temes que es van tractar en la reuni\u00f3 que van celebrar aquest dilluns la patronal, els sindicats i el Govern. IMPORTANT: s&#8217;ha aprovat la mesura, ara falta el desenvolupament, quins aut\u00f2noms realment podr\u00e0n acollir-se a aquesta subvenci\u00f3, que documentaci\u00f3 caldr\u00e0 aportar per acreditar el cessament d&#8217;activitat, etc &#8230; de manera que encara no est\u00e0 operativa a dia d&#8217;avui aquesta via.<\/li>\n<\/ol>\n<p>EMPRESES &#8211; TREBALLADORS:<\/p>\n<ul>\n<li>Es flexibilitza la possibilitat que les empreses optin a tramitar un ERTE per for\u00e7a major. La amigable discussi\u00f3 que hem tingut amb alguns dels nostres clients, indicant-los que fins a la data d&#8217;avui \u00fanicament pod\u00edem considerar ERTE per for\u00e7a major aquelles activitats recollides en el RD 463\/2020 i que eren les activitats suspeses unilateralment (bars, restaurants, perruqueries, etc. &#8230;) doncs finalment ha variat. Ara es va a considerar for\u00e7a major, a m\u00e9s de les anteriors, tamb\u00e9 aquelles empreses que, i cito textualment de BOE:<br \/>\n&#8220;P\u00e8rdues d&#8217;activitat com a conseq\u00fc\u00e8ncia de l&#8217;COVID-19, que impliquin suspensi\u00f3 o cancel\u00b7laci\u00f3 d&#8217;activitats, tancament temporal de locals d&#8217;aflu\u00e8ncia p\u00fablica, restriccions en el transport p\u00fablic i, en general, de la mobilitat de les persones i \/ o mercaderies, manca de subministraments que impedeixin greument continuar amb el desenvolupament ordinari de l&#8217;activitat, o b\u00e9 situacions urgents i extraordin\u00e0ries a causa de el contagi de la plantilla o mesures d&#8217;a\u00efllament preventiu &#8220;.Totes les activitats doncs que puguin acreditar aquestes circumst\u00e0ncies, i repeteixo i molt important, puguin acreditar aquesta situaci\u00f3 amb la deguda documentaci\u00f3, poden tamb\u00e9 tractar de acollir-se a L&#8217;ERTE per for\u00e7a major. A difer\u00e8ncia de les activitats ja directament suspeses, que no necessiten acreditaci\u00f3, en aquests casos haurem de justificar molt b\u00e9 perqu\u00e8 vam demanar el ERTE i acreditar-ho amb la major documentaci\u00f3 que sigui possible.<\/li>\n<li>Insistim tamb\u00e9 en que aquelles activitats no obligades a tancar o que no puguin acreditar la suspensi\u00f3 i cancel\u00b7laci\u00f3 pr\u00e0cticament total de la seva activitat, es poden plantejar altres tipus de ERTE\u00a0 per temes productius i organitzatius, descens de facturaci\u00f3, etc &#8230; per\u00f2 entrar\u00edem en un procediment m\u00e9s complex, de negociaci\u00f3 amb treballadors i no &#8220;expr\u00e9s&#8221; com \u00e9s el cas de for\u00e7a major.<\/li>\n<li>Exoneraci\u00f3 de el pagament de la quota empresarial de Seguretat Social pels treballadors (100% per a empreses amb menys de 50 treballadors, i 75% d&#8217;exoneraci\u00f3 per a empreses de m\u00e9s 50 treballadors), per\u00f2 IMPORTANT, per a aquelles empreses que estan immerses en un expedient de suspensi\u00f3 de contractes autoritzats basant-se for\u00e7a major vinculada a l&#8217;COVID-19. Caldr\u00e0 sol\u00b7licitar expressament l&#8217;exoneraci\u00f3 per a cada empresa implicada en un ERTE.<br \/>\nA <span style=\"text-decoration: underline;\">DESTACAR<\/span>: la conclusi\u00f3 que podem treure en negatiu \u00e9s que ni els aut\u00f2noms que decideixin o puguin continuar amb la seva activitat, b\u00e9 perqu\u00e8 per sort poden continuar exercint, o b\u00e9 perqu\u00e8 no poden acreditar un cessament d&#8217;activitat com aclar\u00edem abans, no tindran dret a exoneraci\u00f3 de pagament de quota d&#8217;aut\u00f2noms, amb la qual cosa A DIA d&#8217;AVUI i si no hi ha m\u00e9s mesures, continuaran pagant. Igualment per a les empreses amb treballadors, ja que les \u00faniques empreses exonerades de l&#8217;pagament de Seguretat Social seran aquelles que estiguin incloses en procediments \/ expedients de regulaci\u00f3 d&#8217;ocupaci\u00f3 per FOR\u00c7A MAJOR.<\/li>\n<li>Se segueix optant i prioritzant el treball a dist\u00e0ncia per a totes les empreses que tinguin la possibilitat de gestionar el teletreball amb els seus empleats<\/li>\n<li>Dret d&#8217;adaptaci\u00f3 de l&#8217;horari i reducci\u00f3 de jornada dels treballadors, fins al 100% de la jornada, per deures de cura respecte de el c\u00f2njuge o parella de fet, aix\u00ed com respecte dels familiars per consanguinitat fins al segon grau, \u00f2bviament a causa o quan concorrin circumst\u00e0ncies excepcionals relacionades amb les actuacions necess\u00e0ries per evitar la transmissi\u00f3 comunit\u00e0ria de l&#8217;COVID-19. Hauran de ser causes justificades i tindran la proporcional reducci\u00f3 de salari base de la reducci\u00f3 de jornada que es precisi.<\/li>\n<\/ul>\n<p>FINANCERES:<\/p>\n<ol>\n<li>Hipoteques: ajornament \/ morat\u00f2ria de quotes deute hipotecari per a l&#8217;adquisici\u00f3 d&#8217;habitatge habitual. S&#8217;aplicaran als pr\u00e9stecs \/ hipoteques el deutor, i aqu\u00ed el m\u00e9s important, es trobi en els sup\u00f2sits de vulnerabilitat econ\u00f2mica, que es podran consultar a l&#8217;article 9 de l&#8217;actual Reial Decret comentat, i el link adjuntem a la fi de el present comunicat. No aprofundim m\u00e9s en aquesta mesura, ja que la nostra gesti\u00f3 i assessorament va orientada a les activitats econ\u00f2miques d&#8217;empresaris i aut\u00f2noms.<\/li>\n<li>L\u00ednia d&#8217;avals per a les empreses i aut\u00f2noms per pal\u00b7liar els efectes econ\u00f2mics &#8211; pr\u00e9stecs ICO. Ja que seran avals al finan\u00e7ament que el Ministeri d&#8217;Afers Econ\u00f2mics i Transformaci\u00f3 Digital atorgar\u00e0 a les entitats de cr\u00e8dit i establiments financers, creiem m\u00e9s convenient redirigir la informaci\u00f3 que es pot obtenir a aquestes mateixes entitats banc\u00e0ries, ja que a dia d&#8217;avui nosaltres no disposem de m\u00e9s informaci\u00f3. Algunes de les necessitats que es podran acreditar per sol\u00b7licitar aquests pr\u00e9stecs ICO seran la gesti\u00f3 de factures, necessitat de circulant, venciments d&#8217;obligacions financeres o tribut\u00e0ries o altres necessitats de liquiditat.<\/li>\n<li>Subvenci\u00f3 de 2.000 euros m\u00e0xim, per a aut\u00f2noms a Catalunya, pendent de desenvolupament i tramitaci\u00f3.<\/li>\n<\/ol>\n<p>&nbsp;<\/p>\n<p>link ?? https:\/\/www.boe.es\/boe\/dias\/2020\/03\/18\/pdfs\/BOE-A-2020-3824.pdf<\/p>\n","protected":false},"excerpt":{"rendered":"<p>Bona tarda a tothom, Com molts de vosaltres ja coneixeu avui ve publicat al BOE de 18 de Mar\u00e7 2020 les noves mesures adoptades pel Govern per a ajudes a empreses i aut\u00f2noms en relaci\u00f3 amb la crisi del Coronavirus, aqu\u00ed us detallem els principals&#8230;<\/p>\n","protected":false},"author":2,"featured_media":1005,"comment_status":"open","ping_status":"open","sticky":false,"template":"","format":"standard","meta":{"footnotes":""},"categories":[4],"tags":[453],"class_list":["post-999","post","type-post","status-publish","format-standard","has-post-thumbnail","hentry","category-noticies","tag-coronavirus-ca"],"yoast_head":"<!-- This site is optimized with the Yoast SEO plugin v24.3 - https:\/\/yoast.com\/wordpress\/plugins\/seo\/ -->\n<title>IMPORTANT: NOVES MESURES ECON\u00d2MIQUES I AJUDES ADOPTADES PER A EMPRESES I AUT\u00d2NOMS PUBLICADES AVUI DIMECRES 18 MAR\u00c7 2020 - COVID19 | Arias Assessors<\/title>\n<meta name=\"robots\" content=\"index, follow, max-snippet:-1, max-image-preview:large, max-video-preview:-1\" \/>\n<link rel=\"canonical\" href=\"https:\/\/www.ariasassessors.com\/ca\/important-noves-mesures-economiques-i-ajudes-adoptades-per-a-empreses-i-autonoms-publicades-avui-dimecres-18-marc-2020-covid19\/\" \/>\n<meta property=\"og:locale\" content=\"ca_ES\" \/>\n<meta property=\"og:type\" content=\"article\" \/>\n<meta property=\"og:title\" content=\"IMPORTANT: NOVES MESURES ECON\u00d2MIQUES I AJUDES ADOPTADES PER A EMPRESES I AUT\u00d2NOMS PUBLICADES AVUI DIMECRES 18 MAR\u00c7 2020 - COVID19 | Arias Assessors\" \/>\n<meta property=\"og:description\" content=\"Bona tarda a tothom, Com molts de vosaltres ja coneixeu avui ve publicat al BOE de 18 de Mar\u00e7 2020 les noves mesures adoptades pel Govern per a ajudes a empreses i aut\u00f2noms en relaci\u00f3 amb la crisi del Coronavirus, aqu\u00ed us detallem els principals...\" \/>\n<meta property=\"og:url\" content=\"https:\/\/www.ariasassessors.com\/ca\/important-noves-mesures-economiques-i-ajudes-adoptades-per-a-empreses-i-autonoms-publicades-avui-dimecres-18-marc-2020-covid19\/\" \/>\n<meta property=\"og:site_name\" content=\"Arias Assessors\" \/>\n<meta property=\"article:publisher\" content=\"https:\/\/www.facebook.com\/ariasassessors\/\" \/>\n<meta property=\"article:published_time\" content=\"2020-03-18T13:09:01+00:00\" \/>\n<meta property=\"article:modified_time\" content=\"2020-03-18T14:38:00+00:00\" \/>\n<meta property=\"og:image\" content=\"https:\/\/www.ariasassessors.com\/wp-content\/uploads\/2020\/03\/marvin-meyer-SYTO3xs06fU-unsplash-1024x683.jpg\" \/>\n\t<meta property=\"og:image:width\" content=\"1024\" \/>\n\t<meta property=\"og:image:height\" content=\"683\" \/>\n\t<meta property=\"og:image:type\" content=\"image\/jpeg\" \/>\n<meta name=\"author\" content=\"btorras\" \/>\n<meta name=\"twitter:card\" content=\"summary_large_image\" \/>\n<meta name=\"twitter:creator\" content=\"@ariasassessors\" \/>\n<meta name=\"twitter:site\" content=\"@ariasassessors\" \/>\n<meta name=\"twitter:label1\" content=\"Escrit per\" \/>\n\t<meta name=\"twitter:data1\" content=\"btorras\" \/>\n\t<meta name=\"twitter:label2\" content=\"Temps estimat de lectura\" \/>\n\t<meta name=\"twitter:data2\" content=\"6 minuts\" \/>\n<script type=\"application\/ld+json\" class=\"yoast-schema-graph\">{\"@context\":\"https:\/\/schema.org\",\"@graph\":[{\"@type\":\"Article\",\"@id\":\"https:\/\/www.ariasassessors.com\/ca\/important-noves-mesures-economiques-i-ajudes-adoptades-per-a-empreses-i-autonoms-publicades-avui-dimecres-18-marc-2020-covid19\/#article\",\"isPartOf\":{\"@id\":\"https:\/\/www.ariasassessors.com\/ca\/important-noves-mesures-economiques-i-ajudes-adoptades-per-a-empreses-i-autonoms-publicades-avui-dimecres-18-marc-2020-covid19\/\"},\"author\":{\"name\":\"btorras\",\"@id\":\"https:\/\/www.ariasassessors.com\/#\/schema\/person\/63c6ad1775f0a9413c37932562673cef\"},\"headline\":\"IMPORTANT: NOVES MESURES ECON\u00d2MIQUES I AJUDES ADOPTADES PER A EMPRESES I AUT\u00d2NOMS PUBLICADES AVUI DIMECRES 18 MAR\u00c7 2020 &#8211; COVID19\",\"datePublished\":\"2020-03-18T13:09:01+00:00\",\"dateModified\":\"2020-03-18T14:38:00+00:00\",\"mainEntityOfPage\":{\"@id\":\"https:\/\/www.ariasassessors.com\/ca\/important-noves-mesures-economiques-i-ajudes-adoptades-per-a-empreses-i-autonoms-publicades-avui-dimecres-18-marc-2020-covid19\/\"},\"wordCount\":1232,\"commentCount\":0,\"publisher\":{\"@id\":\"https:\/\/www.ariasassessors.com\/#organization\"},\"image\":{\"@id\":\"https:\/\/www.ariasassessors.com\/ca\/important-noves-mesures-economiques-i-ajudes-adoptades-per-a-empreses-i-autonoms-publicades-avui-dimecres-18-marc-2020-covid19\/#primaryimage\"},\"thumbnailUrl\":\"https:\/\/www.ariasassessors.com\/wp-content\/uploads\/2020\/03\/marvin-meyer-SYTO3xs06fU-unsplash.jpg\",\"keywords\":[\"COVID\"],\"articleSection\":[\"noticies\"],\"inLanguage\":\"ca\",\"potentialAction\":[{\"@type\":\"CommentAction\",\"name\":\"Comment\",\"target\":[\"https:\/\/www.ariasassessors.com\/ca\/important-noves-mesures-economiques-i-ajudes-adoptades-per-a-empreses-i-autonoms-publicades-avui-dimecres-18-marc-2020-covid19\/#respond\"]}]},{\"@type\":\"WebPage\",\"@id\":\"https:\/\/www.ariasassessors.com\/ca\/important-noves-mesures-economiques-i-ajudes-adoptades-per-a-empreses-i-autonoms-publicades-avui-dimecres-18-marc-2020-covid19\/\",\"url\":\"https:\/\/www.ariasassessors.com\/ca\/important-noves-mesures-economiques-i-ajudes-adoptades-per-a-empreses-i-autonoms-publicades-avui-dimecres-18-marc-2020-covid19\/\",\"name\":\"IMPORTANT: NOVES MESURES ECON\u00d2MIQUES I AJUDES ADOPTADES PER A EMPRESES I AUT\u00d2NOMS PUBLICADES AVUI DIMECRES 18 MAR\u00c7 2020 - COVID19 | Arias Assessors\",\"isPartOf\":{\"@id\":\"https:\/\/www.ariasassessors.com\/#website\"},\"primaryImageOfPage\":{\"@id\":\"https:\/\/www.ariasassessors.com\/ca\/important-noves-mesures-economiques-i-ajudes-adoptades-per-a-empreses-i-autonoms-publicades-avui-dimecres-18-marc-2020-covid19\/#primaryimage\"},\"image\":{\"@id\":\"https:\/\/www.ariasassessors.com\/ca\/important-noves-mesures-economiques-i-ajudes-adoptades-per-a-empreses-i-autonoms-publicades-avui-dimecres-18-marc-2020-covid19\/#primaryimage\"},\"thumbnailUrl\":\"https:\/\/www.ariasassessors.com\/wp-content\/uploads\/2020\/03\/marvin-meyer-SYTO3xs06fU-unsplash.jpg\",\"datePublished\":\"2020-03-18T13:09:01+00:00\",\"dateModified\":\"2020-03-18T14:38:00+00:00\",\"breadcrumb\":{\"@id\":\"https:\/\/www.ariasassessors.com\/ca\/important-noves-mesures-economiques-i-ajudes-adoptades-per-a-empreses-i-autonoms-publicades-avui-dimecres-18-marc-2020-covid19\/#breadcrumb\"},\"inLanguage\":\"ca\",\"potentialAction\":[{\"@type\":\"ReadAction\",\"target\":[\"https:\/\/www.ariasassessors.com\/ca\/important-noves-mesures-economiques-i-ajudes-adoptades-per-a-empreses-i-autonoms-publicades-avui-dimecres-18-marc-2020-covid19\/\"]}]},{\"@type\":\"ImageObject\",\"inLanguage\":\"ca\",\"@id\":\"https:\/\/www.ariasassessors.com\/ca\/important-noves-mesures-economiques-i-ajudes-adoptades-per-a-empreses-i-autonoms-publicades-avui-dimecres-18-marc-2020-covid19\/#primaryimage\",\"url\":\"https:\/\/www.ariasassessors.com\/wp-content\/uploads\/2020\/03\/marvin-meyer-SYTO3xs06fU-unsplash.jpg\",\"contentUrl\":\"https:\/\/www.ariasassessors.com\/wp-content\/uploads\/2020\/03\/marvin-meyer-SYTO3xs06fU-unsplash.jpg\",\"width\":2560,\"height\":1707,\"caption\":\"mesures 18\/03\/20\"},{\"@type\":\"BreadcrumbList\",\"@id\":\"https:\/\/www.ariasassessors.com\/ca\/important-noves-mesures-economiques-i-ajudes-adoptades-per-a-empreses-i-autonoms-publicades-avui-dimecres-18-marc-2020-covid19\/#breadcrumb\",\"itemListElement\":[{\"@type\":\"ListItem\",\"position\":1,\"name\":\"Portada\",\"item\":\"https:\/\/www.ariasassessors.com\/ca\/\"},{\"@type\":\"ListItem\",\"position\":2,\"name\":\"IMPORTANT: NOVES MESURES ECON\u00d2MIQUES I AJUDES ADOPTADES PER A EMPRESES I AUT\u00d2NOMS PUBLICADES AVUI DIMECRES 18 MAR\u00c7 2020 &#8211; COVID19\"}]},{\"@type\":\"WebSite\",\"@id\":\"https:\/\/www.ariasassessors.com\/#website\",\"url\":\"https:\/\/www.ariasassessors.com\/\",\"name\":\"Arias Assessors\",\"description\":\"Asesor\u00eda para aut\u00f3nomos, profesionales y PYMES\",\"publisher\":{\"@id\":\"https:\/\/www.ariasassessors.com\/#organization\"},\"potentialAction\":[{\"@type\":\"SearchAction\",\"target\":{\"@type\":\"EntryPoint\",\"urlTemplate\":\"https:\/\/www.ariasassessors.com\/?s={search_term_string}\"},\"query-input\":{\"@type\":\"PropertyValueSpecification\",\"valueRequired\":true,\"valueName\":\"search_term_string\"}}],\"inLanguage\":\"ca\"},{\"@type\":\"Organization\",\"@id\":\"https:\/\/www.ariasassessors.com\/#organization\",\"name\":\"Arias Assessors\",\"url\":\"https:\/\/www.ariasassessors.com\/\",\"logo\":{\"@type\":\"ImageObject\",\"inLanguage\":\"ca\",\"@id\":\"https:\/\/www.ariasassessors.com\/#\/schema\/logo\/image\/\",\"url\":\"https:\/\/www.ariasassessors.com\/wp-content\/uploads\/2019\/01\/arias-logo.png\",\"contentUrl\":\"https:\/\/www.ariasassessors.com\/wp-content\/uploads\/2019\/01\/arias-logo.png\",\"width\":349,\"height\":254,\"caption\":\"Arias Assessors\"},\"image\":{\"@id\":\"https:\/\/www.ariasassessors.com\/#\/schema\/logo\/image\/\"},\"sameAs\":[\"https:\/\/www.facebook.com\/ariasassessors\/\",\"https:\/\/x.com\/ariasassessors\",\"https:\/\/www.linkedin.com\/company\/r&amp;amp;r-growing-knowledge\/\"]},{\"@type\":\"Person\",\"@id\":\"https:\/\/www.ariasassessors.com\/#\/schema\/person\/63c6ad1775f0a9413c37932562673cef\",\"name\":\"btorras\",\"image\":{\"@type\":\"ImageObject\",\"inLanguage\":\"ca\",\"@id\":\"https:\/\/www.ariasassessors.com\/#\/schema\/person\/image\/\",\"url\":\"https:\/\/secure.gravatar.com\/avatar\/0531db351fc361fdbfd204c58fa2d6a3?s=96&d=mm&r=g\",\"contentUrl\":\"https:\/\/secure.gravatar.com\/avatar\/0531db351fc361fdbfd204c58fa2d6a3?s=96&d=mm&r=g\",\"caption\":\"btorras\"}}]}<\/script>\n<!-- \/ Yoast SEO plugin. -->","yoast_head_json":{"title":"IMPORTANT: NOVES MESURES ECON\u00d2MIQUES I AJUDES ADOPTADES PER A EMPRESES I AUT\u00d2NOMS PUBLICADES AVUI DIMECRES 18 MAR\u00c7 2020 - COVID19 | Arias Assessors","robots":{"index":"index","follow":"follow","max-snippet":"max-snippet:-1","max-image-preview":"max-image-preview:large","max-video-preview":"max-video-preview:-1"},"canonical":"https:\/\/www.ariasassessors.com\/ca\/important-noves-mesures-economiques-i-ajudes-adoptades-per-a-empreses-i-autonoms-publicades-avui-dimecres-18-marc-2020-covid19\/","og_locale":"ca_ES","og_type":"article","og_title":"IMPORTANT: NOVES MESURES ECON\u00d2MIQUES I AJUDES ADOPTADES PER A EMPRESES I AUT\u00d2NOMS PUBLICADES AVUI DIMECRES 18 MAR\u00c7 2020 - COVID19 | Arias Assessors","og_description":"Bona tarda a tothom, Com molts de vosaltres ja coneixeu avui ve publicat al BOE de 18 de Mar\u00e7 2020 les noves mesures adoptades pel Govern per a ajudes a empreses i aut\u00f2noms en relaci\u00f3 amb la crisi del Coronavirus, aqu\u00ed us detallem els principals...","og_url":"https:\/\/www.ariasassessors.com\/ca\/important-noves-mesures-economiques-i-ajudes-adoptades-per-a-empreses-i-autonoms-publicades-avui-dimecres-18-marc-2020-covid19\/","og_site_name":"Arias Assessors","article_publisher":"https:\/\/www.facebook.com\/ariasassessors\/","article_published_time":"2020-03-18T13:09:01+00:00","article_modified_time":"2020-03-18T14:38:00+00:00","og_image":[{"width":1024,"height":683,"url":"https:\/\/www.ariasassessors.com\/wp-content\/uploads\/2020\/03\/marvin-meyer-SYTO3xs06fU-unsplash-1024x683.jpg","type":"image\/jpeg"}],"author":"btorras","twitter_card":"summary_large_image","twitter_creator":"@ariasassessors","twitter_site":"@ariasassessors","twitter_misc":{"Escrit per":"btorras","Temps estimat de lectura":"6 minuts"},"schema":{"@context":"https:\/\/schema.org","@graph":[{"@type":"Article","@id":"https:\/\/www.ariasassessors.com\/ca\/important-noves-mesures-economiques-i-ajudes-adoptades-per-a-empreses-i-autonoms-publicades-avui-dimecres-18-marc-2020-covid19\/#article","isPartOf":{"@id":"https:\/\/www.ariasassessors.com\/ca\/important-noves-mesures-economiques-i-ajudes-adoptades-per-a-empreses-i-autonoms-publicades-avui-dimecres-18-marc-2020-covid19\/"},"author":{"name":"btorras","@id":"https:\/\/www.ariasassessors.com\/#\/schema\/person\/63c6ad1775f0a9413c37932562673cef"},"headline":"IMPORTANT: NOVES MESURES ECON\u00d2MIQUES I AJUDES ADOPTADES PER A EMPRESES I AUT\u00d2NOMS PUBLICADES AVUI DIMECRES 18 MAR\u00c7 2020 &#8211; COVID19","datePublished":"2020-03-18T13:09:01+00:00","dateModified":"2020-03-18T14:38:00+00:00","mainEntityOfPage":{"@id":"https:\/\/www.ariasassessors.com\/ca\/important-noves-mesures-economiques-i-ajudes-adoptades-per-a-empreses-i-autonoms-publicades-avui-dimecres-18-marc-2020-covid19\/"},"wordCount":1232,"commentCount":0,"publisher":{"@id":"https:\/\/www.ariasassessors.com\/#organization"},"image":{"@id":"https:\/\/www.ariasassessors.com\/ca\/important-noves-mesures-economiques-i-ajudes-adoptades-per-a-empreses-i-autonoms-publicades-avui-dimecres-18-marc-2020-covid19\/#primaryimage"},"thumbnailUrl":"https:\/\/www.ariasassessors.com\/wp-content\/uploads\/2020\/03\/marvin-meyer-SYTO3xs06fU-unsplash.jpg","keywords":["COVID"],"articleSection":["noticies"],"inLanguage":"ca","potentialAction":[{"@type":"CommentAction","name":"Comment","target":["https:\/\/www.ariasassessors.com\/ca\/important-noves-mesures-economiques-i-ajudes-adoptades-per-a-empreses-i-autonoms-publicades-avui-dimecres-18-marc-2020-covid19\/#respond"]}]},{"@type":"WebPage","@id":"https:\/\/www.ariasassessors.com\/ca\/important-noves-mesures-economiques-i-ajudes-adoptades-per-a-empreses-i-autonoms-publicades-avui-dimecres-18-marc-2020-covid19\/","url":"https:\/\/www.ariasassessors.com\/ca\/important-noves-mesures-economiques-i-ajudes-adoptades-per-a-empreses-i-autonoms-publicades-avui-dimecres-18-marc-2020-covid19\/","name":"IMPORTANT: NOVES MESURES ECON\u00d2MIQUES I AJUDES ADOPTADES PER A EMPRESES I AUT\u00d2NOMS PUBLICADES AVUI DIMECRES 18 MAR\u00c7 2020 - COVID19 | Arias Assessors","isPartOf":{"@id":"https:\/\/www.ariasassessors.com\/#website"},"primaryImageOfPage":{"@id":"https:\/\/www.ariasassessors.com\/ca\/important-noves-mesures-economiques-i-ajudes-adoptades-per-a-empreses-i-autonoms-publicades-avui-dimecres-18-marc-2020-covid19\/#primaryimage"},"image":{"@id":"https:\/\/www.ariasassessors.com\/ca\/important-noves-mesures-economiques-i-ajudes-adoptades-per-a-empreses-i-autonoms-publicades-avui-dimecres-18-marc-2020-covid19\/#primaryimage"},"thumbnailUrl":"https:\/\/www.ariasassessors.com\/wp-content\/uploads\/2020\/03\/marvin-meyer-SYTO3xs06fU-unsplash.jpg","datePublished":"2020-03-18T13:09:01+00:00","dateModified":"2020-03-18T14:38:00+00:00","breadcrumb":{"@id":"https:\/\/www.ariasassessors.com\/ca\/important-noves-mesures-economiques-i-ajudes-adoptades-per-a-empreses-i-autonoms-publicades-avui-dimecres-18-marc-2020-covid19\/#breadcrumb"},"inLanguage":"ca","potentialAction":[{"@type":"ReadAction","target":["https:\/\/www.ariasassessors.com\/ca\/important-noves-mesures-economiques-i-ajudes-adoptades-per-a-empreses-i-autonoms-publicades-avui-dimecres-18-marc-2020-covid19\/"]}]},{"@type":"ImageObject","inLanguage":"ca","@id":"https:\/\/www.ariasassessors.com\/ca\/important-noves-mesures-economiques-i-ajudes-adoptades-per-a-empreses-i-autonoms-publicades-avui-dimecres-18-marc-2020-covid19\/#primaryimage","url":"https:\/\/www.ariasassessors.com\/wp-content\/uploads\/2020\/03\/marvin-meyer-SYTO3xs06fU-unsplash.jpg","contentUrl":"https:\/\/www.ariasassessors.com\/wp-content\/uploads\/2020\/03\/marvin-meyer-SYTO3xs06fU-unsplash.jpg","width":2560,"height":1707,"caption":"mesures 18\/03\/20"},{"@type":"BreadcrumbList","@id":"https:\/\/www.ariasassessors.com\/ca\/important-noves-mesures-economiques-i-ajudes-adoptades-per-a-empreses-i-autonoms-publicades-avui-dimecres-18-marc-2020-covid19\/#breadcrumb","itemListElement":[{"@type":"ListItem","position":1,"name":"Portada","item":"https:\/\/www.ariasassessors.com\/ca\/"},{"@type":"ListItem","position":2,"name":"IMPORTANT: NOVES MESURES ECON\u00d2MIQUES I AJUDES ADOPTADES PER A EMPRESES I AUT\u00d2NOMS PUBLICADES AVUI DIMECRES 18 MAR\u00c7 2020 &#8211; COVID19"}]},{"@type":"WebSite","@id":"https:\/\/www.ariasassessors.com\/#website","url":"https:\/\/www.ariasassessors.com\/","name":"Arias Assessors","description":"Asesor\u00eda para aut\u00f3nomos, profesionales y PYMES","publisher":{"@id":"https:\/\/www.ariasassessors.com\/#organization"},"potentialAction":[{"@type":"SearchAction","target":{"@type":"EntryPoint","urlTemplate":"https:\/\/www.ariasassessors.com\/?s={search_term_string}"},"query-input":{"@type":"PropertyValueSpecification","valueRequired":true,"valueName":"search_term_string"}}],"inLanguage":"ca"},{"@type":"Organization","@id":"https:\/\/www.ariasassessors.com\/#organization","name":"Arias Assessors","url":"https:\/\/www.ariasassessors.com\/","logo":{"@type":"ImageObject","inLanguage":"ca","@id":"https:\/\/www.ariasassessors.com\/#\/schema\/logo\/image\/","url":"https:\/\/www.ariasassessors.com\/wp-content\/uploads\/2019\/01\/arias-logo.png","contentUrl":"https:\/\/www.ariasassessors.com\/wp-content\/uploads\/2019\/01\/arias-logo.png","width":349,"height":254,"caption":"Arias Assessors"},"image":{"@id":"https:\/\/www.ariasassessors.com\/#\/schema\/logo\/image\/"},"sameAs":["https:\/\/www.facebook.com\/ariasassessors\/","https:\/\/x.com\/ariasassessors","https:\/\/www.linkedin.com\/company\/r&amp;amp;r-growing-knowledge\/"]},{"@type":"Person","@id":"https:\/\/www.ariasassessors.com\/#\/schema\/person\/63c6ad1775f0a9413c37932562673cef","name":"btorras","image":{"@type":"ImageObject","inLanguage":"ca","@id":"https:\/\/www.ariasassessors.com\/#\/schema\/person\/image\/","url":"https:\/\/secure.gravatar.com\/avatar\/0531db351fc361fdbfd204c58fa2d6a3?s=96&d=mm&r=g","contentUrl":"https:\/\/secure.gravatar.com\/avatar\/0531db351fc361fdbfd204c58fa2d6a3?s=96&d=mm&r=g","caption":"btorras"}}]}},"_links":{"self":[{"href":"https:\/\/www.ariasassessors.com\/ca\/wp-json\/wp\/v2\/posts\/999","targetHints":{"allow":["GET"]}}],"collection":[{"href":"https:\/\/www.ariasassessors.com\/ca\/wp-json\/wp\/v2\/posts"}],"about":[{"href":"https:\/\/www.ariasassessors.com\/ca\/wp-json\/wp\/v2\/types\/post"}],"author":[{"embeddable":true,"href":"https:\/\/www.ariasassessors.com\/ca\/wp-json\/wp\/v2\/users\/2"}],"replies":[{"embeddable":true,"href":"https:\/\/www.ariasassessors.com\/ca\/wp-json\/wp\/v2\/comments?post=999"}],"version-history":[{"count":3,"href":"https:\/\/www.ariasassessors.com\/ca\/wp-json\/wp\/v2\/posts\/999\/revisions"}],"predecessor-version":[{"id":1007,"href":"https:\/\/www.ariasassessors.com\/ca\/wp-json\/wp\/v2\/posts\/999\/revisions\/1007"}],"wp:featuredmedia":[{"embeddable":true,"href":"https:\/\/www.ariasassessors.com\/ca\/wp-json\/wp\/v2\/media\/1005"}],"wp:attachment":[{"href":"https:\/\/www.ariasassessors.com\/ca\/wp-json\/wp\/v2\/media?parent=999"}],"wp:term":[{"taxonomy":"category","embeddable":true,"href":"https:\/\/www.ariasassessors.com\/ca\/wp-json\/wp\/v2\/categories?post=999"},{"taxonomy":"post_tag","embeddable":true,"href":"https:\/\/www.ariasassessors.com\/ca\/wp-json\/wp\/v2\/tags?post=999"}],"curies":[{"name":"wp","href":"https:\/\/api.w.org\/{rel}","templated":true}]}}